{"id":9202,"date":"2025-11-15T10:50:08","date_gmt":"2025-11-15T09:50:08","guid":{"rendered":"https:\/\/judobernanos.com\/wordpressloevan\/?p=9202"},"modified":"2025-11-20T10:56:39","modified_gmt":"2025-11-20T09:56:39","slug":"6eme-dan-judo","status":"publish","type":"post","link":"https:\/\/judobernanos.com\/wordpressloevan\/6eme-dan-judo\/","title":{"rendered":"Carole devient la premi\u00e8re 6\u00e8me dan du 76 !"},"content":{"rendered":"\t\t<div data-elementor-type=\"wp-post\" data-elementor-id=\"9202\" class=\"elementor elementor-9202\">\n\t\t\t\t\t\t<section class=\"elementor-section elementor-top-section elementor-element elementor-element-1fd1f59 elementor-section-boxed elementor-section-height-default elementor-section-height-default\" data-id=\"1fd1f59\" data-element_type=\"section\" data-e-type=\"section\">\n\t\t\t\t\t\t<div class=\"elementor-container elementor-column-gap-default\">\n\t\t\t\t\t<div class=\"elementor-column elementor-col-100 elementor-top-column elementor-element elementor-element-0f2f070\" data-id=\"0f2f070\" data-element_type=\"column\" data-e-type=\"column\">\n\t\t\t<div class=\"elementor-widget-wrap elementor-element-populated\">\n\t\t\t\t\t\t<div class=\"elementor-element elementor-element-a9077d3 elementor-widget elementor-widget-heading\" data-id=\"a9077d3\" data-element_type=\"widget\" data-e-type=\"widget\" data-widget_type=\"heading.default\">\n\t\t\t\t<div class=\"elementor-widget-container\">\n\t\t\t\t\t<h2 class=\"elementor-heading-title elementor-size-default\">CAROLE DEVIENT LA PREMIERE 6EME DAN DU 76 !<\/h2>\t\t\t\t<\/div>\n\t\t\t\t<\/div>\n\t\t\t\t\t<\/div>\n\t\t<\/div>\n\t\t\t\t\t<\/div>\n\t\t<\/section>\n\t\t\t\t<section class=\"elementor-section elementor-top-section elementor-element elementor-element-084e189 elementor-section-boxed elementor-section-height-default elementor-section-height-default\" data-id=\"084e189\" data-element_type=\"section\" data-e-type=\"section\">\n\t\t\t\t\t\t<div class=\"elementor-container elementor-column-gap-default\">\n\t\t\t\t\t<div class=\"elementor-column elementor-col-100 elementor-top-column elementor-element elementor-element-aab3205\" data-id=\"aab3205\" data-element_type=\"column\" data-e-type=\"column\">\n\t\t\t<div class=\"elementor-widget-wrap elementor-element-populated\">\n\t\t\t\t\t\t<div class=\"elementor-element elementor-element-d62b8f6 elementor-widget elementor-widget-text-editor\" data-id=\"d62b8f6\" data-element_type=\"widget\" data-e-type=\"widget\" data-widget_type=\"text-editor.default\">\n\t\t\t\t<div class=\"elementor-widget-container\">\n\t\t\t\t\t\t\t\t\t<div class=\"x14z9mp xat24cr x1lziwak x1vvkbs xtlvy1s x126k92a\"><div dir=\"auto\">Le Judo Bernanos est fier de compter parmi ses judoka une nouvelle 6\u00e8me dan ! Elle devient la 1\u00e8re femme du d\u00e9partement 76 \u00e0 obtenir ce grade. Carole Le Coadou passait en fin de journ\u00e9e son examen pour le 6\u00e8me dan avec ses partenaires : Mika\u00ebl pour le Koshiki-no-Kata, Alwena pour le Nage-Waza et Eleobane pour le Ne-Waza. Examen qu\u2019elle a valid\u00e9, nous attendons donc la remise maintenant.<\/div><div dir=\"auto\">\u00a0<\/div><\/div><div class=\"x14z9mp xat24cr x1lziwak x1vvkbs xtlvy1s x126k92a\"><div dir=\"auto\">Vous pouvez la f\u00e9liciter maintenant apr\u00e8s tout le travail qui a \u00e9t\u00e9 effectu\u00e9 pour ce passage !<\/div><\/div>\t\t\t\t\t\t\t\t<\/div>\n\t\t\t\t<\/div>\n\t\t\t\t\t<\/div>\n\t\t<\/div>\n\t\t\t\t\t<\/div>\n\t\t<\/section>\n\t\t\t\t<section class=\"elementor-section elementor-top-section elementor-element elementor-element-91e6dc2 elementor-section-boxed elementor-section-height-default elementor-section-height-default\" data-id=\"91e6dc2\" data-element_type=\"section\" data-e-type=\"section\">\n\t\t\t\t\t\t<div class=\"elementor-container elementor-column-gap-default\">\n\t\t\t\t\t<div class=\"elementor-column elementor-col-100 elementor-top-column elementor-element elementor-element-3504d21\" data-id=\"3504d21\" data-element_type=\"column\" data-e-type=\"column\">\n\t\t\t<div class=\"elementor-widget-wrap elementor-element-populated\">\n\t\t\t\t\t\t<div class=\"elementor-element elementor-element-4468bbd elementor-widget elementor-widget-testimonial\" data-id=\"4468bbd\" data-element_type=\"widget\" data-e-type=\"widget\" data-widget_type=\"testimonial.default\">\n\t\t\t\t<div class=\"elementor-widget-container\">\n\t\t\t\t\t\t\t<div class=\"elementor-testimonial-wrapper\">\n\t\t\t\t\t\t\t<div class=\"elementor-testimonial-content\">Papa,\ntu aurais \u00e9t\u00e9 fier de voir \u00e7a. Tu pensais qu\u2019on en \u00e9tait capables, qu\u2019on le m\u00e9ritait. Hier, Carole l\u2019a fait et d\u2019une tr\u00e8s belle mani\u00e8re si l\u2019on en croit le jury, parce que nous, on manque clairement d\u2019objectivit\u00e9.\nTu aurais sans doute \u00e9t\u00e9 \u00e9mu de la voir passer ce moment avec moi, ton fils, mais aussi avec tes deux petites-filles. Elles ont assur\u00e9, vraiment. Elles ont fait exactement ce qu\u2019il fallait. Le judo, c\u2019est la voie de la souplesse\u2026 et elles s\u2019y sont parfaitement adapt\u00e9es : gestion, disponibilit\u00e9, s\u00e9rieux dans leur r\u00f4le de uke.\nCarole est d\u00e9sormais 6e Dan, la premi\u00e8re de Seine-Maritime d\u2019apr\u00e8s ce que j\u2019ai pu lire. Elle, comme le reste de ta famille, continue simplement de faire vivre la passion que tu nous as transmise.\nMerci Papa. Merci Maman.\nEt merci \u00e0 toutes celles et tous ceux qui ont rendu tout \u00e7a possible.<\/div>\n\t\t\t\n\t\t\t\t\t\t<div class=\"elementor-testimonial-meta elementor-has-image elementor-testimonial-image-position-aside\">\n\t\t\t\t<div class=\"elementor-testimonial-meta-inner\">\n\t\t\t\t\t\t\t\t\t\t\t<div class=\"elementor-testimonial-image\">\n\t\t\t\t\t\t\t<img fetchpriority=\"high\" decoding=\"async\" width=\"2560\" height=\"2560\" src=\"https:\/\/judobernanos.com\/wordpressloevan\/wp-content\/uploads\/2025\/06\/EUROPE-KATA-2025-LE-COADOU-9-scaled.jpg\" class=\"attachment-full size-full wp-image-9022\" alt=\"\" srcset=\"https:\/\/judobernanos.com\/wordpressloevan\/wp-content\/uploads\/2025\/06\/EUROPE-KATA-2025-LE-COADOU-9-scaled.jpg 2560w, https:\/\/judobernanos.com\/wordpressloevan\/wp-content\/uploads\/2025\/06\/EUROPE-KATA-2025-LE-COADOU-9-300x300.jpg 300w, https:\/\/judobernanos.com\/wordpressloevan\/wp-content\/uploads\/2025\/06\/EUROPE-KATA-2025-LE-COADOU-9-1024x1024.jpg 1024w, https:\/\/judobernanos.com\/wordpressloevan\/wp-content\/uploads\/2025\/06\/EUROPE-KATA-2025-LE-COADOU-9-150x150.jpg 150w, https:\/\/judobernanos.com\/wordpressloevan\/wp-content\/uploads\/2025\/06\/EUROPE-KATA-2025-LE-COADOU-9-768x768.jpg 768w, https:\/\/judobernanos.com\/wordpressloevan\/wp-content\/uploads\/2025\/06\/EUROPE-KATA-2025-LE-COADOU-9-1536x1536.jpg 1536w, https:\/\/judobernanos.com\/wordpressloevan\/wp-content\/uploads\/2025\/06\/EUROPE-KATA-2025-LE-COADOU-9-2048x2048.jpg 2048w, https:\/\/judobernanos.com\/wordpressloevan\/wp-content\/uploads\/2025\/06\/EUROPE-KATA-2025-LE-COADOU-9-1x1.jpg 1w\" sizes=\"(max-width: 2560px) 100vw, 2560px\" \/>\t\t\t\t\t\t<\/div>\n\t\t\t\t\t\n\t\t\t\t\t\t\t\t\t\t<div class=\"elementor-testimonial-details\">\n\t\t\t\t\t\t\t\t\t\t\t\t\t\t<div class=\"elementor-testimonial-name\">Mika\u00ebl Le Coadou<\/div>\n\t\t\t\t\t\t\t\t\t\t\t\t\t\t\t\t\t\t\t\t\t\t<div class=\"elementor-testimonial-job\">Entra\u00eeneur, fr\u00e8re et partenaire<\/div>\n\t\t\t\t\t\t\t\t\t\t\t\t\t<\/div>\n\t\t\t\t\t\t\t\t\t<\/div>\n\t\t\t<\/div>\n\t\t\t\t\t<\/div>\n\t\t\t\t\t\t<\/div>\n\t\t\t\t<\/div>\n\t\t\t\t\t<\/div>\n\t\t<\/div>\n\t\t\t\t\t<\/div>\n\t\t<\/section>\n\t\t\t\t<section class=\"elementor-section elementor-top-section elementor-element elementor-element-3e5b774 elementor-section-boxed elementor-section-height-default elementor-section-height-default\" data-id=\"3e5b774\" data-element_type=\"section\" data-e-type=\"section\">\n\t\t\t\t\t\t<div class=\"elementor-container elementor-column-gap-default\">\n\t\t\t\t\t<div class=\"elementor-column elementor-col-100 elementor-top-column elementor-element elementor-element-030390f\" data-id=\"030390f\" data-element_type=\"column\" data-e-type=\"column\">\n\t\t\t<div class=\"elementor-widget-wrap elementor-element-populated\">\n\t\t\t\t\t\t<div class=\"elementor-element elementor-element-f814a5d elementor-arrows-position-inside elementor-pagination-position-outside elementor-widget elementor-widget-image-carousel\" data-id=\"f814a5d\" data-element_type=\"widget\" data-e-type=\"widget\" data-settings=\"{&quot;slides_to_show&quot;:&quot;2&quot;,&quot;navigation&quot;:&quot;both&quot;,&quot;autoplay&quot;:&quot;yes&quot;,&quot;pause_on_hover&quot;:&quot;yes&quot;,&quot;pause_on_interaction&quot;:&quot;yes&quot;,&quot;autoplay_speed&quot;:5000,&quot;infinite&quot;:&quot;yes&quot;,&quot;speed&quot;:500,&quot;image_spacing_custom&quot;:{&quot;unit&quot;:&quot;px&quot;,&quot;size&quot;:20,&quot;sizes&quot;:[]},&quot;image_spacing_custom_tablet&quot;:{&quot;unit&quot;:&quot;px&quot;,&quot;size&quot;:&quot;&quot;,&quot;sizes&quot;:[]},&quot;image_spacing_custom_mobile&quot;:{&quot;unit&quot;:&quot;px&quot;,&quot;size&quot;:&quot;&quot;,&quot;sizes&quot;:[]}}\" data-widget_type=\"image-carousel.default\">\n\t\t\t\t<div class=\"elementor-widget-container\">\n\t\t\t\t\t\t\t<div class=\"elementor-image-carousel-wrapper swiper\" role=\"region\" aria-roledescription=\"carousel\" aria-label=\"Carrousel d\u2019images\" dir=\"ltr\">\n\t\t\t<div class=\"elementor-image-carousel swiper-wrapper\" aria-live=\"off\">\n\t\t\t\t\t\t\t\t<div class=\"swiper-slide\" role=\"group\" aria-roledescription=\"slide\" aria-label=\"1 sur 5\"><figure class=\"swiper-slide-inner\"><img decoding=\"async\" class=\"swiper-slide-image\" src=\"https:\/\/judobernanos.com\/wordpressloevan\/wp-content\/uploads\/2025\/11\/583330001_1405504734909126_2556098880800082051_n-768x575.jpg\" alt=\"CAROLE LE COADOU - 6EME DAN - JUDO LE HAVRE\" \/><\/figure><\/div><div class=\"swiper-slide\" role=\"group\" aria-roledescription=\"slide\" aria-label=\"2 sur 5\"><figure class=\"swiper-slide-inner\"><img decoding=\"async\" class=\"swiper-slide-image\" src=\"https:\/\/judobernanos.com\/wordpressloevan\/wp-content\/uploads\/2025\/11\/585160156_1405506528242280_7135454880008813568_n-768x576.jpg\" alt=\"CAROLE LE COADOU - 6EME DAN - JUDO LE HAVRE\" \/><\/figure><\/div><div class=\"swiper-slide\" role=\"group\" aria-roledescription=\"slide\" aria-label=\"3 sur 5\"><figure class=\"swiper-slide-inner\"><img decoding=\"async\" class=\"swiper-slide-image\" src=\"https:\/\/judobernanos.com\/wordpressloevan\/wp-content\/uploads\/2025\/11\/584001497_1405506498242283_7168165448523125094_n-768x576.jpg\" alt=\"CAROLE LE COADOU - 6EME DAN - JUDO LE HAVRE\" \/><\/figure><\/div><div class=\"swiper-slide\" role=\"group\" aria-roledescription=\"slide\" aria-label=\"4 sur 5\"><figure class=\"swiper-slide-inner\"><img decoding=\"async\" class=\"swiper-slide-image\" src=\"https:\/\/judobernanos.com\/wordpressloevan\/wp-content\/uploads\/2025\/11\/584318206_1405506561575610_4942563932899091097_n-768x576.jpg\" alt=\"CAROLE LE COADOU - 6EME DAN - JUDO LE HAVRE\" \/><\/figure><\/div><div class=\"swiper-slide\" role=\"group\" aria-roledescription=\"slide\" aria-label=\"5 sur 5\"><figure class=\"swiper-slide-inner\"><img decoding=\"async\" class=\"swiper-slide-image\" src=\"https:\/\/judobernanos.com\/wordpressloevan\/wp-content\/uploads\/2025\/11\/584556011_1173194981579396_6262790656184597327_n.jpg\" alt=\"CAROLE LE COADOU - 6EME DAN - JUDO LE HAVRE\" \/><\/figure><\/div>\t\t\t<\/div>\n\t\t\t\t\t\t\t\t\t\t\t\t<div class=\"elementor-swiper-button elementor-swiper-button-prev\" role=\"button\" tabindex=\"0\">\n\t\t\t\t\t\t<svg aria-hidden=\"true\" class=\"e-font-icon-svg e-eicon-chevron-left\" viewBox=\"0 0 1000 1000\" xmlns=\"http:\/\/www.w3.org\/2000\/svg\"><path d=\"M646 125C629 125 613 133 604 142L308 442C296 454 292 471 292 487 292 504 296 521 308 533L604 854C617 867 629 875 646 875 663 875 679 871 692 858 704 846 713 829 713 812 713 796 708 779 692 767L438 487 692 225C700 217 708 204 708 187 708 171 704 154 692 142 675 129 663 125 646 125Z\"><\/path><\/svg>\t\t\t\t\t<\/div>\n\t\t\t\t\t<div class=\"elementor-swiper-button elementor-swiper-button-next\" role=\"button\" tabindex=\"0\">\n\t\t\t\t\t\t<svg aria-hidden=\"true\" class=\"e-font-icon-svg e-eicon-chevron-right\" viewBox=\"0 0 1000 1000\" xmlns=\"http:\/\/www.w3.org\/2000\/svg\"><path d=\"M696 533C708 521 713 504 713 487 713 471 708 454 696 446L400 146C388 133 375 125 354 125 338 125 325 129 313 142 300 154 292 171 292 187 292 204 296 221 308 233L563 492 304 771C292 783 288 800 288 817 288 833 296 850 308 863 321 871 338 875 354 875 371 875 388 867 400 854L696 533Z\"><\/path><\/svg>\t\t\t\t\t<\/div>\n\t\t\t\t\n\t\t\t\t\t\t\t\t\t<div class=\"swiper-pagination\"><\/div>\n\t\t\t\t\t\t\t\t\t<\/div>\n\t\t\t\t\t\t<\/div>\n\t\t\t\t<\/div>\n\t\t\t\t\t<\/div>\n\t\t<\/div>\n\t\t\t\t\t<\/div>\n\t\t<\/section>\n\t\t\t\t<section class=\"elementor-section elementor-top-section elementor-element elementor-element-effaf3f elementor-section-boxed elementor-section-height-default elementor-section-height-default\" data-id=\"effaf3f\" data-element_type=\"section\" data-e-type=\"section\">\n\t\t\t\t\t\t<div class=\"elementor-container elementor-column-gap-default\">\n\t\t\t\t\t<div class=\"elementor-column elementor-col-100 elementor-top-column elementor-element elementor-element-2bcaebc\" data-id=\"2bcaebc\" data-element_type=\"column\" data-e-type=\"column\">\n\t\t\t<div class=\"elementor-widget-wrap elementor-element-populated\">\n\t\t\t\t\t\t<div class=\"elementor-element elementor-element-7dc45d7 elementor-widget elementor-widget-testimonial\" data-id=\"7dc45d7\" data-element_type=\"widget\" data-e-type=\"widget\" data-widget_type=\"testimonial.default\">\n\t\t\t\t<div class=\"elementor-widget-container\">\n\t\t\t\t\t\t\t<div class=\"elementor-testimonial-wrapper\">\n\t\t\t\t\t\t\t<div class=\"elementor-testimonial-content\">Hier, j\u2019ai eu l\u2019immense honneur d\u2019\u00eatre promu 6\u00e8 Dan. Ce moment fort marque 50 ann\u00e9es de pratique, de passion et de rencontres. Une \u00e9tape qui me touche profond\u00e9ment.\nJe pense \u00e0 mon p\u00e8re. Il aurait \u00e9t\u00e9 fier de nous. C\u2019est lui qui disait : \u00ab Sans bon uke, il n\u2019y a pas de bon tori \u00bb. Cette phrase m\u2019a accompagn\u00e9e tout au long de cette pr\u00e9paration, et elle a pris tout son sens hier.\nJ\u2019ai ressenti beaucoup d\u2019\u00e9motion en passant avec mes uke : mon fr\u00e8re et mes ni\u00e8ces. Ces derni\u00e8res ont tellement grandi, m\u00fbri\u2026 Elles d\u00e9veloppent un judo d\u00e9li\u00e9, une forme de corps qui rappelle celui de leur papa, et celui de mon p\u00e8re.\nCe passage n\u2019aurait jamais \u00e9t\u00e9 aussi r\u00e9ussi sans vous.\nUn immense merci \u00e0 mes trois partenaires Mika\u00ebl, Alwena, Eleobane : disponibles, rassurants, exigeants. Ils \u00e9taient l\u00e0 hier, sur le tapis, avec une belle pr\u00e9sence, une belle \u00e9nergie. Gr\u00e2ce \u00e0 eux, j\u2019ai pu me sentir sereine.\nMerci aussi \u00e0 mes partenaires de l\u2019ann\u00e9e derni\u00e8re (Loevan et Thierry), avec qui j\u2019ai commenc\u00e9 \u00e0 pr\u00e9parer cette \u00e9tape. Et un clin d\u2019\u0153il \u00e0 Mohamed, qui m\u2019a remis sur pied.\nMerci \u00e0 ma famille \u2013 mon p\u00e8re, ma m\u00e8re, mes fr\u00e8res \u2013 sans qui je n\u2019aurais peut-\u00eatre jamais fait ce chemin. Leur pr\u00e9sence, leur soutien et leur exemple ont \u00e9t\u00e9 les fondations de mon parcours.\nMerci \u00e0 toutes les personnes qui m\u2019ont soutenu, de pr\u00e8s ou de loin. Votre \u00e9nergie m\u2019a port\u00e9.\nEt je tiens \u00e0 remercier encore Mika\u00ebl. Sans lui, rien de tout cela n\u2019aurait \u00e9t\u00e9 possible. Il a consacr\u00e9 beaucoup de son temps pour m\u2019enseigner le Koshiki no kata. Merci d\u2019\u00eatre entier, direct, sans d\u00e9tour. Merci pour ta rigueur, ta franchise et ta capacit\u00e9 \u00e0 aller droit au but. Tes critiques, toujours pr\u00e9cises mais \u00e9galement bienveillantes, m\u2019ont permis d\u2019avancer et de progresser.\nMerci pour tout ce temps, pour m\u2019avoir port\u00e9e, boost\u00e9e, et permis de franchir cette \u00e9tape.<\/div>\n\t\t\t\n\t\t\t\t\t\t<div class=\"elementor-testimonial-meta elementor-has-image elementor-testimonial-image-position-aside\">\n\t\t\t\t<div class=\"elementor-testimonial-meta-inner\">\n\t\t\t\t\t\t\t\t\t\t\t<div class=\"elementor-testimonial-image\">\n\t\t\t\t\t\t\t<img decoding=\"async\" width=\"526\" height=\"701\" src=\"https:\/\/judobernanos.com\/wordpressloevan\/wp-content\/uploads\/2025\/11\/584556011_1173194981579396_6262790656184597327_n.jpg\" class=\"attachment-full size-full wp-image-9181\" alt=\"CAROLE LE COADOU - 6EME DAN - JUDO LE HAVRE\" srcset=\"https:\/\/judobernanos.com\/wordpressloevan\/wp-content\/uploads\/2025\/11\/584556011_1173194981579396_6262790656184597327_n.jpg 526w, https:\/\/judobernanos.com\/wordpressloevan\/wp-content\/uploads\/2025\/11\/584556011_1173194981579396_6262790656184597327_n-225x300.jpg 225w, https:\/\/judobernanos.com\/wordpressloevan\/wp-content\/uploads\/2025\/11\/584556011_1173194981579396_6262790656184597327_n-1x1.jpg 1w\" sizes=\"(max-width: 526px) 100vw, 526px\" \/>\t\t\t\t\t\t<\/div>\n\t\t\t\t\t\n\t\t\t\t\t\t\t\t\t\t<div class=\"elementor-testimonial-details\">\n\t\t\t\t\t\t\t\t\t\t\t\t\t\t<div class=\"elementor-testimonial-name\">Carole Le Coadou<\/div>\n\t\t\t\t\t\t\t\t\t\t\t\t\t\t\t\t\t\t\t\t\t\t<div class=\"elementor-testimonial-job\">Entra\u00eeneur<\/div>\n\t\t\t\t\t\t\t\t\t\t\t\t\t<\/div>\n\t\t\t\t\t\t\t\t\t<\/div>\n\t\t\t<\/div>\n\t\t\t\t\t<\/div>\n\t\t\t\t\t\t<\/div>\n\t\t\t\t<\/div>\n\t\t\t\t\t<\/div>\n\t\t<\/div>\n\t\t\t\t\t<\/div>\n\t\t<\/section>\n\t\t\t\t<\/div>\n\t\t","protected":false},"excerpt":{"rendered":"<p>CAROLE DEVIENT LA PREMIERE 6EME DAN DU 76 ! Le Judo Bernanos est fier de compter parmi ses judoka une nouvelle 6\u00e8me dan ! Elle devient la 1\u00e8re femme du d\u00e9partement 76 \u00e0 obtenir ce grade. Carole Le Coadou passait en fin de journ\u00e9e son examen pour le 6\u00e8me dan avec ses partenaires : Mika\u00ebl&hellip;&nbsp;<a href=\"https:\/\/judobernanos.com\/wordpressloevan\/6eme-dan-judo\/\" rel=\"bookmark\"><span class=\"screen-reader-text\">Carole devient la premi\u00e8re 6\u00e8me dan du 76 !<\/span><\/a><\/p>\n","protected":false},"author":1,"featured_media":9184,"comment_status":"closed","ping_status":"closed","sticky":false,"template":"","format":"standard","meta":{"_monsterinsights_skip_tracking":false,"_monsterinsights_sitenote_active":false,"_monsterinsights_sitenote_note":"","_monsterinsights_sitenote_category":0,"neve_meta_sidebar":"","neve_meta_container":"","neve_meta_enable_content_width":"","neve_meta_content_width":0,"neve_meta_title_alignment":"","neve_meta_author_avatar":"","neve_post_elements_order":"","neve_meta_disable_header":"","neve_meta_disable_footer":"","neve_meta_disable_title":"","footnotes":""},"categories":[30,67],"tags":[],"class_list":["post-9202","post","type-post","status-publish","format-standard","has-post-thumbnail","hentry","category-competitions-passages-de-grade","category-saison-2025-2026"],"yoast_head":"<!-- This site is optimized with the Yoast SEO plugin v27.5 - https:\/\/yoast.com\/product\/yoast-seo-wordpress\/ -->\n<title>Carole devient la premi\u00e8re 6\u00e8me dan du 76 ! - JUDO BERNANOS<\/title>\n<meta name=\"description\" content=\"Carole devient la premi\u00e8re 6\u00e8me dan du 76 ! - Le Judo Bernanos est fier de compter parmi ses judoka une nouvelle 6\u00e8me dan !\" \/>\n<meta name=\"robots\" content=\"index, follow, max-snippet:-1, max-image-preview:large, max-video-preview:-1\" \/>\n<link rel=\"canonical\" href=\"https:\/\/judobernanos.com\/wordpressloevan\/6eme-dan-judo\/\" \/>\n<meta property=\"og:locale\" content=\"fr_FR\" \/>\n<meta property=\"og:type\" content=\"article\" \/>\n<meta property=\"og:title\" content=\"Carole devient la premi\u00e8re 6\u00e8me dan du 76 ! - JUDO BERNANOS\" \/>\n<meta property=\"og:description\" content=\"Carole devient la premi\u00e8re 6\u00e8me dan du 76 ! - Le Judo Bernanos est fier de compter parmi ses judoka une nouvelle 6\u00e8me dan !\" \/>\n<meta property=\"og:url\" content=\"https:\/\/judobernanos.com\/wordpressloevan\/6eme-dan-judo\/\" \/>\n<meta property=\"og:site_name\" content=\"JUDO BERNANOS\" \/>\n<meta property=\"article:publisher\" content=\"https:\/\/www.facebook.com\/judobernanos\" \/>\n<meta property=\"article:published_time\" content=\"2025-11-15T09:50:08+00:00\" \/>\n<meta property=\"article:modified_time\" content=\"2025-11-20T09:56:39+00:00\" \/>\n<meta property=\"og:image\" content=\"https:\/\/judobernanos.com\/wordpressloevan\/wp-content\/uploads\/2025\/11\/585160156_1405506528242280_7135454880008813568_n.jpg\" \/>\n\t<meta property=\"og:image:width\" content=\"1560\" \/>\n\t<meta property=\"og:image:height\" content=\"1170\" \/>\n\t<meta property=\"og:image:type\" content=\"image\/jpeg\" \/>\n<meta name=\"author\" content=\"2LC PRODUCTION\" \/>\n<meta name=\"twitter:card\" content=\"summary_large_image\" \/>\n<meta name=\"twitter:label1\" content=\"\u00c9crit par\" \/>\n\t<meta name=\"twitter:data1\" content=\"2LC PRODUCTION\" \/>\n\t<meta name=\"twitter:label2\" content=\"Dur\u00e9e de lecture estim\u00e9e\" \/>\n\t<meta name=\"twitter:data2\" content=\"5 minutes\" \/>\n<script type=\"application\/ld+json\" class=\"yoast-schema-graph\">{\"@context\":\"https:\\\/\\\/schema.org\",\"@graph\":[{\"@type\":\"NewsArticle\",\"@id\":\"https:\\\/\\\/judobernanos.com\\\/wordpressloevan\\\/6eme-dan-judo\\\/#article\",\"isPartOf\":{\"@id\":\"https:\\\/\\\/judobernanos.com\\\/wordpressloevan\\\/6eme-dan-judo\\\/\"},\"author\":{\"name\":\"2LC PRODUCTION\",\"@id\":\"https:\\\/\\\/judobernanos.com\\\/wordpressloevan\\\/#\\\/schema\\\/person\\\/f86d6ca3df5a00fc051374fbaefe9c4b\"},\"headline\":\"Carole devient la premi\u00e8re 6\u00e8me dan du 76 !\",\"datePublished\":\"2025-11-15T09:50:08+00:00\",\"dateModified\":\"2025-11-20T09:56:39+00:00\",\"mainEntityOfPage\":{\"@id\":\"https:\\\/\\\/judobernanos.com\\\/wordpressloevan\\\/6eme-dan-judo\\\/\"},\"wordCount\":634,\"publisher\":{\"@id\":\"https:\\\/\\\/judobernanos.com\\\/wordpressloevan\\\/#organization\"},\"image\":{\"@id\":\"https:\\\/\\\/judobernanos.com\\\/wordpressloevan\\\/6eme-dan-judo\\\/#primaryimage\"},\"thumbnailUrl\":\"https:\\\/\\\/judobernanos.com\\\/wordpressloevan\\\/wp-content\\\/uploads\\\/2025\\\/11\\\/585160156_1405506528242280_7135454880008813568_n.jpg\",\"articleSection\":[\"Comp\u00e9titions \\\/ Passages de grade\",\"Saison 2025\\\/2026\"],\"inLanguage\":\"fr-FR\"},{\"@type\":\"WebPage\",\"@id\":\"https:\\\/\\\/judobernanos.com\\\/wordpressloevan\\\/6eme-dan-judo\\\/\",\"url\":\"https:\\\/\\\/judobernanos.com\\\/wordpressloevan\\\/6eme-dan-judo\\\/\",\"name\":\"Carole devient la premi\u00e8re 6\u00e8me dan du 76 ! - JUDO BERNANOS\",\"isPartOf\":{\"@id\":\"https:\\\/\\\/judobernanos.com\\\/wordpressloevan\\\/#website\"},\"primaryImageOfPage\":{\"@id\":\"https:\\\/\\\/judobernanos.com\\\/wordpressloevan\\\/6eme-dan-judo\\\/#primaryimage\"},\"image\":{\"@id\":\"https:\\\/\\\/judobernanos.com\\\/wordpressloevan\\\/6eme-dan-judo\\\/#primaryimage\"},\"thumbnailUrl\":\"https:\\\/\\\/judobernanos.com\\\/wordpressloevan\\\/wp-content\\\/uploads\\\/2025\\\/11\\\/585160156_1405506528242280_7135454880008813568_n.jpg\",\"datePublished\":\"2025-11-15T09:50:08+00:00\",\"dateModified\":\"2025-11-20T09:56:39+00:00\",\"description\":\"Carole devient la premi\u00e8re 6\u00e8me dan du 76 ! - Le Judo Bernanos est fier de compter parmi ses judoka une nouvelle 6\u00e8me dan !\",\"breadcrumb\":{\"@id\":\"https:\\\/\\\/judobernanos.com\\\/wordpressloevan\\\/6eme-dan-judo\\\/#breadcrumb\"},\"inLanguage\":\"fr-FR\",\"potentialAction\":[{\"@type\":\"ReadAction\",\"target\":[\"https:\\\/\\\/judobernanos.com\\\/wordpressloevan\\\/6eme-dan-judo\\\/\"]}]},{\"@type\":\"ImageObject\",\"inLanguage\":\"fr-FR\",\"@id\":\"https:\\\/\\\/judobernanos.com\\\/wordpressloevan\\\/6eme-dan-judo\\\/#primaryimage\",\"url\":\"https:\\\/\\\/judobernanos.com\\\/wordpressloevan\\\/wp-content\\\/uploads\\\/2025\\\/11\\\/585160156_1405506528242280_7135454880008813568_n.jpg\",\"contentUrl\":\"https:\\\/\\\/judobernanos.com\\\/wordpressloevan\\\/wp-content\\\/uploads\\\/2025\\\/11\\\/585160156_1405506528242280_7135454880008813568_n.jpg\",\"width\":1560,\"height\":1170,\"caption\":\"CAROLE LE COADOU - 6EME DAN - JUDO LE HAVRE\"},{\"@type\":\"BreadcrumbList\",\"@id\":\"https:\\\/\\\/judobernanos.com\\\/wordpressloevan\\\/6eme-dan-judo\\\/#breadcrumb\",\"itemListElement\":[{\"@type\":\"ListItem\",\"position\":1,\"name\":\"Accueil\",\"item\":\"https:\\\/\\\/judobernanos.com\\\/wordpressloevan\\\/\"},{\"@type\":\"ListItem\",\"position\":2,\"name\":\"Carole devient la premi\u00e8re 6\u00e8me dan du 76 !\"}]},{\"@type\":\"WebSite\",\"@id\":\"https:\\\/\\\/judobernanos.com\\\/wordpressloevan\\\/#website\",\"url\":\"https:\\\/\\\/judobernanos.com\\\/wordpressloevan\\\/\",\"name\":\"JUDO BERNANOS\",\"description\":\"Le plus ancien club de judo havrais encore en activit\u00e9 .. Depuis 1968\",\"publisher\":{\"@id\":\"https:\\\/\\\/judobernanos.com\\\/wordpressloevan\\\/#organization\"},\"potentialAction\":[{\"@type\":\"SearchAction\",\"target\":{\"@type\":\"EntryPoint\",\"urlTemplate\":\"https:\\\/\\\/judobernanos.com\\\/wordpressloevan\\\/?s={search_term_string}\"},\"query-input\":{\"@type\":\"PropertyValueSpecification\",\"valueRequired\":true,\"valueName\":\"search_term_string\"}}],\"inLanguage\":\"fr-FR\"},{\"@type\":\"Organization\",\"@id\":\"https:\\\/\\\/judobernanos.com\\\/wordpressloevan\\\/#organization\",\"name\":\"Foyer G. Bernanos - Le Havre\",\"alternateName\":\"Judo Bernanos\",\"url\":\"https:\\\/\\\/judobernanos.com\\\/wordpressloevan\\\/\",\"logo\":{\"@type\":\"ImageObject\",\"inLanguage\":\"fr-FR\",\"@id\":\"https:\\\/\\\/judobernanos.com\\\/wordpressloevan\\\/#\\\/schema\\\/logo\\\/image\\\/\",\"url\":\"https:\\\/\\\/judobernanos.com\\\/wordpressloevan\\\/wp-content\\\/uploads\\\/2022\\\/01\\\/cropped-cropped-cropped-IMG_7125.png\",\"contentUrl\":\"https:\\\/\\\/judobernanos.com\\\/wordpressloevan\\\/wp-content\\\/uploads\\\/2022\\\/01\\\/cropped-cropped-cropped-IMG_7125.png\",\"width\":240,\"height\":240,\"caption\":\"Foyer G. Bernanos - Le Havre\"},\"image\":{\"@id\":\"https:\\\/\\\/judobernanos.com\\\/wordpressloevan\\\/#\\\/schema\\\/logo\\\/image\\\/\"},\"sameAs\":[\"https:\\\/\\\/www.facebook.com\\\/judobernanos\",\"https:\\\/\\\/www.instagram.com\\\/bernanos.judo\\\/\",\"https:\\\/\\\/www.youtube.com\\\/channel\\\/UC0ZX9zVT2ICb4Hi63_B9Vfg\"]},{\"@type\":\"Person\",\"@id\":\"https:\\\/\\\/judobernanos.com\\\/wordpressloevan\\\/#\\\/schema\\\/person\\\/f86d6ca3df5a00fc051374fbaefe9c4b\",\"name\":\"2LC PRODUCTION\",\"image\":{\"@type\":\"ImageObject\",\"inLanguage\":\"fr-FR\",\"@id\":\"https:\\\/\\\/secure.gravatar.com\\\/avatar\\\/1fef15fe76895241c9a181c7f4695d8d8150598584cecf50ff7ec35da070b3f3?s=96&d=blank&r=g\",\"url\":\"https:\\\/\\\/secure.gravatar.com\\\/avatar\\\/1fef15fe76895241c9a181c7f4695d8d8150598584cecf50ff7ec35da070b3f3?s=96&d=blank&r=g\",\"contentUrl\":\"https:\\\/\\\/secure.gravatar.com\\\/avatar\\\/1fef15fe76895241c9a181c7f4695d8d8150598584cecf50ff7ec35da070b3f3?s=96&d=blank&r=g\",\"caption\":\"2LC PRODUCTION\"},\"sameAs\":[\"http:\\\/\\\/judobernanos.com\\\/wordpressloevan\"],\"url\":\"https:\\\/\\\/judobernanos.com\\\/wordpressloevan\\\/author\\\/lolo_lcd\\\/\"}]}<\/script>\n<!-- \/ Yoast SEO plugin. -->","yoast_head_json":{"title":"Carole devient la premi\u00e8re 6\u00e8me dan du 76 ! - JUDO BERNANOS","description":"Carole devient la premi\u00e8re 6\u00e8me dan du 76 ! - Le Judo Bernanos est fier de compter parmi ses judoka une nouvelle 6\u00e8me dan !","robots":{"index":"index","follow":"follow","max-snippet":"max-snippet:-1","max-image-preview":"max-image-preview:large","max-video-preview":"max-video-preview:-1"},"canonical":"https:\/\/judobernanos.com\/wordpressloevan\/6eme-dan-judo\/","og_locale":"fr_FR","og_type":"article","og_title":"Carole devient la premi\u00e8re 6\u00e8me dan du 76 ! - JUDO BERNANOS","og_description":"Carole devient la premi\u00e8re 6\u00e8me dan du 76 ! - Le Judo Bernanos est fier de compter parmi ses judoka une nouvelle 6\u00e8me dan !","og_url":"https:\/\/judobernanos.com\/wordpressloevan\/6eme-dan-judo\/","og_site_name":"JUDO BERNANOS","article_publisher":"https:\/\/www.facebook.com\/judobernanos","article_published_time":"2025-11-15T09:50:08+00:00","article_modified_time":"2025-11-20T09:56:39+00:00","og_image":[{"width":1560,"height":1170,"url":"https:\/\/judobernanos.com\/wordpressloevan\/wp-content\/uploads\/2025\/11\/585160156_1405506528242280_7135454880008813568_n.jpg","type":"image\/jpeg"}],"author":"2LC PRODUCTION","twitter_card":"summary_large_image","twitter_misc":{"\u00c9crit par":"2LC PRODUCTION","Dur\u00e9e de lecture estim\u00e9e":"5 minutes"},"schema":{"@context":"https:\/\/schema.org","@graph":[{"@type":"NewsArticle","@id":"https:\/\/judobernanos.com\/wordpressloevan\/6eme-dan-judo\/#article","isPartOf":{"@id":"https:\/\/judobernanos.com\/wordpressloevan\/6eme-dan-judo\/"},"author":{"name":"2LC PRODUCTION","@id":"https:\/\/judobernanos.com\/wordpressloevan\/#\/schema\/person\/f86d6ca3df5a00fc051374fbaefe9c4b"},"headline":"Carole devient la premi\u00e8re 6\u00e8me dan du 76 !","datePublished":"2025-11-15T09:50:08+00:00","dateModified":"2025-11-20T09:56:39+00:00","mainEntityOfPage":{"@id":"https:\/\/judobernanos.com\/wordpressloevan\/6eme-dan-judo\/"},"wordCount":634,"publisher":{"@id":"https:\/\/judobernanos.com\/wordpressloevan\/#organization"},"image":{"@id":"https:\/\/judobernanos.com\/wordpressloevan\/6eme-dan-judo\/#primaryimage"},"thumbnailUrl":"https:\/\/judobernanos.com\/wordpressloevan\/wp-content\/uploads\/2025\/11\/585160156_1405506528242280_7135454880008813568_n.jpg","articleSection":["Comp\u00e9titions \/ Passages de grade","Saison 2025\/2026"],"inLanguage":"fr-FR"},{"@type":"WebPage","@id":"https:\/\/judobernanos.com\/wordpressloevan\/6eme-dan-judo\/","url":"https:\/\/judobernanos.com\/wordpressloevan\/6eme-dan-judo\/","name":"Carole devient la premi\u00e8re 6\u00e8me dan du 76 ! - JUDO BERNANOS","isPartOf":{"@id":"https:\/\/judobernanos.com\/wordpressloevan\/#website"},"primaryImageOfPage":{"@id":"https:\/\/judobernanos.com\/wordpressloevan\/6eme-dan-judo\/#primaryimage"},"image":{"@id":"https:\/\/judobernanos.com\/wordpressloevan\/6eme-dan-judo\/#primaryimage"},"thumbnailUrl":"https:\/\/judobernanos.com\/wordpressloevan\/wp-content\/uploads\/2025\/11\/585160156_1405506528242280_7135454880008813568_n.jpg","datePublished":"2025-11-15T09:50:08+00:00","dateModified":"2025-11-20T09:56:39+00:00","description":"Carole devient la premi\u00e8re 6\u00e8me dan du 76 ! - Le Judo Bernanos est fier de compter parmi ses judoka une nouvelle 6\u00e8me dan !","breadcrumb":{"@id":"https:\/\/judobernanos.com\/wordpressloevan\/6eme-dan-judo\/#breadcrumb"},"inLanguage":"fr-FR","potentialAction":[{"@type":"ReadAction","target":["https:\/\/judobernanos.com\/wordpressloevan\/6eme-dan-judo\/"]}]},{"@type":"ImageObject","inLanguage":"fr-FR","@id":"https:\/\/judobernanos.com\/wordpressloevan\/6eme-dan-judo\/#primaryimage","url":"https:\/\/judobernanos.com\/wordpressloevan\/wp-content\/uploads\/2025\/11\/585160156_1405506528242280_7135454880008813568_n.jpg","contentUrl":"https:\/\/judobernanos.com\/wordpressloevan\/wp-content\/uploads\/2025\/11\/585160156_1405506528242280_7135454880008813568_n.jpg","width":1560,"height":1170,"caption":"CAROLE LE COADOU - 6EME DAN - JUDO LE HAVRE"},{"@type":"BreadcrumbList","@id":"https:\/\/judobernanos.com\/wordpressloevan\/6eme-dan-judo\/#breadcrumb","itemListElement":[{"@type":"ListItem","position":1,"name":"Accueil","item":"https:\/\/judobernanos.com\/wordpressloevan\/"},{"@type":"ListItem","position":2,"name":"Carole devient la premi\u00e8re 6\u00e8me dan du 76 !"}]},{"@type":"WebSite","@id":"https:\/\/judobernanos.com\/wordpressloevan\/#website","url":"https:\/\/judobernanos.com\/wordpressloevan\/","name":"JUDO BERNANOS","description":"Le plus ancien club de judo havrais encore en activit\u00e9 .. Depuis 1968","publisher":{"@id":"https:\/\/judobernanos.com\/wordpressloevan\/#organization"},"potentialAction":[{"@type":"SearchAction","target":{"@type":"EntryPoint","urlTemplate":"https:\/\/judobernanos.com\/wordpressloevan\/?s={search_term_string}"},"query-input":{"@type":"PropertyValueSpecification","valueRequired":true,"valueName":"search_term_string"}}],"inLanguage":"fr-FR"},{"@type":"Organization","@id":"https:\/\/judobernanos.com\/wordpressloevan\/#organization","name":"Foyer G. Bernanos - Le Havre","alternateName":"Judo Bernanos","url":"https:\/\/judobernanos.com\/wordpressloevan\/","logo":{"@type":"ImageObject","inLanguage":"fr-FR","@id":"https:\/\/judobernanos.com\/wordpressloevan\/#\/schema\/logo\/image\/","url":"https:\/\/judobernanos.com\/wordpressloevan\/wp-content\/uploads\/2022\/01\/cropped-cropped-cropped-IMG_7125.png","contentUrl":"https:\/\/judobernanos.com\/wordpressloevan\/wp-content\/uploads\/2022\/01\/cropped-cropped-cropped-IMG_7125.png","width":240,"height":240,"caption":"Foyer G. Bernanos - Le Havre"},"image":{"@id":"https:\/\/judobernanos.com\/wordpressloevan\/#\/schema\/logo\/image\/"},"sameAs":["https:\/\/www.facebook.com\/judobernanos","https:\/\/www.instagram.com\/bernanos.judo\/","https:\/\/www.youtube.com\/channel\/UC0ZX9zVT2ICb4Hi63_B9Vfg"]},{"@type":"Person","@id":"https:\/\/judobernanos.com\/wordpressloevan\/#\/schema\/person\/f86d6ca3df5a00fc051374fbaefe9c4b","name":"2LC PRODUCTION","image":{"@type":"ImageObject","inLanguage":"fr-FR","@id":"https:\/\/secure.gravatar.com\/avatar\/1fef15fe76895241c9a181c7f4695d8d8150598584cecf50ff7ec35da070b3f3?s=96&d=blank&r=g","url":"https:\/\/secure.gravatar.com\/avatar\/1fef15fe76895241c9a181c7f4695d8d8150598584cecf50ff7ec35da070b3f3?s=96&d=blank&r=g","contentUrl":"https:\/\/secure.gravatar.com\/avatar\/1fef15fe76895241c9a181c7f4695d8d8150598584cecf50ff7ec35da070b3f3?s=96&d=blank&r=g","caption":"2LC PRODUCTION"},"sameAs":["http:\/\/judobernanos.com\/wordpressloevan"],"url":"https:\/\/judobernanos.com\/wordpressloevan\/author\/lolo_lcd\/"}]}},"jetpack_featured_media_url":"https:\/\/judobernanos.com\/wordpressloevan\/wp-content\/uploads\/2025\/11\/585160156_1405506528242280_7135454880008813568_n.jpg","_links":{"self":[{"href":"https:\/\/judobernanos.com\/wordpressloevan\/wp-json\/wp\/v2\/posts\/9202","targetHints":{"allow":["GET"]}}],"collection":[{"href":"https:\/\/judobernanos.com\/wordpressloevan\/wp-json\/wp\/v2\/posts"}],"about":[{"href":"https:\/\/judobernanos.com\/wordpressloevan\/wp-json\/wp\/v2\/types\/post"}],"author":[{"embeddable":true,"href":"https:\/\/judobernanos.com\/wordpressloevan\/wp-json\/wp\/v2\/users\/1"}],"replies":[{"embeddable":true,"href":"https:\/\/judobernanos.com\/wordpressloevan\/wp-json\/wp\/v2\/comments?post=9202"}],"version-history":[{"count":5,"href":"https:\/\/judobernanos.com\/wordpressloevan\/wp-json\/wp\/v2\/posts\/9202\/revisions"}],"predecessor-version":[{"id":9207,"href":"https:\/\/judobernanos.com\/wordpressloevan\/wp-json\/wp\/v2\/posts\/9202\/revisions\/9207"}],"wp:featuredmedia":[{"embeddable":true,"href":"https:\/\/judobernanos.com\/wordpressloevan\/wp-json\/wp\/v2\/media\/9184"}],"wp:attachment":[{"href":"https:\/\/judobernanos.com\/wordpressloevan\/wp-json\/wp\/v2\/media?parent=9202"}],"wp:term":[{"taxonomy":"category","embeddable":true,"href":"https:\/\/judobernanos.com\/wordpressloevan\/wp-json\/wp\/v2\/categories?post=9202"},{"taxonomy":"post_tag","embeddable":true,"href":"https:\/\/judobernanos.com\/wordpressloevan\/wp-json\/wp\/v2\/tags?post=9202"}],"curies":[{"name":"wp","href":"https:\/\/api.w.org\/{rel}","templated":true}]}}