{"id":9058,"date":"2025-05-25T19:36:00","date_gmt":"2025-05-25T17:36:00","guid":{"rendered":"https:\/\/judobernanos.com\/wordpressloevan\/?p=9058"},"modified":"2025-06-06T14:40:18","modified_gmt":"2025-06-06T12:40:18","slug":"championnat-de-normandie-benjamin-2025","status":"publish","type":"post","link":"https:\/\/judobernanos.com\/wordpressloevan\/championnat-de-normandie-benjamin-2025\/","title":{"rendered":"Nos benjamins m\u00e9daill\u00e9s au Championnat de Normandie 2025 !"},"content":{"rendered":"\t\t<div data-elementor-type=\"wp-post\" data-elementor-id=\"9058\" class=\"elementor elementor-9058\">\n\t\t\t\t\t\t<section class=\"elementor-section elementor-top-section elementor-element elementor-element-5a65004 elementor-section-boxed elementor-section-height-default elementor-section-height-default\" data-id=\"5a65004\" data-element_type=\"section\" data-e-type=\"section\">\n\t\t\t\t\t\t<div class=\"elementor-container elementor-column-gap-default\">\n\t\t\t\t\t<div class=\"elementor-column elementor-col-100 elementor-top-column elementor-element elementor-element-c8fe6d9\" data-id=\"c8fe6d9\" data-element_type=\"column\" data-e-type=\"column\">\n\t\t\t<div class=\"elementor-widget-wrap elementor-element-populated\">\n\t\t\t\t\t\t<div class=\"elementor-element elementor-element-5006c9a elementor-widget elementor-widget-heading\" data-id=\"5006c9a\" data-element_type=\"widget\" data-e-type=\"widget\" data-widget_type=\"heading.default\">\n\t\t\t\t<div class=\"elementor-widget-container\">\n\t\t\t\t\t<h2 class=\"elementor-heading-title elementor-size-default\">CHAMPIONNAT DE NORMANDIE BENJAMIN 2025<\/h2>\t\t\t\t<\/div>\n\t\t\t\t<\/div>\n\t\t\t\t\t<\/div>\n\t\t<\/div>\n\t\t\t\t\t<\/div>\n\t\t<\/section>\n\t\t\t\t<section class=\"elementor-section elementor-top-section elementor-element elementor-element-79adf88 elementor-section-boxed elementor-section-height-default elementor-section-height-default\" data-id=\"79adf88\" data-element_type=\"section\" data-e-type=\"section\">\n\t\t\t\t\t\t<div class=\"elementor-container elementor-column-gap-default\">\n\t\t\t\t\t<div class=\"elementor-column elementor-col-100 elementor-top-column elementor-element elementor-element-a8cf5c5\" data-id=\"a8cf5c5\" data-element_type=\"column\" data-e-type=\"column\">\n\t\t\t<div class=\"elementor-widget-wrap elementor-element-populated\">\n\t\t\t\t\t\t<div class=\"elementor-element elementor-element-d1269c0 elementor-widget elementor-widget-text-editor\" data-id=\"d1269c0\" data-element_type=\"widget\" data-e-type=\"widget\" data-widget_type=\"text-editor.default\">\n\t\t\t\t<div class=\"elementor-widget-container\">\n\t\t\t\t\t\t\t\t\t<div class=\"xdj266r x11i5rnm xat24cr x1mh8g0r x1vvkbs x126k92a\"><div dir=\"auto\"><div class=\"x14z9mp xat24cr x1lziwak x1vvkbs xtlvy1s x126k92a\"><div dir=\"auto\">Ce dimanche, nos jeunes du Judo Bernanos Le Havre ont fi\u00e8rement port\u00e9 les couleurs du club au championnat r\u00e9gional <span class=\"html-span xexx8yu xyri2b x18d9i69 x1c1uobl x1hl2dhg x16tdsg8 x1vvkbs x3nfvp2 x1j61x8r x1fcty0u xdj266r xat24cr xm2jcoa x1mpyi22 xxymvpz xlup9mm x1kky2od\"><img decoding=\"async\" class=\"xz74otr x168nmei x13lgxp2 x5pf9jr xo71vjh\" src=\"https:\/\/static.xx.fbcdn.net\/images\/emoji.php\/v9\/t6c\/1\/16\/1f499.png\" alt=\"\ud83d\udc99\" width=\"16\" height=\"16\" \/><\/span><\/div><div dir=\"auto\">\u00a0<\/div><\/div><div class=\"x14z9mp xat24cr x1lziwak x1vvkbs xtlvy1s x126k92a\"><div dir=\"auto\"><span class=\"html-span xexx8yu xyri2b x18d9i69 x1c1uobl x1hl2dhg x16tdsg8 x1vvkbs x3nfvp2 x1j61x8r x1fcty0u xdj266r xat24cr xm2jcoa x1mpyi22 xxymvpz xlup9mm x1kky2od\"><img decoding=\"async\" class=\"xz74otr x168nmei x13lgxp2 x5pf9jr xo71vjh\" src=\"https:\/\/static.xx.fbcdn.net\/images\/emoji.php\/v9\/t96\/1\/16\/1f949.png\" alt=\"\ud83e\udd49\" width=\"16\" height=\"16\" \/><\/span> \ud835\udde7\ud835\uddf5\ud835\uddfc\ud835\uddfa\ud835\uddee\ud835\ude00 \ud835\udde3\ud835\uddff\ud835\uddf6\ud835\uddf2\ud835\ude02\ud835\uddff, benjamin 1\u00e8re ann\u00e9e, s\u2019offre une superbe 3e place pour sa premi\u00e8re participation \u00e0 ce niveau !<\/div><div dir=\"auto\">D\u00e9termin\u00e9 et appliqu\u00e9, il a encha\u00een\u00e9 les combats avec s\u00e9rieux pour d\u00e9crocher cette m\u00e9daille. Une belle promesse pour l\u2019avenir !<\/div><\/div><div class=\"x14z9mp xat24cr x1lziwak x1vvkbs xtlvy1s x126k92a\"><div dir=\"auto\"><span class=\"html-span xexx8yu xyri2b x18d9i69 x1c1uobl x1hl2dhg x16tdsg8 x1vvkbs x3nfvp2 x1j61x8r x1fcty0u xdj266r xat24cr xm2jcoa x1mpyi22 xxymvpz xlup9mm x1kky2od\"><img decoding=\"async\" class=\"xz74otr x168nmei x13lgxp2 x5pf9jr xo71vjh\" src=\"https:\/\/static.xx.fbcdn.net\/images\/emoji.php\/v9\/t3f\/1\/16\/1f94b.png\" alt=\"\ud83e\udd4b\" width=\"16\" height=\"16\" \/><\/span> \ud835\uddd4\ud835\uddfa\ud835\uddef\ud835\uddff\ud835\uddf2 \ud835\uddd8\ud835\uddf9 \ud835\udddd\ud835\uddfc\ud835\ude02\ud835\uddff\ud835\uddf1 d\u00e9marre fort mais se blesse lors de son premier combat. Mika\u00ebl d\u00e9cide avec justesse de stopper la comp\u00e9tition pour \u00e9viter toute aggravation. Elle termine 5e, avec m\u00e9rite et combativit\u00e9. Le travail continue, et elle reviendra plus forte\u2026<\/div><\/div><div class=\"x14z9mp xat24cr x1lziwak x1vvkbs xtlvy1s x126k92a\"><div dir=\"auto\"><span class=\"html-span xexx8yu xyri2b x18d9i69 x1c1uobl x1hl2dhg x16tdsg8 x1vvkbs x3nfvp2 x1j61x8r x1fcty0u xdj266r xat24cr xm2jcoa x1mpyi22 xxymvpz xlup9mm x1kky2od\"><img loading=\"lazy\" decoding=\"async\" class=\"xz74otr x168nmei x13lgxp2 x5pf9jr xo71vjh\" src=\"https:\/\/static.xx.fbcdn.net\/images\/emoji.php\/v9\/t8\/1\/16\/2694.png\" alt=\"\u2694\ufe0f\" width=\"16\" height=\"16\" \/><\/span> \ud835\udde5\ud835\uddee\ud835\uddf3\ud835\uddee\ud835\uddf2\ud835\uddf9 \ud835\udde0\ud835\uddee\ud835\ude06\ud835\uddfc ne se classe pas cette fois, malgr\u00e9 de beaux combats disput\u00e9s avec courage. Pas de r\u00e9compense aujourd\u2019hui, mais une exp\u00e9rience pr\u00e9cieuse pour mieux g\u00e9rer les prochains rendez-vous. La progression est en marche !<\/div><div dir=\"auto\">\u00a0<\/div><\/div><div class=\"x14z9mp xat24cr x1lziwak x1vvkbs xtlvy1s x126k92a\"><div dir=\"auto\"><span class=\"html-span xexx8yu xyri2b x18d9i69 x1c1uobl x1hl2dhg x16tdsg8 x1vvkbs x3nfvp2 x1j61x8r x1fcty0u xdj266r xat24cr xm2jcoa x1mpyi22 xxymvpz xlup9mm x1kky2od\"><img loading=\"lazy\" decoding=\"async\" class=\"xz74otr x168nmei x13lgxp2 x5pf9jr xo71vjh\" src=\"https:\/\/static.xx.fbcdn.net\/images\/emoji.php\/v9\/tfe\/1\/16\/1f44f.png\" alt=\"\ud83d\udc4f\" width=\"16\" height=\"16\" \/><\/span> Bravo \u00e0 nos trois judokas ainsi qu\u2019\u00e0 nos benjamins pour leur engagement et leur \u00e9tat d\u2019esprit sur la saison\u2026 un bon groupe qui va \u00e9voluer. Fier de vous !<\/div><\/div><\/div><\/div>\t\t\t\t\t\t\t\t<\/div>\n\t\t\t\t<\/div>\n\t\t\t\t\t<\/div>\n\t\t<\/div>\n\t\t\t\t\t<\/div>\n\t\t<\/section>\n\t\t\t\t<section class=\"elementor-section elementor-top-section elementor-element elementor-element-5f39e64 elementor-section-boxed elementor-section-height-default elementor-section-height-default\" data-id=\"5f39e64\" data-element_type=\"section\" data-e-type=\"section\">\n\t\t\t\t\t\t<div class=\"elementor-container elementor-column-gap-default\">\n\t\t\t\t\t<div class=\"elementor-column elementor-col-33 elementor-top-column elementor-element elementor-element-a31ede5\" data-id=\"a31ede5\" data-element_type=\"column\" data-e-type=\"column\">\n\t\t\t<div class=\"elementor-widget-wrap elementor-element-populated\">\n\t\t\t\t\t\t<div class=\"elementor-element elementor-element-c9a501a elementor-widget elementor-widget-image\" data-id=\"c9a501a\" data-element_type=\"widget\" data-e-type=\"widget\" data-widget_type=\"image.default\">\n\t\t\t\t<div class=\"elementor-widget-container\">\n\t\t\t\t\t\t\t\t\t\t\t\t\t\t\t<img loading=\"lazy\" decoding=\"async\" width=\"1024\" height=\"1018\" src=\"https:\/\/judobernanos.com\/wordpressloevan\/wp-content\/uploads\/2025\/06\/500074809_1246102290849372_2545917334405510178_n-1024x1018.jpg\" class=\"attachment-large size-large wp-image-9059\" alt=\"JUDO LE HAVRE BERNANOS - CHAMPIONNAT DE NORMANDIE BENJAMIN 2025\" srcset=\"https:\/\/judobernanos.com\/wordpressloevan\/wp-content\/uploads\/2025\/06\/500074809_1246102290849372_2545917334405510178_n-1024x1018.jpg 1024w, https:\/\/judobernanos.com\/wordpressloevan\/wp-content\/uploads\/2025\/06\/500074809_1246102290849372_2545917334405510178_n-300x298.jpg 300w, https:\/\/judobernanos.com\/wordpressloevan\/wp-content\/uploads\/2025\/06\/500074809_1246102290849372_2545917334405510178_n-150x150.jpg 150w, https:\/\/judobernanos.com\/wordpressloevan\/wp-content\/uploads\/2025\/06\/500074809_1246102290849372_2545917334405510178_n-768x764.jpg 768w, https:\/\/judobernanos.com\/wordpressloevan\/wp-content\/uploads\/2025\/06\/500074809_1246102290849372_2545917334405510178_n-1x1.jpg 1w, https:\/\/judobernanos.com\/wordpressloevan\/wp-content\/uploads\/2025\/06\/500074809_1246102290849372_2545917334405510178_n.jpg 1080w\" sizes=\"(max-width: 1024px) 100vw, 1024px\" \/>\t\t\t\t\t\t\t\t\t\t\t\t\t\t\t<\/div>\n\t\t\t\t<\/div>\n\t\t\t\t\t<\/div>\n\t\t<\/div>\n\t\t\t\t<div class=\"elementor-column elementor-col-33 elementor-top-column elementor-element elementor-element-baed08c\" data-id=\"baed08c\" data-element_type=\"column\" data-e-type=\"column\">\n\t\t\t<div class=\"elementor-widget-wrap elementor-element-populated\">\n\t\t\t\t\t\t<div class=\"elementor-element elementor-element-99303ed elementor-widget elementor-widget-image\" data-id=\"99303ed\" data-element_type=\"widget\" data-e-type=\"widget\" data-widget_type=\"image.default\">\n\t\t\t\t<div class=\"elementor-widget-container\">\n\t\t\t\t\t\t\t\t\t\t\t\t\t\t\t<img loading=\"lazy\" decoding=\"async\" width=\"576\" height=\"1024\" src=\"https:\/\/judobernanos.com\/wordpressloevan\/wp-content\/uploads\/2025\/06\/500313526_1245619207564347_6291230754987050945_n-576x1024.jpg\" class=\"attachment-large size-large wp-image-9060\" alt=\"JUDO LE HAVRE BERNANOS - CHAMPIONNAT DE NORMANDIE BENJAMIN 2025 - THOMAS PRIEUR\" srcset=\"https:\/\/judobernanos.com\/wordpressloevan\/wp-content\/uploads\/2025\/06\/500313526_1245619207564347_6291230754987050945_n-576x1024.jpg 576w, https:\/\/judobernanos.com\/wordpressloevan\/wp-content\/uploads\/2025\/06\/500313526_1245619207564347_6291230754987050945_n-169x300.jpg 169w, https:\/\/judobernanos.com\/wordpressloevan\/wp-content\/uploads\/2025\/06\/500313526_1245619207564347_6291230754987050945_n-768x1365.jpg 768w, https:\/\/judobernanos.com\/wordpressloevan\/wp-content\/uploads\/2025\/06\/500313526_1245619207564347_6291230754987050945_n-864x1536.jpg 864w, https:\/\/judobernanos.com\/wordpressloevan\/wp-content\/uploads\/2025\/06\/500313526_1245619207564347_6291230754987050945_n-1x2.jpg 1w, https:\/\/judobernanos.com\/wordpressloevan\/wp-content\/uploads\/2025\/06\/500313526_1245619207564347_6291230754987050945_n.jpg 1152w\" sizes=\"(max-width: 576px) 100vw, 576px\" \/>\t\t\t\t\t\t\t\t\t\t\t\t\t\t\t<\/div>\n\t\t\t\t<\/div>\n\t\t\t\t\t<\/div>\n\t\t<\/div>\n\t\t\t\t<div class=\"elementor-column elementor-col-33 elementor-top-column elementor-element elementor-element-263cc3a\" data-id=\"263cc3a\" data-element_type=\"column\" data-e-type=\"column\">\n\t\t\t<div class=\"elementor-widget-wrap elementor-element-populated\">\n\t\t\t\t\t\t<div class=\"elementor-element elementor-element-c58dc19 elementor-widget elementor-widget-image\" data-id=\"c58dc19\" data-element_type=\"widget\" data-e-type=\"widget\" data-widget_type=\"image.default\">\n\t\t\t\t<div class=\"elementor-widget-container\">\n\t\t\t\t\t\t\t\t\t\t\t\t\t\t\t<img loading=\"lazy\" decoding=\"async\" width=\"768\" height=\"1024\" src=\"https:\/\/judobernanos.com\/wordpressloevan\/wp-content\/uploads\/2025\/06\/501555653_1245619240897677_4737222860587965255_n-768x1024.jpg\" class=\"attachment-large size-large wp-image-9062\" alt=\"JUDO LE HAVRE BERNANOS - CHAMPIONNAT DE NORMANDIE BENJAMIN 2025\" srcset=\"https:\/\/judobernanos.com\/wordpressloevan\/wp-content\/uploads\/2025\/06\/501555653_1245619240897677_4737222860587965255_n-768x1024.jpg 768w, https:\/\/judobernanos.com\/wordpressloevan\/wp-content\/uploads\/2025\/06\/501555653_1245619240897677_4737222860587965255_n-225x300.jpg 225w, https:\/\/judobernanos.com\/wordpressloevan\/wp-content\/uploads\/2025\/06\/501555653_1245619240897677_4737222860587965255_n-1152x1536.jpg 1152w, https:\/\/judobernanos.com\/wordpressloevan\/wp-content\/uploads\/2025\/06\/501555653_1245619240897677_4737222860587965255_n-1x1.jpg 1w, https:\/\/judobernanos.com\/wordpressloevan\/wp-content\/uploads\/2025\/06\/501555653_1245619240897677_4737222860587965255_n.jpg 1536w\" sizes=\"(max-width: 768px) 100vw, 768px\" \/>\t\t\t\t\t\t\t\t\t\t\t\t\t\t\t<\/div>\n\t\t\t\t<\/div>\n\t\t\t\t\t<\/div>\n\t\t<\/div>\n\t\t\t\t\t<\/div>\n\t\t<\/section>\n\t\t\t\t<\/div>\n\t\t","protected":false},"excerpt":{"rendered":"<p>CHAMPIONNAT DE NORMANDIE BENJAMIN 2025 Ce dimanche, nos jeunes du Judo Bernanos Le Havre ont fi\u00e8rement port\u00e9 les couleurs du club au championnat r\u00e9gional \u00a0 \ud835\udde7\ud835\uddf5\ud835\uddfc\ud835\uddfa\ud835\uddee\ud835\ude00 \ud835\udde3\ud835\uddff\ud835\uddf6\ud835\uddf2\ud835\ude02\ud835\uddff, benjamin 1\u00e8re ann\u00e9e, s\u2019offre une superbe 3e place pour sa premi\u00e8re participation \u00e0 ce niveau !D\u00e9termin\u00e9 et appliqu\u00e9, il a encha\u00een\u00e9 les combats avec s\u00e9rieux pour d\u00e9crocher cette&hellip;&nbsp;<a href=\"https:\/\/judobernanos.com\/wordpressloevan\/championnat-de-normandie-benjamin-2025\/\" rel=\"bookmark\"><span class=\"screen-reader-text\">Nos benjamins m\u00e9daill\u00e9s au Championnat de Normandie 2025 !<\/span><\/a><\/p>\n","protected":false},"author":120,"featured_media":9061,"comment_status":"closed","ping_status":"closed","sticky":false,"template":"","format":"standard","meta":{"_monsterinsights_skip_tracking":false,"_monsterinsights_sitenote_active":false,"_monsterinsights_sitenote_note":"","_monsterinsights_sitenote_category":0,"neve_meta_sidebar":"","neve_meta_container":"","neve_meta_enable_content_width":"","neve_meta_content_width":0,"neve_meta_title_alignment":"","neve_meta_author_avatar":"","neve_post_elements_order":"","neve_meta_disable_header":"","neve_meta_disable_footer":"","neve_meta_disable_title":"","footnotes":""},"categories":[30,66],"tags":[],"class_list":["post-9058","post","type-post","status-publish","format-standard","has-post-thumbnail","hentry","category-competitions-passages-de-grade","category-saison-2024-2025"],"yoast_head":"<!-- This site is optimized with the Yoast SEO plugin v27.5 - https:\/\/yoast.com\/product\/yoast-seo-wordpress\/ -->\n<title>Nos benjamins m\u00e9daill\u00e9s au Championnat de Normandie 2025 ! - JUDO BERNANOS<\/title>\n<meta name=\"description\" content=\"Judo Normandie - Nos benjamins m\u00e9daill\u00e9s au Championnat de Normandie 2025 ! -Ce dimanche, nos jeunes du Judo Bernanos Le Havre\" \/>\n<meta name=\"robots\" content=\"index, follow, max-snippet:-1, max-image-preview:large, max-video-preview:-1\" \/>\n<link rel=\"canonical\" href=\"https:\/\/judobernanos.com\/wordpressloevan\/championnat-de-normandie-benjamin-2025\/\" \/>\n<meta property=\"og:locale\" content=\"fr_FR\" \/>\n<meta property=\"og:type\" content=\"article\" \/>\n<meta property=\"og:title\" content=\"Nos benjamins m\u00e9daill\u00e9s au Championnat de Normandie 2025 ! - JUDO BERNANOS\" \/>\n<meta property=\"og:description\" content=\"Judo Normandie - Nos benjamins m\u00e9daill\u00e9s au Championnat de Normandie 2025 ! -Ce dimanche, nos jeunes du Judo Bernanos Le Havre\" \/>\n<meta property=\"og:url\" content=\"https:\/\/judobernanos.com\/wordpressloevan\/championnat-de-normandie-benjamin-2025\/\" \/>\n<meta property=\"og:site_name\" content=\"JUDO BERNANOS\" \/>\n<meta property=\"article:publisher\" content=\"https:\/\/www.facebook.com\/judobernanos\" \/>\n<meta property=\"article:published_time\" content=\"2025-05-25T17:36:00+00:00\" \/>\n<meta property=\"article:modified_time\" content=\"2025-06-06T12:40:18+00:00\" \/>\n<meta property=\"og:image\" content=\"https:\/\/judobernanos.com\/wordpressloevan\/wp-content\/uploads\/2025\/06\/500588640_1245619214231013_7887135058841248641_n.jpg\" \/>\n\t<meta property=\"og:image:width\" content=\"1536\" \/>\n\t<meta property=\"og:image:height\" content=\"2048\" \/>\n\t<meta property=\"og:image:type\" content=\"image\/jpeg\" \/>\n<meta name=\"author\" content=\"bernanos.judo\" \/>\n<meta name=\"twitter:card\" content=\"summary_large_image\" \/>\n<meta name=\"twitter:label1\" content=\"\u00c9crit par\" \/>\n\t<meta name=\"twitter:data1\" content=\"bernanos.judo\" \/>\n\t<meta name=\"twitter:label2\" content=\"Dur\u00e9e de lecture estim\u00e9e\" \/>\n\t<meta name=\"twitter:data2\" content=\"3 minutes\" \/>\n<script type=\"application\/ld+json\" class=\"yoast-schema-graph\">{\"@context\":\"https:\\\/\\\/schema.org\",\"@graph\":[{\"@type\":\"NewsArticle\",\"@id\":\"https:\\\/\\\/judobernanos.com\\\/wordpressloevan\\\/championnat-de-normandie-benjamin-2025\\\/#article\",\"isPartOf\":{\"@id\":\"https:\\\/\\\/judobernanos.com\\\/wordpressloevan\\\/championnat-de-normandie-benjamin-2025\\\/\"},\"author\":{\"name\":\"bernanos.judo\",\"@id\":\"https:\\\/\\\/judobernanos.com\\\/wordpressloevan\\\/#\\\/schema\\\/person\\\/64056b852d10cccde427fc555f4abe2d\"},\"headline\":\"Nos benjamins m\u00e9daill\u00e9s au Championnat de Normandie 2025 !\",\"datePublished\":\"2025-05-25T17:36:00+00:00\",\"dateModified\":\"2025-06-06T12:40:18+00:00\",\"mainEntityOfPage\":{\"@id\":\"https:\\\/\\\/judobernanos.com\\\/wordpressloevan\\\/championnat-de-normandie-benjamin-2025\\\/\"},\"wordCount\":184,\"publisher\":{\"@id\":\"https:\\\/\\\/judobernanos.com\\\/wordpressloevan\\\/#organization\"},\"image\":{\"@id\":\"https:\\\/\\\/judobernanos.com\\\/wordpressloevan\\\/championnat-de-normandie-benjamin-2025\\\/#primaryimage\"},\"thumbnailUrl\":\"https:\\\/\\\/judobernanos.com\\\/wordpressloevan\\\/wp-content\\\/uploads\\\/2025\\\/06\\\/500588640_1245619214231013_7887135058841248641_n.jpg\",\"articleSection\":[\"Comp\u00e9titions \\\/ Passages de grade\",\"Saison 2024\\\/2025\"],\"inLanguage\":\"fr-FR\"},{\"@type\":\"WebPage\",\"@id\":\"https:\\\/\\\/judobernanos.com\\\/wordpressloevan\\\/championnat-de-normandie-benjamin-2025\\\/\",\"url\":\"https:\\\/\\\/judobernanos.com\\\/wordpressloevan\\\/championnat-de-normandie-benjamin-2025\\\/\",\"name\":\"Nos benjamins m\u00e9daill\u00e9s au Championnat de Normandie 2025 ! - JUDO BERNANOS\",\"isPartOf\":{\"@id\":\"https:\\\/\\\/judobernanos.com\\\/wordpressloevan\\\/#website\"},\"primaryImageOfPage\":{\"@id\":\"https:\\\/\\\/judobernanos.com\\\/wordpressloevan\\\/championnat-de-normandie-benjamin-2025\\\/#primaryimage\"},\"image\":{\"@id\":\"https:\\\/\\\/judobernanos.com\\\/wordpressloevan\\\/championnat-de-normandie-benjamin-2025\\\/#primaryimage\"},\"thumbnailUrl\":\"https:\\\/\\\/judobernanos.com\\\/wordpressloevan\\\/wp-content\\\/uploads\\\/2025\\\/06\\\/500588640_1245619214231013_7887135058841248641_n.jpg\",\"datePublished\":\"2025-05-25T17:36:00+00:00\",\"dateModified\":\"2025-06-06T12:40:18+00:00\",\"description\":\"Judo Normandie - Nos benjamins m\u00e9daill\u00e9s au Championnat de Normandie 2025 ! -Ce dimanche, nos jeunes du Judo Bernanos Le Havre\",\"breadcrumb\":{\"@id\":\"https:\\\/\\\/judobernanos.com\\\/wordpressloevan\\\/championnat-de-normandie-benjamin-2025\\\/#breadcrumb\"},\"inLanguage\":\"fr-FR\",\"potentialAction\":[{\"@type\":\"ReadAction\",\"target\":[\"https:\\\/\\\/judobernanos.com\\\/wordpressloevan\\\/championnat-de-normandie-benjamin-2025\\\/\"]}]},{\"@type\":\"ImageObject\",\"inLanguage\":\"fr-FR\",\"@id\":\"https:\\\/\\\/judobernanos.com\\\/wordpressloevan\\\/championnat-de-normandie-benjamin-2025\\\/#primaryimage\",\"url\":\"https:\\\/\\\/judobernanos.com\\\/wordpressloevan\\\/wp-content\\\/uploads\\\/2025\\\/06\\\/500588640_1245619214231013_7887135058841248641_n.jpg\",\"contentUrl\":\"https:\\\/\\\/judobernanos.com\\\/wordpressloevan\\\/wp-content\\\/uploads\\\/2025\\\/06\\\/500588640_1245619214231013_7887135058841248641_n.jpg\",\"width\":1536,\"height\":2048,\"caption\":\"JUDO LE HAVRE BERNANOS - CHAMPIONNAT DE NORMANDIE BENJAMIN 2025 - THOMAS PRIEUR\"},{\"@type\":\"BreadcrumbList\",\"@id\":\"https:\\\/\\\/judobernanos.com\\\/wordpressloevan\\\/championnat-de-normandie-benjamin-2025\\\/#breadcrumb\",\"itemListElement\":[{\"@type\":\"ListItem\",\"position\":1,\"name\":\"Accueil\",\"item\":\"https:\\\/\\\/judobernanos.com\\\/wordpressloevan\\\/\"},{\"@type\":\"ListItem\",\"position\":2,\"name\":\"Nos benjamins m\u00e9daill\u00e9s au Championnat de Normandie 2025 !\"}]},{\"@type\":\"WebSite\",\"@id\":\"https:\\\/\\\/judobernanos.com\\\/wordpressloevan\\\/#website\",\"url\":\"https:\\\/\\\/judobernanos.com\\\/wordpressloevan\\\/\",\"name\":\"JUDO BERNANOS\",\"description\":\"Le plus ancien club de judo havrais encore en activit\u00e9 .. Depuis 1968\",\"publisher\":{\"@id\":\"https:\\\/\\\/judobernanos.com\\\/wordpressloevan\\\/#organization\"},\"potentialAction\":[{\"@type\":\"SearchAction\",\"target\":{\"@type\":\"EntryPoint\",\"urlTemplate\":\"https:\\\/\\\/judobernanos.com\\\/wordpressloevan\\\/?s={search_term_string}\"},\"query-input\":{\"@type\":\"PropertyValueSpecification\",\"valueRequired\":true,\"valueName\":\"search_term_string\"}}],\"inLanguage\":\"fr-FR\"},{\"@type\":\"Organization\",\"@id\":\"https:\\\/\\\/judobernanos.com\\\/wordpressloevan\\\/#organization\",\"name\":\"Foyer G. Bernanos - Le Havre\",\"alternateName\":\"Judo Bernanos\",\"url\":\"https:\\\/\\\/judobernanos.com\\\/wordpressloevan\\\/\",\"logo\":{\"@type\":\"ImageObject\",\"inLanguage\":\"fr-FR\",\"@id\":\"https:\\\/\\\/judobernanos.com\\\/wordpressloevan\\\/#\\\/schema\\\/logo\\\/image\\\/\",\"url\":\"https:\\\/\\\/judobernanos.com\\\/wordpressloevan\\\/wp-content\\\/uploads\\\/2022\\\/01\\\/cropped-cropped-cropped-IMG_7125.png\",\"contentUrl\":\"https:\\\/\\\/judobernanos.com\\\/wordpressloevan\\\/wp-content\\\/uploads\\\/2022\\\/01\\\/cropped-cropped-cropped-IMG_7125.png\",\"width\":240,\"height\":240,\"caption\":\"Foyer G. Bernanos - Le Havre\"},\"image\":{\"@id\":\"https:\\\/\\\/judobernanos.com\\\/wordpressloevan\\\/#\\\/schema\\\/logo\\\/image\\\/\"},\"sameAs\":[\"https:\\\/\\\/www.facebook.com\\\/judobernanos\",\"https:\\\/\\\/www.instagram.com\\\/bernanos.judo\\\/\",\"https:\\\/\\\/www.youtube.com\\\/channel\\\/UC0ZX9zVT2ICb4Hi63_B9Vfg\"]},{\"@type\":\"Person\",\"@id\":\"https:\\\/\\\/judobernanos.com\\\/wordpressloevan\\\/#\\\/schema\\\/person\\\/64056b852d10cccde427fc555f4abe2d\",\"name\":\"bernanos.judo\",\"image\":{\"@type\":\"ImageObject\",\"inLanguage\":\"fr-FR\",\"@id\":\"https:\\\/\\\/secure.gravatar.com\\\/avatar\\\/2690c5a5885dd2762e74ba20cc34b03ecfa94873704af62313bca5e6a49f9290?s=96&d=blank&r=g\",\"url\":\"https:\\\/\\\/secure.gravatar.com\\\/avatar\\\/2690c5a5885dd2762e74ba20cc34b03ecfa94873704af62313bca5e6a49f9290?s=96&d=blank&r=g\",\"contentUrl\":\"https:\\\/\\\/secure.gravatar.com\\\/avatar\\\/2690c5a5885dd2762e74ba20cc34b03ecfa94873704af62313bca5e6a49f9290?s=96&d=blank&r=g\",\"caption\":\"bernanos.judo\"},\"url\":\"https:\\\/\\\/judobernanos.com\\\/wordpressloevan\\\/author\\\/bernanos-judo\\\/\"}]}<\/script>\n<!-- \/ Yoast SEO plugin. -->","yoast_head_json":{"title":"Nos benjamins m\u00e9daill\u00e9s au Championnat de Normandie 2025 ! - JUDO BERNANOS","description":"Judo Normandie - Nos benjamins m\u00e9daill\u00e9s au Championnat de Normandie 2025 ! -Ce dimanche, nos jeunes du Judo Bernanos Le Havre","robots":{"index":"index","follow":"follow","max-snippet":"max-snippet:-1","max-image-preview":"max-image-preview:large","max-video-preview":"max-video-preview:-1"},"canonical":"https:\/\/judobernanos.com\/wordpressloevan\/championnat-de-normandie-benjamin-2025\/","og_locale":"fr_FR","og_type":"article","og_title":"Nos benjamins m\u00e9daill\u00e9s au Championnat de Normandie 2025 ! - JUDO BERNANOS","og_description":"Judo Normandie - Nos benjamins m\u00e9daill\u00e9s au Championnat de Normandie 2025 ! -Ce dimanche, nos jeunes du Judo Bernanos Le Havre","og_url":"https:\/\/judobernanos.com\/wordpressloevan\/championnat-de-normandie-benjamin-2025\/","og_site_name":"JUDO BERNANOS","article_publisher":"https:\/\/www.facebook.com\/judobernanos","article_published_time":"2025-05-25T17:36:00+00:00","article_modified_time":"2025-06-06T12:40:18+00:00","og_image":[{"width":1536,"height":2048,"url":"https:\/\/judobernanos.com\/wordpressloevan\/wp-content\/uploads\/2025\/06\/500588640_1245619214231013_7887135058841248641_n.jpg","type":"image\/jpeg"}],"author":"bernanos.judo","twitter_card":"summary_large_image","twitter_misc":{"\u00c9crit par":"bernanos.judo","Dur\u00e9e de lecture estim\u00e9e":"3 minutes"},"schema":{"@context":"https:\/\/schema.org","@graph":[{"@type":"NewsArticle","@id":"https:\/\/judobernanos.com\/wordpressloevan\/championnat-de-normandie-benjamin-2025\/#article","isPartOf":{"@id":"https:\/\/judobernanos.com\/wordpressloevan\/championnat-de-normandie-benjamin-2025\/"},"author":{"name":"bernanos.judo","@id":"https:\/\/judobernanos.com\/wordpressloevan\/#\/schema\/person\/64056b852d10cccde427fc555f4abe2d"},"headline":"Nos benjamins m\u00e9daill\u00e9s au Championnat de Normandie 2025 !","datePublished":"2025-05-25T17:36:00+00:00","dateModified":"2025-06-06T12:40:18+00:00","mainEntityOfPage":{"@id":"https:\/\/judobernanos.com\/wordpressloevan\/championnat-de-normandie-benjamin-2025\/"},"wordCount":184,"publisher":{"@id":"https:\/\/judobernanos.com\/wordpressloevan\/#organization"},"image":{"@id":"https:\/\/judobernanos.com\/wordpressloevan\/championnat-de-normandie-benjamin-2025\/#primaryimage"},"thumbnailUrl":"https:\/\/judobernanos.com\/wordpressloevan\/wp-content\/uploads\/2025\/06\/500588640_1245619214231013_7887135058841248641_n.jpg","articleSection":["Comp\u00e9titions \/ Passages de grade","Saison 2024\/2025"],"inLanguage":"fr-FR"},{"@type":"WebPage","@id":"https:\/\/judobernanos.com\/wordpressloevan\/championnat-de-normandie-benjamin-2025\/","url":"https:\/\/judobernanos.com\/wordpressloevan\/championnat-de-normandie-benjamin-2025\/","name":"Nos benjamins m\u00e9daill\u00e9s au Championnat de Normandie 2025 ! - JUDO BERNANOS","isPartOf":{"@id":"https:\/\/judobernanos.com\/wordpressloevan\/#website"},"primaryImageOfPage":{"@id":"https:\/\/judobernanos.com\/wordpressloevan\/championnat-de-normandie-benjamin-2025\/#primaryimage"},"image":{"@id":"https:\/\/judobernanos.com\/wordpressloevan\/championnat-de-normandie-benjamin-2025\/#primaryimage"},"thumbnailUrl":"https:\/\/judobernanos.com\/wordpressloevan\/wp-content\/uploads\/2025\/06\/500588640_1245619214231013_7887135058841248641_n.jpg","datePublished":"2025-05-25T17:36:00+00:00","dateModified":"2025-06-06T12:40:18+00:00","description":"Judo Normandie - Nos benjamins m\u00e9daill\u00e9s au Championnat de Normandie 2025 ! -Ce dimanche, nos jeunes du Judo Bernanos Le Havre","breadcrumb":{"@id":"https:\/\/judobernanos.com\/wordpressloevan\/championnat-de-normandie-benjamin-2025\/#breadcrumb"},"inLanguage":"fr-FR","potentialAction":[{"@type":"ReadAction","target":["https:\/\/judobernanos.com\/wordpressloevan\/championnat-de-normandie-benjamin-2025\/"]}]},{"@type":"ImageObject","inLanguage":"fr-FR","@id":"https:\/\/judobernanos.com\/wordpressloevan\/championnat-de-normandie-benjamin-2025\/#primaryimage","url":"https:\/\/judobernanos.com\/wordpressloevan\/wp-content\/uploads\/2025\/06\/500588640_1245619214231013_7887135058841248641_n.jpg","contentUrl":"https:\/\/judobernanos.com\/wordpressloevan\/wp-content\/uploads\/2025\/06\/500588640_1245619214231013_7887135058841248641_n.jpg","width":1536,"height":2048,"caption":"JUDO LE HAVRE BERNANOS - CHAMPIONNAT DE NORMANDIE BENJAMIN 2025 - THOMAS PRIEUR"},{"@type":"BreadcrumbList","@id":"https:\/\/judobernanos.com\/wordpressloevan\/championnat-de-normandie-benjamin-2025\/#breadcrumb","itemListElement":[{"@type":"ListItem","position":1,"name":"Accueil","item":"https:\/\/judobernanos.com\/wordpressloevan\/"},{"@type":"ListItem","position":2,"name":"Nos benjamins m\u00e9daill\u00e9s au Championnat de Normandie 2025 !"}]},{"@type":"WebSite","@id":"https:\/\/judobernanos.com\/wordpressloevan\/#website","url":"https:\/\/judobernanos.com\/wordpressloevan\/","name":"JUDO BERNANOS","description":"Le plus ancien club de judo havrais encore en activit\u00e9 .. Depuis 1968","publisher":{"@id":"https:\/\/judobernanos.com\/wordpressloevan\/#organization"},"potentialAction":[{"@type":"SearchAction","target":{"@type":"EntryPoint","urlTemplate":"https:\/\/judobernanos.com\/wordpressloevan\/?s={search_term_string}"},"query-input":{"@type":"PropertyValueSpecification","valueRequired":true,"valueName":"search_term_string"}}],"inLanguage":"fr-FR"},{"@type":"Organization","@id":"https:\/\/judobernanos.com\/wordpressloevan\/#organization","name":"Foyer G. Bernanos - Le Havre","alternateName":"Judo Bernanos","url":"https:\/\/judobernanos.com\/wordpressloevan\/","logo":{"@type":"ImageObject","inLanguage":"fr-FR","@id":"https:\/\/judobernanos.com\/wordpressloevan\/#\/schema\/logo\/image\/","url":"https:\/\/judobernanos.com\/wordpressloevan\/wp-content\/uploads\/2022\/01\/cropped-cropped-cropped-IMG_7125.png","contentUrl":"https:\/\/judobernanos.com\/wordpressloevan\/wp-content\/uploads\/2022\/01\/cropped-cropped-cropped-IMG_7125.png","width":240,"height":240,"caption":"Foyer G. Bernanos - Le Havre"},"image":{"@id":"https:\/\/judobernanos.com\/wordpressloevan\/#\/schema\/logo\/image\/"},"sameAs":["https:\/\/www.facebook.com\/judobernanos","https:\/\/www.instagram.com\/bernanos.judo\/","https:\/\/www.youtube.com\/channel\/UC0ZX9zVT2ICb4Hi63_B9Vfg"]},{"@type":"Person","@id":"https:\/\/judobernanos.com\/wordpressloevan\/#\/schema\/person\/64056b852d10cccde427fc555f4abe2d","name":"bernanos.judo","image":{"@type":"ImageObject","inLanguage":"fr-FR","@id":"https:\/\/secure.gravatar.com\/avatar\/2690c5a5885dd2762e74ba20cc34b03ecfa94873704af62313bca5e6a49f9290?s=96&d=blank&r=g","url":"https:\/\/secure.gravatar.com\/avatar\/2690c5a5885dd2762e74ba20cc34b03ecfa94873704af62313bca5e6a49f9290?s=96&d=blank&r=g","contentUrl":"https:\/\/secure.gravatar.com\/avatar\/2690c5a5885dd2762e74ba20cc34b03ecfa94873704af62313bca5e6a49f9290?s=96&d=blank&r=g","caption":"bernanos.judo"},"url":"https:\/\/judobernanos.com\/wordpressloevan\/author\/bernanos-judo\/"}]}},"jetpack_featured_media_url":"https:\/\/judobernanos.com\/wordpressloevan\/wp-content\/uploads\/2025\/06\/500588640_1245619214231013_7887135058841248641_n.jpg","_links":{"self":[{"href":"https:\/\/judobernanos.com\/wordpressloevan\/wp-json\/wp\/v2\/posts\/9058","targetHints":{"allow":["GET"]}}],"collection":[{"href":"https:\/\/judobernanos.com\/wordpressloevan\/wp-json\/wp\/v2\/posts"}],"about":[{"href":"https:\/\/judobernanos.com\/wordpressloevan\/wp-json\/wp\/v2\/types\/post"}],"author":[{"embeddable":true,"href":"https:\/\/judobernanos.com\/wordpressloevan\/wp-json\/wp\/v2\/users\/120"}],"replies":[{"embeddable":true,"href":"https:\/\/judobernanos.com\/wordpressloevan\/wp-json\/wp\/v2\/comments?post=9058"}],"version-history":[{"count":7,"href":"https:\/\/judobernanos.com\/wordpressloevan\/wp-json\/wp\/v2\/posts\/9058\/revisions"}],"predecessor-version":[{"id":9069,"href":"https:\/\/judobernanos.com\/wordpressloevan\/wp-json\/wp\/v2\/posts\/9058\/revisions\/9069"}],"wp:featuredmedia":[{"embeddable":true,"href":"https:\/\/judobernanos.com\/wordpressloevan\/wp-json\/wp\/v2\/media\/9061"}],"wp:attachment":[{"href":"https:\/\/judobernanos.com\/wordpressloevan\/wp-json\/wp\/v2\/media?parent=9058"}],"wp:term":[{"taxonomy":"category","embeddable":true,"href":"https:\/\/judobernanos.com\/wordpressloevan\/wp-json\/wp\/v2\/categories?post=9058"},{"taxonomy":"post_tag","embeddable":true,"href":"https:\/\/judobernanos.com\/wordpressloevan\/wp-json\/wp\/v2\/tags?post=9058"}],"curies":[{"name":"wp","href":"https:\/\/api.w.org\/{rel}","templated":true}]}}