{"id":8797,"date":"2024-11-10T14:14:57","date_gmt":"2024-11-10T13:14:57","guid":{"rendered":"https:\/\/judobernanos.com\/wordpressloevan\/?p=8797"},"modified":"2024-12-18T14:18:41","modified_gmt":"2024-12-18T13:18:41","slug":"institut-du-judo","status":"publish","type":"post","link":"https:\/\/judobernanos.com\/wordpressloevan\/institut-du-judo\/","title":{"rendered":"R\u00c9SULTATS DU WEEK-END &#8211; INSTITUT DU JUDO"},"content":{"rendered":"\t\t<div data-elementor-type=\"wp-post\" data-elementor-id=\"8797\" class=\"elementor elementor-8797\">\n\t\t\t\t\t\t<section class=\"elementor-section elementor-top-section elementor-element elementor-element-6892ff3 elementor-section-boxed elementor-section-height-default elementor-section-height-default\" data-id=\"6892ff3\" data-element_type=\"section\" data-e-type=\"section\">\n\t\t\t\t\t\t<div class=\"elementor-container elementor-column-gap-default\">\n\t\t\t\t\t<div class=\"elementor-column elementor-col-100 elementor-top-column elementor-element elementor-element-269c55a\" data-id=\"269c55a\" data-element_type=\"column\" data-e-type=\"column\">\n\t\t\t<div class=\"elementor-widget-wrap elementor-element-populated\">\n\t\t\t\t\t\t<div class=\"elementor-element elementor-element-38abf4c elementor-widget elementor-widget-heading\" data-id=\"38abf4c\" data-element_type=\"widget\" data-e-type=\"widget\" data-widget_type=\"heading.default\">\n\t\t\t\t<div class=\"elementor-widget-container\">\n\t\t\t\t\t<h2 class=\"elementor-heading-title elementor-size-default\">R\u00c9SULTATS DU WEEK-END - INSTITUT DU JUDO<\/h2>\t\t\t\t<\/div>\n\t\t\t\t<\/div>\n\t\t\t\t\t<\/div>\n\t\t<\/div>\n\t\t\t\t\t<\/div>\n\t\t<\/section>\n\t\t\t\t<section class=\"elementor-section elementor-top-section elementor-element elementor-element-3b4ed4e elementor-section-boxed elementor-section-height-default elementor-section-height-default\" data-id=\"3b4ed4e\" data-element_type=\"section\" data-e-type=\"section\">\n\t\t\t\t\t\t<div class=\"elementor-container elementor-column-gap-default\">\n\t\t\t\t\t<div class=\"elementor-column elementor-col-100 elementor-top-column elementor-element elementor-element-2c1e3a1\" data-id=\"2c1e3a1\" data-element_type=\"column\" data-e-type=\"column\">\n\t\t\t<div class=\"elementor-widget-wrap elementor-element-populated\">\n\t\t\t\t\t\t<div class=\"elementor-element elementor-element-2902ecc elementor-widget elementor-widget-text-editor\" data-id=\"2902ecc\" data-element_type=\"widget\" data-e-type=\"widget\" data-widget_type=\"text-editor.default\">\n\t\t\t\t<div class=\"elementor-widget-container\">\n\t\t\t\t\t\t\t\t\t<div class=\"x11i5rnm xat24cr x1mh8g0r x1vvkbs xtlvy1s x126k92a\"><div dir=\"auto\"><span class=\"html-span xexx8yu x4uap5 x18d9i69 xkhd6sd x1hl2dhg x16tdsg8 x1vvkbs x3nfvp2 x1j61x8r x1fcty0u xdj266r xat24cr xgzva0m xhhsvwb xxymvpz xlup9mm x1kky2od\"><img decoding=\"async\" class=\"xz74otr\" src=\"https:\/\/static.xx.fbcdn.net\/images\/emoji.php\/v9\/t33\/2\/16\/1f947.png\" alt=\"\ud83e\udd47\" width=\"16\" height=\"16\" \/><\/span> | Premi\u00e8re comp\u00e9tition et \u00e9v\u00e9nement sportif de la saison pour nos judoka du Judo Bernanos ! Sara Chehidi combattait ce samedi au Tournoi satellite Minimes o\u00f9 elle monte sur la plus haute marche du podium. Une comp\u00e9tition qui permet de voir le niveau et de faire la passerelle pour sa premi\u00e8re ann\u00e9e de Minimes.<\/div><div dir=\"auto\">\u00a0<\/div><\/div><div class=\"x11i5rnm xat24cr x1mh8g0r x1vvkbs xtlvy1s x126k92a\"><div dir=\"auto\"><span class=\"html-span xexx8yu x4uap5 x18d9i69 xkhd6sd x1hl2dhg x16tdsg8 x1vvkbs x3nfvp2 x1j61x8r x1fcty0u xdj266r xat24cr xgzva0m xhhsvwb xxymvpz xlup9mm x1kky2od\"><img decoding=\"async\" class=\"xz74otr\" src=\"https:\/\/static.xx.fbcdn.net\/images\/emoji.php\/v9\/tde\/2\/16\/1f94b.png\" alt=\"\ud83e\udd4b\" width=\"16\" height=\"16\" \/><\/span> | Aujourd\u2019hui, Carole passait son Examen kata et technique pour le 6\u00e8me dan \u00e0 l\u2019Institut du Judo. Avec Mika\u00ebl, Loevan et Thierry comme partenaires. Ce ne sera malheureusement pas valid\u00e9 pour ce passage, il faudra corriger les erreurs et perfectionner cela pour la suite.<\/div><div dir=\"auto\">\u00a0<\/div><\/div><div class=\"x11i5rnm xat24cr x1mh8g0r x1vvkbs xtlvy1s x126k92a\"><div dir=\"auto\"><span class=\"html-span xexx8yu x4uap5 x18d9i69 xkhd6sd x1hl2dhg x16tdsg8 x1vvkbs x3nfvp2 x1j61x8r x1fcty0u xdj266r xat24cr xgzva0m xhhsvwb xxymvpz xlup9mm x1kky2od\"><img decoding=\"async\" class=\"xz74otr\" src=\"https:\/\/static.xx.fbcdn.net\/images\/emoji.php\/v9\/tfb\/2\/16\/1f5d3.png\" alt=\"\ud83d\uddd3\ufe0f\" width=\"16\" height=\"16\" \/><\/span> | Prochains \u00e9v\u00e8nements sportifs de ce mois : Circuit r\u00e9gional cadets \u2022 Examen kata et technique 4\u00e8me dan \u2022 Championnat de Normandie Ne-waza \u2022 Shiai \u2022 Tournoi satellite benjamins<\/div><\/div>\t\t\t\t\t\t\t\t<\/div>\n\t\t\t\t<\/div>\n\t\t\t\t\t<\/div>\n\t\t<\/div>\n\t\t\t\t\t<\/div>\n\t\t<\/section>\n\t\t\t\t<section class=\"elementor-section elementor-top-section elementor-element elementor-element-c2b5e67 elementor-section-boxed elementor-section-height-default elementor-section-height-default\" data-id=\"c2b5e67\" data-element_type=\"section\" data-e-type=\"section\">\n\t\t\t\t\t\t<div class=\"elementor-container elementor-column-gap-default\">\n\t\t\t\t\t<div class=\"elementor-column elementor-col-100 elementor-top-column elementor-element elementor-element-6c0dbba\" data-id=\"6c0dbba\" data-element_type=\"column\" data-e-type=\"column\">\n\t\t\t<div class=\"elementor-widget-wrap elementor-element-populated\">\n\t\t\t\t\t\t<div class=\"elementor-element elementor-element-e6a3f98 elementor-arrows-position-inside elementor-pagination-position-outside elementor-widget elementor-widget-image-carousel\" data-id=\"e6a3f98\" data-element_type=\"widget\" data-e-type=\"widget\" data-settings=\"{&quot;slides_to_show&quot;:&quot;2&quot;,&quot;navigation&quot;:&quot;both&quot;,&quot;autoplay&quot;:&quot;yes&quot;,&quot;pause_on_hover&quot;:&quot;yes&quot;,&quot;pause_on_interaction&quot;:&quot;yes&quot;,&quot;autoplay_speed&quot;:5000,&quot;infinite&quot;:&quot;yes&quot;,&quot;speed&quot;:500,&quot;image_spacing_custom&quot;:{&quot;unit&quot;:&quot;px&quot;,&quot;size&quot;:20,&quot;sizes&quot;:[]},&quot;image_spacing_custom_tablet&quot;:{&quot;unit&quot;:&quot;px&quot;,&quot;size&quot;:&quot;&quot;,&quot;sizes&quot;:[]},&quot;image_spacing_custom_mobile&quot;:{&quot;unit&quot;:&quot;px&quot;,&quot;size&quot;:&quot;&quot;,&quot;sizes&quot;:[]}}\" data-widget_type=\"image-carousel.default\">\n\t\t\t\t<div class=\"elementor-widget-container\">\n\t\t\t\t\t\t\t<div class=\"elementor-image-carousel-wrapper swiper\" role=\"region\" aria-roledescription=\"carousel\" aria-label=\"Carrousel d\u2019images\" dir=\"ltr\">\n\t\t\t<div class=\"elementor-image-carousel swiper-wrapper\" aria-live=\"off\">\n\t\t\t\t\t\t\t\t<div class=\"swiper-slide\" role=\"group\" aria-roledescription=\"slide\" aria-label=\"1 sur 4\"><figure class=\"swiper-slide-inner\"><img decoding=\"async\" class=\"swiper-slide-image\" src=\"https:\/\/judobernanos.com\/wordpressloevan\/wp-content\/uploads\/2024\/12\/6EME-DAN-INSTITUT-DU-JUDO-CAROLE-LE-COADOU-768x432.jpeg\" alt=\"6E\u0300ME DAN INSTITUT DU JUDO - CAROLE LE COADOU\" \/><\/figure><\/div><div class=\"swiper-slide\" role=\"group\" aria-roledescription=\"slide\" aria-label=\"2 sur 4\"><figure class=\"swiper-slide-inner\"><img decoding=\"async\" class=\"swiper-slide-image\" src=\"https:\/\/judobernanos.com\/wordpressloevan\/wp-content\/uploads\/2024\/12\/6EME-DAN-INSTITUT-DU-JUDO-CAROLE-LE-COADOU-1-768x432.jpeg\" alt=\"6E\u0300ME DAN INSTITUT DU JUDO - CAROLE LE COADOU 1\" \/><\/figure><\/div><div class=\"swiper-slide\" role=\"group\" aria-roledescription=\"slide\" aria-label=\"3 sur 4\"><figure class=\"swiper-slide-inner\"><img decoding=\"async\" class=\"swiper-slide-image\" src=\"https:\/\/judobernanos.com\/wordpressloevan\/wp-content\/uploads\/2024\/12\/GONFREVILLE-LORCHER-JUDO-BERNANOS-768x1365.jpeg\" alt=\"GONFREVILLE L&#039;ORCHER JUDO BERNANOS\" \/><\/figure><\/div><div class=\"swiper-slide\" role=\"group\" aria-roledescription=\"slide\" aria-label=\"4 sur 4\"><figure class=\"swiper-slide-inner\"><img decoding=\"async\" class=\"swiper-slide-image\" src=\"https:\/\/judobernanos.com\/wordpressloevan\/wp-content\/uploads\/2024\/12\/6EME-DAN-INSTITUT-DU-JUDO-CAROLE-LE-COADOU-2-768x432.jpeg\" alt=\"6E\u0300ME DAN INSTITUT DU JUDO - CAROLE LE COADOU 2\" \/><\/figure><\/div>\t\t\t<\/div>\n\t\t\t\t\t\t\t\t\t\t\t\t<div class=\"elementor-swiper-button elementor-swiper-button-prev\" role=\"button\" tabindex=\"0\">\n\t\t\t\t\t\t<svg aria-hidden=\"true\" class=\"e-font-icon-svg e-eicon-chevron-left\" viewBox=\"0 0 1000 1000\" xmlns=\"http:\/\/www.w3.org\/2000\/svg\"><path d=\"M646 125C629 125 613 133 604 142L308 442C296 454 292 471 292 487 292 504 296 521 308 533L604 854C617 867 629 875 646 875 663 875 679 871 692 858 704 846 713 829 713 812 713 796 708 779 692 767L438 487 692 225C700 217 708 204 708 187 708 171 704 154 692 142 675 129 663 125 646 125Z\"><\/path><\/svg>\t\t\t\t\t<\/div>\n\t\t\t\t\t<div class=\"elementor-swiper-button elementor-swiper-button-next\" role=\"button\" tabindex=\"0\">\n\t\t\t\t\t\t<svg aria-hidden=\"true\" class=\"e-font-icon-svg e-eicon-chevron-right\" viewBox=\"0 0 1000 1000\" xmlns=\"http:\/\/www.w3.org\/2000\/svg\"><path d=\"M696 533C708 521 713 504 713 487 713 471 708 454 696 446L400 146C388 133 375 125 354 125 338 125 325 129 313 142 300 154 292 171 292 187 292 204 296 221 308 233L563 492 304 771C292 783 288 800 288 817 288 833 296 850 308 863 321 871 338 875 354 875 371 875 388 867 400 854L696 533Z\"><\/path><\/svg>\t\t\t\t\t<\/div>\n\t\t\t\t\n\t\t\t\t\t\t\t\t\t<div class=\"swiper-pagination\"><\/div>\n\t\t\t\t\t\t\t\t\t<\/div>\n\t\t\t\t\t\t<\/div>\n\t\t\t\t<\/div>\n\t\t\t\t\t<\/div>\n\t\t<\/div>\n\t\t\t\t\t<\/div>\n\t\t<\/section>\n\t\t\t\t<\/div>\n\t\t","protected":false},"excerpt":{"rendered":"<p>R\u00c9SULTATS DU WEEK-END &#8211; INSTITUT DU JUDO | Premi\u00e8re comp\u00e9tition et \u00e9v\u00e9nement sportif de la saison pour nos judoka du Judo Bernanos ! Sara Chehidi combattait ce samedi au Tournoi satellite Minimes o\u00f9 elle monte sur la plus haute marche du podium. Une comp\u00e9tition qui permet de voir le niveau et de faire la passerelle&hellip;&nbsp;<a href=\"https:\/\/judobernanos.com\/wordpressloevan\/institut-du-judo\/\" rel=\"bookmark\"><span class=\"screen-reader-text\">R\u00c9SULTATS DU WEEK-END &#8211; INSTITUT DU JUDO<\/span><\/a><\/p>\n","protected":false},"author":120,"featured_media":8801,"comment_status":"closed","ping_status":"closed","sticky":false,"template":"","format":"standard","meta":{"_monsterinsights_skip_tracking":false,"_monsterinsights_sitenote_active":false,"_monsterinsights_sitenote_note":"","_monsterinsights_sitenote_category":0,"neve_meta_sidebar":"","neve_meta_container":"","neve_meta_enable_content_width":"","neve_meta_content_width":0,"neve_meta_title_alignment":"","neve_meta_author_avatar":"","neve_post_elements_order":"","neve_meta_disable_header":"","neve_meta_disable_footer":"","neve_meta_disable_title":"","footnotes":""},"categories":[30,66],"tags":[],"class_list":["post-8797","post","type-post","status-publish","format-standard","has-post-thumbnail","hentry","category-competitions-passages-de-grade","category-saison-2024-2025"],"yoast_head":"<!-- This site is optimized with the Yoast SEO plugin v27.5 - https:\/\/yoast.com\/product\/yoast-seo-wordpress\/ -->\n<title>R\u00c9SULTATS DU WEEK-END - INSTITUT DU JUDO - JUDO BERNANOS<\/title>\n<meta name=\"description\" content=\"R\u00c9SULTATS DU WEEK-END - INSTITUT DU JUDO \ud83e\udd47 | Premi\u00e8re comp\u00e9tition et \u00e9v\u00e9nement sportif de la saison pour nos judoka du Judo Bernanos !\" \/>\n<meta name=\"robots\" content=\"index, follow, max-snippet:-1, max-image-preview:large, max-video-preview:-1\" \/>\n<link rel=\"canonical\" href=\"https:\/\/judobernanos.com\/wordpressloevan\/institut-du-judo\/\" \/>\n<meta property=\"og:locale\" content=\"fr_FR\" \/>\n<meta property=\"og:type\" content=\"article\" \/>\n<meta property=\"og:title\" content=\"R\u00c9SULTATS DU WEEK-END - INSTITUT DU JUDO - JUDO BERNANOS\" \/>\n<meta property=\"og:description\" content=\"R\u00c9SULTATS DU WEEK-END - INSTITUT DU JUDO \ud83e\udd47 | Premi\u00e8re comp\u00e9tition et \u00e9v\u00e9nement sportif de la saison pour nos judoka du Judo Bernanos !\" \/>\n<meta property=\"og:url\" content=\"https:\/\/judobernanos.com\/wordpressloevan\/institut-du-judo\/\" \/>\n<meta property=\"og:site_name\" content=\"JUDO BERNANOS\" \/>\n<meta property=\"article:publisher\" content=\"https:\/\/www.facebook.com\/judobernanos\" \/>\n<meta property=\"article:published_time\" content=\"2024-11-10T13:14:57+00:00\" \/>\n<meta property=\"article:modified_time\" content=\"2024-12-18T13:18:41+00:00\" \/>\n<meta property=\"og:image\" content=\"https:\/\/judobernanos.com\/wordpressloevan\/wp-content\/uploads\/2024\/12\/6EME-DAN-INSTITUT-DU-JUDO-CAROLE-LE-COADOU.jpeg\" \/>\n\t<meta property=\"og:image:width\" content=\"960\" \/>\n\t<meta property=\"og:image:height\" content=\"540\" \/>\n\t<meta property=\"og:image:type\" content=\"image\/jpeg\" \/>\n<meta name=\"author\" content=\"bernanos.judo\" \/>\n<meta name=\"twitter:card\" content=\"summary_large_image\" \/>\n<meta name=\"twitter:label1\" content=\"\u00c9crit par\" \/>\n\t<meta name=\"twitter:data1\" content=\"bernanos.judo\" \/>\n\t<meta name=\"twitter:label2\" content=\"Dur\u00e9e de lecture estim\u00e9e\" \/>\n\t<meta name=\"twitter:data2\" content=\"3 minutes\" \/>\n<script type=\"application\/ld+json\" class=\"yoast-schema-graph\">{\"@context\":\"https:\\\/\\\/schema.org\",\"@graph\":[{\"@type\":\"NewsArticle\",\"@id\":\"https:\\\/\\\/judobernanos.com\\\/wordpressloevan\\\/institut-du-judo\\\/#article\",\"isPartOf\":{\"@id\":\"https:\\\/\\\/judobernanos.com\\\/wordpressloevan\\\/institut-du-judo\\\/\"},\"author\":{\"name\":\"bernanos.judo\",\"@id\":\"https:\\\/\\\/judobernanos.com\\\/wordpressloevan\\\/#\\\/schema\\\/person\\\/64056b852d10cccde427fc555f4abe2d\"},\"headline\":\"R\u00c9SULTATS DU WEEK-END &#8211; INSTITUT DU JUDO\",\"datePublished\":\"2024-11-10T13:14:57+00:00\",\"dateModified\":\"2024-12-18T13:18:41+00:00\",\"mainEntityOfPage\":{\"@id\":\"https:\\\/\\\/judobernanos.com\\\/wordpressloevan\\\/institut-du-judo\\\/\"},\"wordCount\":144,\"publisher\":{\"@id\":\"https:\\\/\\\/judobernanos.com\\\/wordpressloevan\\\/#organization\"},\"image\":{\"@id\":\"https:\\\/\\\/judobernanos.com\\\/wordpressloevan\\\/institut-du-judo\\\/#primaryimage\"},\"thumbnailUrl\":\"https:\\\/\\\/judobernanos.com\\\/wordpressloevan\\\/wp-content\\\/uploads\\\/2024\\\/12\\\/6EME-DAN-INSTITUT-DU-JUDO-CAROLE-LE-COADOU.jpeg\",\"articleSection\":[\"Comp\u00e9titions \\\/ Passages de grade\",\"Saison 2024\\\/2025\"],\"inLanguage\":\"fr-FR\"},{\"@type\":\"WebPage\",\"@id\":\"https:\\\/\\\/judobernanos.com\\\/wordpressloevan\\\/institut-du-judo\\\/\",\"url\":\"https:\\\/\\\/judobernanos.com\\\/wordpressloevan\\\/institut-du-judo\\\/\",\"name\":\"R\u00c9SULTATS DU WEEK-END - INSTITUT DU JUDO - JUDO BERNANOS\",\"isPartOf\":{\"@id\":\"https:\\\/\\\/judobernanos.com\\\/wordpressloevan\\\/#website\"},\"primaryImageOfPage\":{\"@id\":\"https:\\\/\\\/judobernanos.com\\\/wordpressloevan\\\/institut-du-judo\\\/#primaryimage\"},\"image\":{\"@id\":\"https:\\\/\\\/judobernanos.com\\\/wordpressloevan\\\/institut-du-judo\\\/#primaryimage\"},\"thumbnailUrl\":\"https:\\\/\\\/judobernanos.com\\\/wordpressloevan\\\/wp-content\\\/uploads\\\/2024\\\/12\\\/6EME-DAN-INSTITUT-DU-JUDO-CAROLE-LE-COADOU.jpeg\",\"datePublished\":\"2024-11-10T13:14:57+00:00\",\"dateModified\":\"2024-12-18T13:18:41+00:00\",\"description\":\"R\u00c9SULTATS DU WEEK-END - INSTITUT DU JUDO \ud83e\udd47 | Premi\u00e8re comp\u00e9tition et \u00e9v\u00e9nement sportif de la saison pour nos judoka du Judo Bernanos !\",\"breadcrumb\":{\"@id\":\"https:\\\/\\\/judobernanos.com\\\/wordpressloevan\\\/institut-du-judo\\\/#breadcrumb\"},\"inLanguage\":\"fr-FR\",\"potentialAction\":[{\"@type\":\"ReadAction\",\"target\":[\"https:\\\/\\\/judobernanos.com\\\/wordpressloevan\\\/institut-du-judo\\\/\"]}]},{\"@type\":\"ImageObject\",\"inLanguage\":\"fr-FR\",\"@id\":\"https:\\\/\\\/judobernanos.com\\\/wordpressloevan\\\/institut-du-judo\\\/#primaryimage\",\"url\":\"https:\\\/\\\/judobernanos.com\\\/wordpressloevan\\\/wp-content\\\/uploads\\\/2024\\\/12\\\/6EME-DAN-INSTITUT-DU-JUDO-CAROLE-LE-COADOU.jpeg\",\"contentUrl\":\"https:\\\/\\\/judobernanos.com\\\/wordpressloevan\\\/wp-content\\\/uploads\\\/2024\\\/12\\\/6EME-DAN-INSTITUT-DU-JUDO-CAROLE-LE-COADOU.jpeg\",\"width\":960,\"height\":540},{\"@type\":\"BreadcrumbList\",\"@id\":\"https:\\\/\\\/judobernanos.com\\\/wordpressloevan\\\/institut-du-judo\\\/#breadcrumb\",\"itemListElement\":[{\"@type\":\"ListItem\",\"position\":1,\"name\":\"Accueil\",\"item\":\"https:\\\/\\\/judobernanos.com\\\/wordpressloevan\\\/\"},{\"@type\":\"ListItem\",\"position\":2,\"name\":\"R\u00c9SULTATS DU WEEK-END &#8211; INSTITUT DU JUDO\"}]},{\"@type\":\"WebSite\",\"@id\":\"https:\\\/\\\/judobernanos.com\\\/wordpressloevan\\\/#website\",\"url\":\"https:\\\/\\\/judobernanos.com\\\/wordpressloevan\\\/\",\"name\":\"JUDO BERNANOS\",\"description\":\"Le plus ancien club de judo havrais encore en activit\u00e9 .. Depuis 1968\",\"publisher\":{\"@id\":\"https:\\\/\\\/judobernanos.com\\\/wordpressloevan\\\/#organization\"},\"potentialAction\":[{\"@type\":\"SearchAction\",\"target\":{\"@type\":\"EntryPoint\",\"urlTemplate\":\"https:\\\/\\\/judobernanos.com\\\/wordpressloevan\\\/?s={search_term_string}\"},\"query-input\":{\"@type\":\"PropertyValueSpecification\",\"valueRequired\":true,\"valueName\":\"search_term_string\"}}],\"inLanguage\":\"fr-FR\"},{\"@type\":\"Organization\",\"@id\":\"https:\\\/\\\/judobernanos.com\\\/wordpressloevan\\\/#organization\",\"name\":\"Foyer G. Bernanos - Le Havre\",\"alternateName\":\"Judo Bernanos\",\"url\":\"https:\\\/\\\/judobernanos.com\\\/wordpressloevan\\\/\",\"logo\":{\"@type\":\"ImageObject\",\"inLanguage\":\"fr-FR\",\"@id\":\"https:\\\/\\\/judobernanos.com\\\/wordpressloevan\\\/#\\\/schema\\\/logo\\\/image\\\/\",\"url\":\"https:\\\/\\\/judobernanos.com\\\/wordpressloevan\\\/wp-content\\\/uploads\\\/2022\\\/01\\\/cropped-cropped-cropped-IMG_7125.png\",\"contentUrl\":\"https:\\\/\\\/judobernanos.com\\\/wordpressloevan\\\/wp-content\\\/uploads\\\/2022\\\/01\\\/cropped-cropped-cropped-IMG_7125.png\",\"width\":240,\"height\":240,\"caption\":\"Foyer G. Bernanos - Le Havre\"},\"image\":{\"@id\":\"https:\\\/\\\/judobernanos.com\\\/wordpressloevan\\\/#\\\/schema\\\/logo\\\/image\\\/\"},\"sameAs\":[\"https:\\\/\\\/www.facebook.com\\\/judobernanos\",\"https:\\\/\\\/www.instagram.com\\\/bernanos.judo\\\/\",\"https:\\\/\\\/www.youtube.com\\\/channel\\\/UC0ZX9zVT2ICb4Hi63_B9Vfg\"]},{\"@type\":\"Person\",\"@id\":\"https:\\\/\\\/judobernanos.com\\\/wordpressloevan\\\/#\\\/schema\\\/person\\\/64056b852d10cccde427fc555f4abe2d\",\"name\":\"bernanos.judo\",\"image\":{\"@type\":\"ImageObject\",\"inLanguage\":\"fr-FR\",\"@id\":\"https:\\\/\\\/secure.gravatar.com\\\/avatar\\\/2690c5a5885dd2762e74ba20cc34b03ecfa94873704af62313bca5e6a49f9290?s=96&d=blank&r=g\",\"url\":\"https:\\\/\\\/secure.gravatar.com\\\/avatar\\\/2690c5a5885dd2762e74ba20cc34b03ecfa94873704af62313bca5e6a49f9290?s=96&d=blank&r=g\",\"contentUrl\":\"https:\\\/\\\/secure.gravatar.com\\\/avatar\\\/2690c5a5885dd2762e74ba20cc34b03ecfa94873704af62313bca5e6a49f9290?s=96&d=blank&r=g\",\"caption\":\"bernanos.judo\"},\"url\":\"https:\\\/\\\/judobernanos.com\\\/wordpressloevan\\\/author\\\/bernanos-judo\\\/\"}]}<\/script>\n<!-- \/ Yoast SEO plugin. -->","yoast_head_json":{"title":"R\u00c9SULTATS DU WEEK-END - INSTITUT DU JUDO - JUDO BERNANOS","description":"R\u00c9SULTATS DU WEEK-END - INSTITUT DU JUDO \ud83e\udd47 | Premi\u00e8re comp\u00e9tition et \u00e9v\u00e9nement sportif de la saison pour nos judoka du Judo Bernanos !","robots":{"index":"index","follow":"follow","max-snippet":"max-snippet:-1","max-image-preview":"max-image-preview:large","max-video-preview":"max-video-preview:-1"},"canonical":"https:\/\/judobernanos.com\/wordpressloevan\/institut-du-judo\/","og_locale":"fr_FR","og_type":"article","og_title":"R\u00c9SULTATS DU WEEK-END - INSTITUT DU JUDO - JUDO BERNANOS","og_description":"R\u00c9SULTATS DU WEEK-END - INSTITUT DU JUDO \ud83e\udd47 | Premi\u00e8re comp\u00e9tition et \u00e9v\u00e9nement sportif de la saison pour nos judoka du Judo Bernanos !","og_url":"https:\/\/judobernanos.com\/wordpressloevan\/institut-du-judo\/","og_site_name":"JUDO BERNANOS","article_publisher":"https:\/\/www.facebook.com\/judobernanos","article_published_time":"2024-11-10T13:14:57+00:00","article_modified_time":"2024-12-18T13:18:41+00:00","og_image":[{"width":960,"height":540,"url":"https:\/\/judobernanos.com\/wordpressloevan\/wp-content\/uploads\/2024\/12\/6EME-DAN-INSTITUT-DU-JUDO-CAROLE-LE-COADOU.jpeg","type":"image\/jpeg"}],"author":"bernanos.judo","twitter_card":"summary_large_image","twitter_misc":{"\u00c9crit par":"bernanos.judo","Dur\u00e9e de lecture estim\u00e9e":"3 minutes"},"schema":{"@context":"https:\/\/schema.org","@graph":[{"@type":"NewsArticle","@id":"https:\/\/judobernanos.com\/wordpressloevan\/institut-du-judo\/#article","isPartOf":{"@id":"https:\/\/judobernanos.com\/wordpressloevan\/institut-du-judo\/"},"author":{"name":"bernanos.judo","@id":"https:\/\/judobernanos.com\/wordpressloevan\/#\/schema\/person\/64056b852d10cccde427fc555f4abe2d"},"headline":"R\u00c9SULTATS DU WEEK-END &#8211; INSTITUT DU JUDO","datePublished":"2024-11-10T13:14:57+00:00","dateModified":"2024-12-18T13:18:41+00:00","mainEntityOfPage":{"@id":"https:\/\/judobernanos.com\/wordpressloevan\/institut-du-judo\/"},"wordCount":144,"publisher":{"@id":"https:\/\/judobernanos.com\/wordpressloevan\/#organization"},"image":{"@id":"https:\/\/judobernanos.com\/wordpressloevan\/institut-du-judo\/#primaryimage"},"thumbnailUrl":"https:\/\/judobernanos.com\/wordpressloevan\/wp-content\/uploads\/2024\/12\/6EME-DAN-INSTITUT-DU-JUDO-CAROLE-LE-COADOU.jpeg","articleSection":["Comp\u00e9titions \/ Passages de grade","Saison 2024\/2025"],"inLanguage":"fr-FR"},{"@type":"WebPage","@id":"https:\/\/judobernanos.com\/wordpressloevan\/institut-du-judo\/","url":"https:\/\/judobernanos.com\/wordpressloevan\/institut-du-judo\/","name":"R\u00c9SULTATS DU WEEK-END - INSTITUT DU JUDO - JUDO BERNANOS","isPartOf":{"@id":"https:\/\/judobernanos.com\/wordpressloevan\/#website"},"primaryImageOfPage":{"@id":"https:\/\/judobernanos.com\/wordpressloevan\/institut-du-judo\/#primaryimage"},"image":{"@id":"https:\/\/judobernanos.com\/wordpressloevan\/institut-du-judo\/#primaryimage"},"thumbnailUrl":"https:\/\/judobernanos.com\/wordpressloevan\/wp-content\/uploads\/2024\/12\/6EME-DAN-INSTITUT-DU-JUDO-CAROLE-LE-COADOU.jpeg","datePublished":"2024-11-10T13:14:57+00:00","dateModified":"2024-12-18T13:18:41+00:00","description":"R\u00c9SULTATS DU WEEK-END - INSTITUT DU JUDO \ud83e\udd47 | Premi\u00e8re comp\u00e9tition et \u00e9v\u00e9nement sportif de la saison pour nos judoka du Judo Bernanos !","breadcrumb":{"@id":"https:\/\/judobernanos.com\/wordpressloevan\/institut-du-judo\/#breadcrumb"},"inLanguage":"fr-FR","potentialAction":[{"@type":"ReadAction","target":["https:\/\/judobernanos.com\/wordpressloevan\/institut-du-judo\/"]}]},{"@type":"ImageObject","inLanguage":"fr-FR","@id":"https:\/\/judobernanos.com\/wordpressloevan\/institut-du-judo\/#primaryimage","url":"https:\/\/judobernanos.com\/wordpressloevan\/wp-content\/uploads\/2024\/12\/6EME-DAN-INSTITUT-DU-JUDO-CAROLE-LE-COADOU.jpeg","contentUrl":"https:\/\/judobernanos.com\/wordpressloevan\/wp-content\/uploads\/2024\/12\/6EME-DAN-INSTITUT-DU-JUDO-CAROLE-LE-COADOU.jpeg","width":960,"height":540},{"@type":"BreadcrumbList","@id":"https:\/\/judobernanos.com\/wordpressloevan\/institut-du-judo\/#breadcrumb","itemListElement":[{"@type":"ListItem","position":1,"name":"Accueil","item":"https:\/\/judobernanos.com\/wordpressloevan\/"},{"@type":"ListItem","position":2,"name":"R\u00c9SULTATS DU WEEK-END &#8211; INSTITUT DU JUDO"}]},{"@type":"WebSite","@id":"https:\/\/judobernanos.com\/wordpressloevan\/#website","url":"https:\/\/judobernanos.com\/wordpressloevan\/","name":"JUDO BERNANOS","description":"Le plus ancien club de judo havrais encore en activit\u00e9 .. Depuis 1968","publisher":{"@id":"https:\/\/judobernanos.com\/wordpressloevan\/#organization"},"potentialAction":[{"@type":"SearchAction","target":{"@type":"EntryPoint","urlTemplate":"https:\/\/judobernanos.com\/wordpressloevan\/?s={search_term_string}"},"query-input":{"@type":"PropertyValueSpecification","valueRequired":true,"valueName":"search_term_string"}}],"inLanguage":"fr-FR"},{"@type":"Organization","@id":"https:\/\/judobernanos.com\/wordpressloevan\/#organization","name":"Foyer G. Bernanos - Le Havre","alternateName":"Judo Bernanos","url":"https:\/\/judobernanos.com\/wordpressloevan\/","logo":{"@type":"ImageObject","inLanguage":"fr-FR","@id":"https:\/\/judobernanos.com\/wordpressloevan\/#\/schema\/logo\/image\/","url":"https:\/\/judobernanos.com\/wordpressloevan\/wp-content\/uploads\/2022\/01\/cropped-cropped-cropped-IMG_7125.png","contentUrl":"https:\/\/judobernanos.com\/wordpressloevan\/wp-content\/uploads\/2022\/01\/cropped-cropped-cropped-IMG_7125.png","width":240,"height":240,"caption":"Foyer G. Bernanos - Le Havre"},"image":{"@id":"https:\/\/judobernanos.com\/wordpressloevan\/#\/schema\/logo\/image\/"},"sameAs":["https:\/\/www.facebook.com\/judobernanos","https:\/\/www.instagram.com\/bernanos.judo\/","https:\/\/www.youtube.com\/channel\/UC0ZX9zVT2ICb4Hi63_B9Vfg"]},{"@type":"Person","@id":"https:\/\/judobernanos.com\/wordpressloevan\/#\/schema\/person\/64056b852d10cccde427fc555f4abe2d","name":"bernanos.judo","image":{"@type":"ImageObject","inLanguage":"fr-FR","@id":"https:\/\/secure.gravatar.com\/avatar\/2690c5a5885dd2762e74ba20cc34b03ecfa94873704af62313bca5e6a49f9290?s=96&d=blank&r=g","url":"https:\/\/secure.gravatar.com\/avatar\/2690c5a5885dd2762e74ba20cc34b03ecfa94873704af62313bca5e6a49f9290?s=96&d=blank&r=g","contentUrl":"https:\/\/secure.gravatar.com\/avatar\/2690c5a5885dd2762e74ba20cc34b03ecfa94873704af62313bca5e6a49f9290?s=96&d=blank&r=g","caption":"bernanos.judo"},"url":"https:\/\/judobernanos.com\/wordpressloevan\/author\/bernanos-judo\/"}]}},"jetpack_featured_media_url":"https:\/\/judobernanos.com\/wordpressloevan\/wp-content\/uploads\/2024\/12\/6EME-DAN-INSTITUT-DU-JUDO-CAROLE-LE-COADOU.jpeg","_links":{"self":[{"href":"https:\/\/judobernanos.com\/wordpressloevan\/wp-json\/wp\/v2\/posts\/8797","targetHints":{"allow":["GET"]}}],"collection":[{"href":"https:\/\/judobernanos.com\/wordpressloevan\/wp-json\/wp\/v2\/posts"}],"about":[{"href":"https:\/\/judobernanos.com\/wordpressloevan\/wp-json\/wp\/v2\/types\/post"}],"author":[{"embeddable":true,"href":"https:\/\/judobernanos.com\/wordpressloevan\/wp-json\/wp\/v2\/users\/120"}],"replies":[{"embeddable":true,"href":"https:\/\/judobernanos.com\/wordpressloevan\/wp-json\/wp\/v2\/comments?post=8797"}],"version-history":[{"count":4,"href":"https:\/\/judobernanos.com\/wordpressloevan\/wp-json\/wp\/v2\/posts\/8797\/revisions"}],"predecessor-version":[{"id":8805,"href":"https:\/\/judobernanos.com\/wordpressloevan\/wp-json\/wp\/v2\/posts\/8797\/revisions\/8805"}],"wp:featuredmedia":[{"embeddable":true,"href":"https:\/\/judobernanos.com\/wordpressloevan\/wp-json\/wp\/v2\/media\/8801"}],"wp:attachment":[{"href":"https:\/\/judobernanos.com\/wordpressloevan\/wp-json\/wp\/v2\/media?parent=8797"}],"wp:term":[{"taxonomy":"category","embeddable":true,"href":"https:\/\/judobernanos.com\/wordpressloevan\/wp-json\/wp\/v2\/categories?post=8797"},{"taxonomy":"post_tag","embeddable":true,"href":"https:\/\/judobernanos.com\/wordpressloevan\/wp-json\/wp\/v2\/tags?post=8797"}],"curies":[{"name":"wp","href":"https:\/\/api.w.org\/{rel}","templated":true}]}}