{"id":8303,"date":"2024-06-10T18:40:00","date_gmt":"2024-06-10T16:40:00","guid":{"rendered":"https:\/\/judobernanos.com\/wordpressloevan\/?p=8303"},"modified":"2024-07-04T10:50:22","modified_gmt":"2024-07-04T08:50:22","slug":"championnat-deurope-kata-2024","status":"publish","type":"post","link":"https:\/\/judobernanos.com\/wordpressloevan\/championnat-deurope-kata-2024\/","title":{"rendered":"CHAMPIONNAT D&#8217;EUROPE KATA 2024 &#8211; SARAJEVO"},"content":{"rendered":"\t\t<div data-elementor-type=\"wp-post\" data-elementor-id=\"8303\" class=\"elementor elementor-8303\">\n\t\t\t\t\t\t<section class=\"elementor-section elementor-top-section elementor-element elementor-element-8f54a69 elementor-section-boxed elementor-section-height-default elementor-section-height-default\" data-id=\"8f54a69\" data-element_type=\"section\" data-e-type=\"section\">\n\t\t\t\t\t\t<div class=\"elementor-container elementor-column-gap-default\">\n\t\t\t\t\t<div class=\"elementor-column elementor-col-100 elementor-top-column elementor-element elementor-element-cfebb68\" data-id=\"cfebb68\" data-element_type=\"column\" data-e-type=\"column\">\n\t\t\t<div class=\"elementor-widget-wrap elementor-element-populated\">\n\t\t\t\t\t\t<div class=\"elementor-element elementor-element-0d80fb3 elementor-widget elementor-widget-heading\" data-id=\"0d80fb3\" data-element_type=\"widget\" data-e-type=\"widget\" data-widget_type=\"heading.default\">\n\t\t\t\t<div class=\"elementor-widget-container\">\n\t\t\t\t\t<h2 class=\"elementor-heading-title elementor-size-default\">CHAMPIONNAT D'EUROPE KATA 2024<\/h2>\t\t\t\t<\/div>\n\t\t\t\t<\/div>\n\t\t\t\t\t<\/div>\n\t\t<\/div>\n\t\t\t\t\t<\/div>\n\t\t<\/section>\n\t\t\t\t<section class=\"elementor-section elementor-top-section elementor-element elementor-element-3b4e752 elementor-section-boxed elementor-section-height-default elementor-section-height-default\" data-id=\"3b4e752\" data-element_type=\"section\" data-e-type=\"section\">\n\t\t\t\t\t\t<div class=\"elementor-container elementor-column-gap-default\">\n\t\t\t\t\t<div class=\"elementor-column elementor-col-100 elementor-top-column elementor-element elementor-element-afc6aee\" data-id=\"afc6aee\" data-element_type=\"column\" data-e-type=\"column\">\n\t\t\t<div class=\"elementor-widget-wrap elementor-element-populated\">\n\t\t\t\t\t\t<div class=\"elementor-element elementor-element-1d22ba5 elementor-widget elementor-widget-text-editor\" data-id=\"1d22ba5\" data-element_type=\"widget\" data-e-type=\"widget\" data-widget_type=\"text-editor.default\">\n\t\t\t\t<div class=\"elementor-widget-container\">\n\t\t\t\t\t\t\t\t\t<div class=\"xdj266r x11i5rnm xat24cr x1mh8g0r x1vvkbs x126k92a\"><div dir=\"auto\" style=\"text-align: center;\"><strong><em>CHAMPIONNAT D\u2019EUROPE KATA 2024 &#8211; 09\/06\/2024 <span class=\"html-span xexx8yu x4uap5 x18d9i69 xkhd6sd x1hl2dhg x16tdsg8 x1vvkbs x3nfvp2 x1j61x8r x1fcty0u xdj266r xat24cr xgzva0m xhhsvwb xxymvpz xlup9mm x1kky2od\"><img decoding=\"async\" class=\"xz74otr aligncenter\" src=\"https:\/\/static.xx.fbcdn.net\/images\/emoji.php\/v9\/t48\/2\/16\/1f1e7_1f1e6.png\" alt=\"\ud83c\udde7\ud83c\udde6\" width=\"16\" height=\"16\" \/><\/span><\/em><\/strong><\/div><div dir=\"auto\">\u00a0<\/div><\/div><div class=\"x11i5rnm xat24cr x1mh8g0r x1vvkbs xtlvy1s x126k92a\"><div dir=\"auto\">J-1\u2026 Bien arriv\u00e9s hier soir \u00e0 Sarajevo pour le Championnat d\u2019Europe Kata 2024.<\/div><div dir=\"auto\">\u00a0<\/div><div dir=\"auto\">Deux judoka de notre club havrais y participent cette ann\u00e9e. Loevan et Mika\u00ebl passeront demain en Katame no Kata seniors, une trentaine de duos qui participent, un des kata les plus charg\u00e9 en participants ! Et seulement 6 duos pourront se qualifier pour les phases finales qui auront lieu le lendemain. Il va falloir tout tenter pour d\u00e9crocher cette s\u00e9lection pour la finale.<\/div><div dir=\"auto\">\u00a0<\/div><\/div><div class=\"x11i5rnm xat24cr x1mh8g0r x1vvkbs xtlvy1s x126k92a\"><div dir=\"auto\">Visite de la salle de comp\u00e9tition ce matin avec notamment le Championnat d\u2019Europe v\u00e9t\u00e9rans par \u00e9quipe, suivi d\u2019un petit tour \u00e0 Sarajevo. Entra\u00eenement il y a quelques minutes pour prendre les mesures. Nous attendons maintenant le tirage au sort qui nous indiquera les horaires de passage. Nous vous indiquons cela d\u00e8s que nous avons les infos, nous vous ferons \u00e9galement quelques lives demain pour vous montrer la comp\u00e9tition.<\/div><div dir=\"auto\">\u00a0<\/div><\/div><div class=\"x11i5rnm xat24cr x1mh8g0r x1vvkbs xtlvy1s x126k92a\"><div dir=\"auto\">\u00c0 tr\u00e8s vite pour le tirage\u2026<\/div><\/div>\t\t\t\t\t\t\t\t<\/div>\n\t\t\t\t<\/div>\n\t\t\t\t\t<\/div>\n\t\t<\/div>\n\t\t\t\t\t<\/div>\n\t\t<\/section>\n\t\t\t\t<section class=\"elementor-section elementor-top-section elementor-element elementor-element-748104a elementor-section-boxed elementor-section-height-default elementor-section-height-default\" data-id=\"748104a\" data-element_type=\"section\" data-e-type=\"section\">\n\t\t\t\t\t\t<div class=\"elementor-container elementor-column-gap-default\">\n\t\t\t\t\t<div class=\"elementor-column elementor-col-100 elementor-top-column elementor-element elementor-element-28cd8ac\" data-id=\"28cd8ac\" data-element_type=\"column\" data-e-type=\"column\">\n\t\t\t<div class=\"elementor-widget-wrap elementor-element-populated\">\n\t\t\t\t\t\t<div class=\"elementor-element elementor-element-cf8fd1c elementor-arrows-position-inside elementor-pagination-position-outside elementor-widget elementor-widget-image-carousel\" data-id=\"cf8fd1c\" data-element_type=\"widget\" data-e-type=\"widget\" data-settings=\"{&quot;slides_to_show&quot;:&quot;2&quot;,&quot;navigation&quot;:&quot;both&quot;,&quot;autoplay&quot;:&quot;yes&quot;,&quot;pause_on_hover&quot;:&quot;yes&quot;,&quot;pause_on_interaction&quot;:&quot;yes&quot;,&quot;autoplay_speed&quot;:5000,&quot;infinite&quot;:&quot;yes&quot;,&quot;speed&quot;:500,&quot;image_spacing_custom&quot;:{&quot;unit&quot;:&quot;px&quot;,&quot;size&quot;:20,&quot;sizes&quot;:[]},&quot;image_spacing_custom_tablet&quot;:{&quot;unit&quot;:&quot;px&quot;,&quot;size&quot;:&quot;&quot;,&quot;sizes&quot;:[]},&quot;image_spacing_custom_mobile&quot;:{&quot;unit&quot;:&quot;px&quot;,&quot;size&quot;:&quot;&quot;,&quot;sizes&quot;:[]}}\" data-widget_type=\"image-carousel.default\">\n\t\t\t\t<div class=\"elementor-widget-container\">\n\t\t\t\t\t\t\t<div class=\"elementor-image-carousel-wrapper swiper\" role=\"region\" aria-roledescription=\"carousel\" aria-label=\"Carrousel d\u2019images\" dir=\"ltr\">\n\t\t\t<div class=\"elementor-image-carousel swiper-wrapper\" aria-live=\"off\">\n\t\t\t\t\t\t\t\t<div class=\"swiper-slide\" role=\"group\" aria-roledescription=\"slide\" aria-label=\"1 sur 7\"><figure class=\"swiper-slide-inner\"><img decoding=\"async\" class=\"swiper-slide-image\" src=\"https:\/\/judobernanos.com\/wordpressloevan\/wp-content\/uploads\/2024\/07\/447978887_967952978664306_933363247439373256_n-768x432.jpeg\" alt=\"CHAMPIONNAT D&#039;EUROPE KATA 2024 - BERNANOS JUDO LE HAVRE\" \/><\/figure><\/div><div class=\"swiper-slide\" role=\"group\" aria-roledescription=\"slide\" aria-label=\"2 sur 7\"><figure class=\"swiper-slide-inner\"><img decoding=\"async\" class=\"swiper-slide-image\" src=\"https:\/\/judobernanos.com\/wordpressloevan\/wp-content\/uploads\/2024\/07\/448091382_967953151997622_1637471098680065216_n-768x1364.jpeg\" alt=\"CHAMPIONNAT D&#039;EUROPE KATA 2024 - LOEVAN LE COADOU - 2LC PRODUCTION\" \/><\/figure><\/div><div class=\"swiper-slide\" role=\"group\" aria-roledescription=\"slide\" aria-label=\"3 sur 7\"><figure class=\"swiper-slide-inner\"><img decoding=\"async\" class=\"swiper-slide-image\" src=\"https:\/\/judobernanos.com\/wordpressloevan\/wp-content\/uploads\/2024\/07\/447764353_967952515331019_2145264661793359381_n.jpeg\" alt=\"CHAMPIONNAT D&#039;EUROPE KATA 2024 - BERNANOS JUDO LE HAVRE\" \/><\/figure><\/div><div class=\"swiper-slide\" role=\"group\" aria-roledescription=\"slide\" aria-label=\"4 sur 7\"><figure class=\"swiper-slide-inner\"><img decoding=\"async\" class=\"swiper-slide-image\" src=\"https:\/\/judobernanos.com\/wordpressloevan\/wp-content\/uploads\/2024\/07\/448090969_967953078664296_5994479366288958785_n-768x1365.jpeg\" alt=\"CHAMPIONNAT D&#039;EUROPE KATA 2024 - BERNANOS JUDO LE HAVRE\" \/><\/figure><\/div><div class=\"swiper-slide\" role=\"group\" aria-roledescription=\"slide\" aria-label=\"5 sur 7\"><figure class=\"swiper-slide-inner\"><img decoding=\"async\" class=\"swiper-slide-image\" src=\"https:\/\/judobernanos.com\/wordpressloevan\/wp-content\/uploads\/2024\/07\/448091537_967953128664291_8865621274383736612_n-768x1365.jpeg\" alt=\"CHAMPIONNAT D&#039;EUROPE KATA 2024 - BERNANOS JUDO LE HAVRE\" \/><\/figure><\/div><div class=\"swiper-slide\" role=\"group\" aria-roledescription=\"slide\" aria-label=\"6 sur 7\"><figure class=\"swiper-slide-inner\"><img decoding=\"async\" class=\"swiper-slide-image\" src=\"https:\/\/judobernanos.com\/wordpressloevan\/wp-content\/uploads\/2024\/07\/448090825_967953201997617_6713759823897200704_n-768x1365.jpeg\" alt=\"CHAMPIONNAT D&#039;EUROPE KATA 2024 - BERNANOS JUDO LE HAVRE\" \/><\/figure><\/div><div class=\"swiper-slide\" role=\"group\" aria-roledescription=\"slide\" aria-label=\"7 sur 7\"><figure class=\"swiper-slide-inner\"><img decoding=\"async\" class=\"swiper-slide-image\" src=\"https:\/\/judobernanos.com\/wordpressloevan\/wp-content\/uploads\/2024\/07\/448094387_967953091997628_7884705532909188739_n-768x1365.jpeg\" alt=\"CHAMPIONNAT D&#039;EUROPE KATA 2024 - BERNANOS JUDO LE HAVRE\" \/><\/figure><\/div>\t\t\t<\/div>\n\t\t\t\t\t\t\t\t\t\t\t\t<div class=\"elementor-swiper-button elementor-swiper-button-prev\" role=\"button\" tabindex=\"0\">\n\t\t\t\t\t\t<svg aria-hidden=\"true\" class=\"e-font-icon-svg e-eicon-chevron-left\" viewBox=\"0 0 1000 1000\" xmlns=\"http:\/\/www.w3.org\/2000\/svg\"><path d=\"M646 125C629 125 613 133 604 142L308 442C296 454 292 471 292 487 292 504 296 521 308 533L604 854C617 867 629 875 646 875 663 875 679 871 692 858 704 846 713 829 713 812 713 796 708 779 692 767L438 487 692 225C700 217 708 204 708 187 708 171 704 154 692 142 675 129 663 125 646 125Z\"><\/path><\/svg>\t\t\t\t\t<\/div>\n\t\t\t\t\t<div class=\"elementor-swiper-button elementor-swiper-button-next\" role=\"button\" tabindex=\"0\">\n\t\t\t\t\t\t<svg aria-hidden=\"true\" class=\"e-font-icon-svg e-eicon-chevron-right\" viewBox=\"0 0 1000 1000\" xmlns=\"http:\/\/www.w3.org\/2000\/svg\"><path d=\"M696 533C708 521 713 504 713 487 713 471 708 454 696 446L400 146C388 133 375 125 354 125 338 125 325 129 313 142 300 154 292 171 292 187 292 204 296 221 308 233L563 492 304 771C292 783 288 800 288 817 288 833 296 850 308 863 321 871 338 875 354 875 371 875 388 867 400 854L696 533Z\"><\/path><\/svg>\t\t\t\t\t<\/div>\n\t\t\t\t\n\t\t\t\t\t\t\t\t\t<div class=\"swiper-pagination\"><\/div>\n\t\t\t\t\t\t\t\t\t<\/div>\n\t\t\t\t\t\t<\/div>\n\t\t\t\t<\/div>\n\t\t\t\t\t<\/div>\n\t\t<\/div>\n\t\t\t\t\t<\/div>\n\t\t<\/section>\n\t\t\t\t<section class=\"elementor-section elementor-top-section elementor-element elementor-element-ca981d2 elementor-section-boxed elementor-section-height-default elementor-section-height-default\" data-id=\"ca981d2\" data-element_type=\"section\" data-e-type=\"section\">\n\t\t\t\t\t\t<div class=\"elementor-container elementor-column-gap-default\">\n\t\t\t\t\t<div class=\"elementor-column elementor-col-100 elementor-top-column elementor-element elementor-element-c0e2f04\" data-id=\"c0e2f04\" data-element_type=\"column\" data-e-type=\"column\">\n\t\t\t<div class=\"elementor-widget-wrap elementor-element-populated\">\n\t\t\t\t\t\t<div class=\"elementor-element elementor-element-57408ab elementor-widget elementor-widget-text-editor\" data-id=\"57408ab\" data-element_type=\"widget\" data-e-type=\"widget\" data-widget_type=\"text-editor.default\">\n\t\t\t\t<div class=\"elementor-widget-container\">\n\t\t\t\t\t\t\t\t\t<div class=\"xdj266r x11i5rnm xat24cr x1mh8g0r x1vvkbs x126k92a\"><div dir=\"auto\" style=\"text-align: center;\"><strong><em>CHAMPIONNAT D\u2019EUROPE KATA 2024 &#8211; 10\/06\/2024 <span class=\"html-span xexx8yu x4uap5 x18d9i69 xkhd6sd x1hl2dhg x16tdsg8 x1vvkbs x3nfvp2 x1j61x8r x1fcty0u xdj266r xat24cr xgzva0m xhhsvwb xxymvpz xlup9mm x1kky2od\"><img decoding=\"async\" class=\"xz74otr aligncenter\" src=\"https:\/\/static.xx.fbcdn.net\/images\/emoji.php\/v9\/t48\/2\/16\/1f1e7_1f1e6.png\" alt=\"\ud83c\udde7\ud83c\udde6\" width=\"16\" height=\"16\" \/><\/span><\/em><\/strong><\/div><\/div><div dir=\"auto\"><div class=\"x11i5rnm xat24cr x1mh8g0r x1vvkbs xtlvy1s x126k92a\"><div dir=\"auto\">Fin de la comp\u00e9tition pour nous aujourd\u2019hui mais avec, n\u00e9anmoins, une belle performance ! Une 5\u00e8me place dans notre poule de 15 \u00e0 seulement 12,5 points de la qualification pour la phase finale.<\/div><div dir=\"auto\">\u00a0<\/div><div dir=\"auto\">Une premi\u00e8re ann\u00e9e en Katame no kata seniors et nous sommes dans la partie haute du classement global de ce Championnat d\u2019Europe ! Un kata relev\u00e9 avec un gros nombre de participants. Forc\u00e9ment un peu d\u00e9\u00e7u car nous \u00e9tions proches de la finale mais une grosse am\u00e9lioration par rapport au d\u00e9but de saison qui se confirme par le classement.<\/div><div dir=\"auto\">\u00a0<\/div><\/div><div class=\"x11i5rnm xat24cr x1mh8g0r x1vvkbs xtlvy1s x126k92a\"><div dir=\"auto\">Rendez-vous demain pour le reste de la comp\u00e9tition avec encore quelques duos fran\u00e7ais en lise pour les finales.<\/div><div dir=\"auto\">\u00a0<\/div><\/div><div class=\"x11i5rnm xat24cr x1mh8g0r x1vvkbs xtlvy1s x126k92a\"><div dir=\"auto\">Merci \u00e0 tous ceux qui nous ont suivi de pr\u00eat ou de loin sur ce Championnat d\u2019Europe<\/div><\/div><\/div>\t\t\t\t\t\t\t\t<\/div>\n\t\t\t\t<\/div>\n\t\t\t\t<div class=\"elementor-element elementor-element-4cf97f3 elementor-arrows-position-inside elementor-pagination-position-outside elementor-widget elementor-widget-image-carousel\" data-id=\"4cf97f3\" data-element_type=\"widget\" data-e-type=\"widget\" data-settings=\"{&quot;slides_to_show&quot;:&quot;2&quot;,&quot;navigation&quot;:&quot;both&quot;,&quot;autoplay&quot;:&quot;yes&quot;,&quot;pause_on_hover&quot;:&quot;yes&quot;,&quot;pause_on_interaction&quot;:&quot;yes&quot;,&quot;autoplay_speed&quot;:5000,&quot;infinite&quot;:&quot;yes&quot;,&quot;speed&quot;:500,&quot;image_spacing_custom&quot;:{&quot;unit&quot;:&quot;px&quot;,&quot;size&quot;:20,&quot;sizes&quot;:[]},&quot;image_spacing_custom_tablet&quot;:{&quot;unit&quot;:&quot;px&quot;,&quot;size&quot;:&quot;&quot;,&quot;sizes&quot;:[]},&quot;image_spacing_custom_mobile&quot;:{&quot;unit&quot;:&quot;px&quot;,&quot;size&quot;:&quot;&quot;,&quot;sizes&quot;:[]}}\" data-widget_type=\"image-carousel.default\">\n\t\t\t\t<div class=\"elementor-widget-container\">\n\t\t\t\t\t\t\t<div class=\"elementor-image-carousel-wrapper swiper\" role=\"region\" aria-roledescription=\"carousel\" aria-label=\"Carrousel d\u2019images\" dir=\"ltr\">\n\t\t\t<div class=\"elementor-image-carousel swiper-wrapper\" aria-live=\"off\">\n\t\t\t\t\t\t\t\t<div class=\"swiper-slide\" role=\"group\" aria-roledescription=\"slide\" aria-label=\"1 sur 8\"><figure class=\"swiper-slide-inner\"><img decoding=\"async\" class=\"swiper-slide-image\" src=\"https:\/\/judobernanos.com\/wordpressloevan\/wp-content\/uploads\/2024\/07\/448162989_968672628592341_3946749146082975762_n-768x1024.jpeg\" alt=\"CHAMPIONNAT D&#039;EUROPE KATA 2024 - LOEVAN LE COADOU MIKAEL LE COADOU\" \/><\/figure><\/div><div class=\"swiper-slide\" role=\"group\" aria-roledescription=\"slide\" aria-label=\"2 sur 8\"><figure class=\"swiper-slide-inner\"><img decoding=\"async\" class=\"swiper-slide-image\" src=\"https:\/\/judobernanos.com\/wordpressloevan\/wp-content\/uploads\/2024\/07\/448095752_968669781925959_7922766069444176714_n-768x576.jpeg\" alt=\"CHAMPIONNAT D&#039;EUROPE KATA 2024 - BERNANOS JUDO LE HAVRE\" \/><\/figure><\/div><div class=\"swiper-slide\" role=\"group\" aria-roledescription=\"slide\" aria-label=\"3 sur 8\"><figure class=\"swiper-slide-inner\"><img decoding=\"async\" class=\"swiper-slide-image\" src=\"https:\/\/judobernanos.com\/wordpressloevan\/wp-content\/uploads\/2024\/07\/448162326_968672728592331_2147056022243487421_n-768x355.jpeg\" alt=\"CHAMPIONNAT D&#039;EUROPE KATA 2024 - LOEVAN LE COADOU - 2LC PRODUCTION\" \/><\/figure><\/div><div class=\"swiper-slide\" role=\"group\" aria-roledescription=\"slide\" aria-label=\"4 sur 8\"><figure class=\"swiper-slide-inner\"><img decoding=\"async\" class=\"swiper-slide-image\" src=\"https:\/\/judobernanos.com\/wordpressloevan\/wp-content\/uploads\/2024\/07\/448113486_968669811925956_6095719282944151854_n-768x405.jpeg\" alt=\"CHAMPIONNAT D&#039;EUROPE KATA 2024 - BERNANOS JUDO LE HAVRE\" \/><\/figure><\/div><div class=\"swiper-slide\" role=\"group\" aria-roledescription=\"slide\" aria-label=\"5 sur 8\"><figure class=\"swiper-slide-inner\"><img decoding=\"async\" class=\"swiper-slide-image\" src=\"https:\/\/judobernanos.com\/wordpressloevan\/wp-content\/uploads\/2024\/07\/448147670_968672761925661_961809339908159788_n-e1720082383719-768x1353.jpeg\" alt=\"CHAMPIONNAT D&#039;EUROPE KATA 2024 - LOEVAN LE COADOU - 2LC PRODUCTION\" \/><\/figure><\/div><div class=\"swiper-slide\" role=\"group\" aria-roledescription=\"slide\" aria-label=\"6 sur 8\"><figure class=\"swiper-slide-inner\"><img decoding=\"async\" class=\"swiper-slide-image\" src=\"https:\/\/judobernanos.com\/wordpressloevan\/wp-content\/uploads\/2024\/07\/448144605_968672801925657_6878323261296992844_n-768x432.jpeg\" alt=\"CHAMPIONNAT D&#039;EUROPE KATA 2024 - BERNANOS JUDO LE HAVRE\" \/><\/figure><\/div><div class=\"swiper-slide\" role=\"group\" aria-roledescription=\"slide\" aria-label=\"7 sur 8\"><figure class=\"swiper-slide-inner\"><img decoding=\"async\" class=\"swiper-slide-image\" src=\"https:\/\/judobernanos.com\/wordpressloevan\/wp-content\/uploads\/2024\/07\/448166327_968672595259011_8139391430018585201_n-768x1365.jpeg\" alt=\"CHAMPIONNAT D&#039;EUROPE KATA 2024 - BERNANOS JUDO LE HAVRE\" \/><\/figure><\/div><div class=\"swiper-slide\" role=\"group\" aria-roledescription=\"slide\" aria-label=\"8 sur 8\"><figure class=\"swiper-slide-inner\"><img decoding=\"async\" class=\"swiper-slide-image\" src=\"https:\/\/judobernanos.com\/wordpressloevan\/wp-content\/uploads\/2024\/07\/448056977_968669678592636_2446353883106631682_n-768x576.jpeg\" alt=\"CHAMPIONNAT D&#039;EUROPE KATA 2024 - BERNANOS JUDO LE HAVRE\" \/><\/figure><\/div>\t\t\t<\/div>\n\t\t\t\t\t\t\t\t\t\t\t\t<div class=\"elementor-swiper-button elementor-swiper-button-prev\" role=\"button\" tabindex=\"0\">\n\t\t\t\t\t\t<svg aria-hidden=\"true\" class=\"e-font-icon-svg e-eicon-chevron-left\" viewBox=\"0 0 1000 1000\" xmlns=\"http:\/\/www.w3.org\/2000\/svg\"><path d=\"M646 125C629 125 613 133 604 142L308 442C296 454 292 471 292 487 292 504 296 521 308 533L604 854C617 867 629 875 646 875 663 875 679 871 692 858 704 846 713 829 713 812 713 796 708 779 692 767L438 487 692 225C700 217 708 204 708 187 708 171 704 154 692 142 675 129 663 125 646 125Z\"><\/path><\/svg>\t\t\t\t\t<\/div>\n\t\t\t\t\t<div class=\"elementor-swiper-button elementor-swiper-button-next\" role=\"button\" tabindex=\"0\">\n\t\t\t\t\t\t<svg aria-hidden=\"true\" class=\"e-font-icon-svg e-eicon-chevron-right\" viewBox=\"0 0 1000 1000\" xmlns=\"http:\/\/www.w3.org\/2000\/svg\"><path d=\"M696 533C708 521 713 504 713 487 713 471 708 454 696 446L400 146C388 133 375 125 354 125 338 125 325 129 313 142 300 154 292 171 292 187 292 204 296 221 308 233L563 492 304 771C292 783 288 800 288 817 288 833 296 850 308 863 321 871 338 875 354 875 371 875 388 867 400 854L696 533Z\"><\/path><\/svg>\t\t\t\t\t<\/div>\n\t\t\t\t\n\t\t\t\t\t\t\t\t\t<div class=\"swiper-pagination\"><\/div>\n\t\t\t\t\t\t\t\t\t<\/div>\n\t\t\t\t\t\t<\/div>\n\t\t\t\t<\/div>\n\t\t\t\t\t<\/div>\n\t\t<\/div>\n\t\t\t\t\t<\/div>\n\t\t<\/section>\n\t\t\t\t<section class=\"elementor-section elementor-top-section elementor-element elementor-element-90dee13 elementor-section-boxed elementor-section-height-default elementor-section-height-default\" data-id=\"90dee13\" data-element_type=\"section\" data-e-type=\"section\">\n\t\t\t\t\t\t<div class=\"elementor-container elementor-column-gap-default\">\n\t\t\t\t\t<div class=\"elementor-column elementor-col-100 elementor-top-column elementor-element elementor-element-7359069\" data-id=\"7359069\" data-element_type=\"column\" data-e-type=\"column\">\n\t\t\t<div class=\"elementor-widget-wrap elementor-element-populated\">\n\t\t\t\t\t\t<div class=\"elementor-element elementor-element-cfe051d elementor-widget elementor-widget-html\" data-id=\"cfe051d\" data-element_type=\"widget\" data-e-type=\"widget\" data-widget_type=\"html.default\">\n\t\t\t\t<div class=\"elementor-widget-container\">\n\t\t\t\t\t<iframe src=\"https:\/\/www.facebook.com\/plugins\/video.php?height=314&href=https%3A%2F%2Fwww.facebook.com%2Fbernanos.judo%2Fvideos%2F823289613197210%2F&show_text=true&width=560&t=0\" width=\"560\" height=\"429\" style=\"border:none;overflow:hidden\" scrolling=\"no\" frameborder=\"0\" allowfullscreen=\"true\" allow=\"autoplay; clipboard-write; encrypted-media; picture-in-picture; web-share\" allowFullScreen=\"true\"><\/iframe>\t\t\t\t<\/div>\n\t\t\t\t<\/div>\n\t\t\t\t\t<\/div>\n\t\t<\/div>\n\t\t\t\t\t<\/div>\n\t\t<\/section>\n\t\t\t\t<\/div>\n\t\t","protected":false},"excerpt":{"rendered":"<p>CHAMPIONNAT D&#8217;EUROPE KATA 2024 CHAMPIONNAT D\u2019EUROPE KATA 2024 &#8211; 09\/06\/2024 \u00a0J-1\u2026 Bien arriv\u00e9s hier soir \u00e0 Sarajevo pour le Championnat d\u2019Europe Kata 2024.\u00a0Deux judoka de notre club havrais y participent cette ann\u00e9e. Loevan et Mika\u00ebl passeront demain en Katame no Kata seniors, une trentaine de duos qui participent, un des kata les plus charg\u00e9 en&hellip;&nbsp;<a href=\"https:\/\/judobernanos.com\/wordpressloevan\/championnat-deurope-kata-2024\/\" rel=\"bookmark\"><span class=\"screen-reader-text\">CHAMPIONNAT D&#8217;EUROPE KATA 2024 &#8211; SARAJEVO<\/span><\/a><\/p>\n","protected":false},"author":120,"featured_media":8311,"comment_status":"closed","ping_status":"closed","sticky":false,"template":"","format":"standard","meta":{"_monsterinsights_skip_tracking":false,"_monsterinsights_sitenote_active":false,"_monsterinsights_sitenote_note":"","_monsterinsights_sitenote_category":0,"neve_meta_sidebar":"","neve_meta_container":"","neve_meta_enable_content_width":"","neve_meta_content_width":0,"neve_meta_title_alignment":"","neve_meta_author_avatar":"","neve_post_elements_order":"","neve_meta_disable_header":"","neve_meta_disable_footer":"","neve_meta_disable_title":"","footnotes":""},"categories":[30,54,64,60],"tags":[],"class_list":["post-8303","post","type-post","status-publish","format-standard","has-post-thumbnail","hentry","category-competitions-passages-de-grade","category-kata","category-saison-2023-2024","category-voyages"],"yoast_head":"<!-- This site is optimized with the Yoast SEO plugin v27.5 - https:\/\/yoast.com\/product\/yoast-seo-wordpress\/ -->\n<title>Championnat d&#039;Europe Kata 2024 - CHAMPIONNAT D&#039;EUROPE KATA 2024 - SARAJEVO - JUDO BERNANOS<\/title>\n<meta name=\"description\" content=\"Championnat d&#039;Europe Kata 2024 - CHAMPIONNAT D&#039;EUROPE KATA 2024 - SARAJEVO Fin de la comp\u00e9tition pour nous aujourd\u2019hui...\" \/>\n<meta name=\"robots\" content=\"index, follow, max-snippet:-1, max-image-preview:large, max-video-preview:-1\" \/>\n<link rel=\"canonical\" href=\"https:\/\/judobernanos.com\/wordpressloevan\/championnat-deurope-kata-2024\/\" \/>\n<meta property=\"og:locale\" content=\"fr_FR\" \/>\n<meta property=\"og:type\" content=\"article\" \/>\n<meta property=\"og:title\" content=\"Championnat d&#039;Europe Kata 2024 - CHAMPIONNAT D&#039;EUROPE KATA 2024 - SARAJEVO - JUDO BERNANOS\" \/>\n<meta property=\"og:description\" content=\"Championnat d&#039;Europe Kata 2024 - CHAMPIONNAT D&#039;EUROPE KATA 2024 - SARAJEVO Fin de la comp\u00e9tition pour nous aujourd\u2019hui...\" \/>\n<meta property=\"og:url\" content=\"https:\/\/judobernanos.com\/wordpressloevan\/championnat-deurope-kata-2024\/\" \/>\n<meta property=\"og:site_name\" content=\"JUDO BERNANOS\" \/>\n<meta property=\"article:publisher\" content=\"https:\/\/www.facebook.com\/judobernanos\" \/>\n<meta property=\"article:published_time\" content=\"2024-06-10T16:40:00+00:00\" \/>\n<meta property=\"article:modified_time\" content=\"2024-07-04T08:50:22+00:00\" \/>\n<meta property=\"og:image\" content=\"https:\/\/judobernanos.com\/wordpressloevan\/wp-content\/uploads\/2024\/07\/448162989_968672628592341_3946749146082975762_n.jpeg\" \/>\n\t<meta property=\"og:image:width\" content=\"1536\" \/>\n\t<meta property=\"og:image:height\" content=\"2048\" \/>\n\t<meta property=\"og:image:type\" content=\"image\/jpeg\" \/>\n<meta name=\"author\" content=\"bernanos.judo\" \/>\n<meta name=\"twitter:card\" content=\"summary_large_image\" \/>\n<meta name=\"twitter:label1\" content=\"\u00c9crit par\" \/>\n\t<meta name=\"twitter:data1\" content=\"bernanos.judo\" \/>\n\t<meta name=\"twitter:label2\" content=\"Dur\u00e9e de lecture estim\u00e9e\" \/>\n\t<meta name=\"twitter:data2\" content=\"6 minutes\" \/>\n<script type=\"application\/ld+json\" class=\"yoast-schema-graph\">{\"@context\":\"https:\\\/\\\/schema.org\",\"@graph\":[{\"@type\":\"NewsArticle\",\"@id\":\"https:\\\/\\\/judobernanos.com\\\/wordpressloevan\\\/championnat-deurope-kata-2024\\\/#article\",\"isPartOf\":{\"@id\":\"https:\\\/\\\/judobernanos.com\\\/wordpressloevan\\\/championnat-deurope-kata-2024\\\/\"},\"author\":{\"name\":\"bernanos.judo\",\"@id\":\"https:\\\/\\\/judobernanos.com\\\/wordpressloevan\\\/#\\\/schema\\\/person\\\/64056b852d10cccde427fc555f4abe2d\"},\"headline\":\"CHAMPIONNAT D&#8217;EUROPE KATA 2024 &#8211; SARAJEVO\",\"datePublished\":\"2024-06-10T16:40:00+00:00\",\"dateModified\":\"2024-07-04T08:50:22+00:00\",\"mainEntityOfPage\":{\"@id\":\"https:\\\/\\\/judobernanos.com\\\/wordpressloevan\\\/championnat-deurope-kata-2024\\\/\"},\"wordCount\":314,\"publisher\":{\"@id\":\"https:\\\/\\\/judobernanos.com\\\/wordpressloevan\\\/#organization\"},\"image\":{\"@id\":\"https:\\\/\\\/judobernanos.com\\\/wordpressloevan\\\/championnat-deurope-kata-2024\\\/#primaryimage\"},\"thumbnailUrl\":\"https:\\\/\\\/judobernanos.com\\\/wordpressloevan\\\/wp-content\\\/uploads\\\/2024\\\/07\\\/448162989_968672628592341_3946749146082975762_n.jpeg\",\"articleSection\":[\"Comp\u00e9titions \\\/ Passages de grade\",\"KATA\",\"Saison 2023\\\/2024\",\"Voyages\"],\"inLanguage\":\"fr-FR\"},{\"@type\":\"WebPage\",\"@id\":\"https:\\\/\\\/judobernanos.com\\\/wordpressloevan\\\/championnat-deurope-kata-2024\\\/\",\"url\":\"https:\\\/\\\/judobernanos.com\\\/wordpressloevan\\\/championnat-deurope-kata-2024\\\/\",\"name\":\"Championnat d'Europe Kata 2024 - CHAMPIONNAT D'EUROPE KATA 2024 - SARAJEVO - JUDO BERNANOS\",\"isPartOf\":{\"@id\":\"https:\\\/\\\/judobernanos.com\\\/wordpressloevan\\\/#website\"},\"primaryImageOfPage\":{\"@id\":\"https:\\\/\\\/judobernanos.com\\\/wordpressloevan\\\/championnat-deurope-kata-2024\\\/#primaryimage\"},\"image\":{\"@id\":\"https:\\\/\\\/judobernanos.com\\\/wordpressloevan\\\/championnat-deurope-kata-2024\\\/#primaryimage\"},\"thumbnailUrl\":\"https:\\\/\\\/judobernanos.com\\\/wordpressloevan\\\/wp-content\\\/uploads\\\/2024\\\/07\\\/448162989_968672628592341_3946749146082975762_n.jpeg\",\"datePublished\":\"2024-06-10T16:40:00+00:00\",\"dateModified\":\"2024-07-04T08:50:22+00:00\",\"description\":\"Championnat d'Europe Kata 2024 - CHAMPIONNAT D'EUROPE KATA 2024 - SARAJEVO Fin de la comp\u00e9tition pour nous aujourd\u2019hui...\",\"breadcrumb\":{\"@id\":\"https:\\\/\\\/judobernanos.com\\\/wordpressloevan\\\/championnat-deurope-kata-2024\\\/#breadcrumb\"},\"inLanguage\":\"fr-FR\",\"potentialAction\":[{\"@type\":\"ReadAction\",\"target\":[\"https:\\\/\\\/judobernanos.com\\\/wordpressloevan\\\/championnat-deurope-kata-2024\\\/\"]}]},{\"@type\":\"ImageObject\",\"inLanguage\":\"fr-FR\",\"@id\":\"https:\\\/\\\/judobernanos.com\\\/wordpressloevan\\\/championnat-deurope-kata-2024\\\/#primaryimage\",\"url\":\"https:\\\/\\\/judobernanos.com\\\/wordpressloevan\\\/wp-content\\\/uploads\\\/2024\\\/07\\\/448162989_968672628592341_3946749146082975762_n.jpeg\",\"contentUrl\":\"https:\\\/\\\/judobernanos.com\\\/wordpressloevan\\\/wp-content\\\/uploads\\\/2024\\\/07\\\/448162989_968672628592341_3946749146082975762_n.jpeg\",\"width\":1536,\"height\":2048,\"caption\":\"CHAMPIONNAT D'EUROPE KATA 2024 - LOEVAN LE COADOU MIKAEL LE COADOU - 2LC PRODUCTION\"},{\"@type\":\"BreadcrumbList\",\"@id\":\"https:\\\/\\\/judobernanos.com\\\/wordpressloevan\\\/championnat-deurope-kata-2024\\\/#breadcrumb\",\"itemListElement\":[{\"@type\":\"ListItem\",\"position\":1,\"name\":\"Accueil\",\"item\":\"https:\\\/\\\/judobernanos.com\\\/wordpressloevan\\\/\"},{\"@type\":\"ListItem\",\"position\":2,\"name\":\"CHAMPIONNAT D&#8217;EUROPE KATA 2024 &#8211; SARAJEVO\"}]},{\"@type\":\"WebSite\",\"@id\":\"https:\\\/\\\/judobernanos.com\\\/wordpressloevan\\\/#website\",\"url\":\"https:\\\/\\\/judobernanos.com\\\/wordpressloevan\\\/\",\"name\":\"JUDO BERNANOS\",\"description\":\"Le plus ancien club de judo havrais encore en activit\u00e9 .. Depuis 1968\",\"publisher\":{\"@id\":\"https:\\\/\\\/judobernanos.com\\\/wordpressloevan\\\/#organization\"},\"potentialAction\":[{\"@type\":\"SearchAction\",\"target\":{\"@type\":\"EntryPoint\",\"urlTemplate\":\"https:\\\/\\\/judobernanos.com\\\/wordpressloevan\\\/?s={search_term_string}\"},\"query-input\":{\"@type\":\"PropertyValueSpecification\",\"valueRequired\":true,\"valueName\":\"search_term_string\"}}],\"inLanguage\":\"fr-FR\"},{\"@type\":\"Organization\",\"@id\":\"https:\\\/\\\/judobernanos.com\\\/wordpressloevan\\\/#organization\",\"name\":\"Foyer G. Bernanos - Le Havre\",\"alternateName\":\"Judo Bernanos\",\"url\":\"https:\\\/\\\/judobernanos.com\\\/wordpressloevan\\\/\",\"logo\":{\"@type\":\"ImageObject\",\"inLanguage\":\"fr-FR\",\"@id\":\"https:\\\/\\\/judobernanos.com\\\/wordpressloevan\\\/#\\\/schema\\\/logo\\\/image\\\/\",\"url\":\"https:\\\/\\\/judobernanos.com\\\/wordpressloevan\\\/wp-content\\\/uploads\\\/2022\\\/01\\\/cropped-cropped-cropped-IMG_7125.png\",\"contentUrl\":\"https:\\\/\\\/judobernanos.com\\\/wordpressloevan\\\/wp-content\\\/uploads\\\/2022\\\/01\\\/cropped-cropped-cropped-IMG_7125.png\",\"width\":240,\"height\":240,\"caption\":\"Foyer G. Bernanos - Le Havre\"},\"image\":{\"@id\":\"https:\\\/\\\/judobernanos.com\\\/wordpressloevan\\\/#\\\/schema\\\/logo\\\/image\\\/\"},\"sameAs\":[\"https:\\\/\\\/www.facebook.com\\\/judobernanos\",\"https:\\\/\\\/www.instagram.com\\\/bernanos.judo\\\/\",\"https:\\\/\\\/www.youtube.com\\\/channel\\\/UC0ZX9zVT2ICb4Hi63_B9Vfg\"]},{\"@type\":\"Person\",\"@id\":\"https:\\\/\\\/judobernanos.com\\\/wordpressloevan\\\/#\\\/schema\\\/person\\\/64056b852d10cccde427fc555f4abe2d\",\"name\":\"bernanos.judo\",\"image\":{\"@type\":\"ImageObject\",\"inLanguage\":\"fr-FR\",\"@id\":\"https:\\\/\\\/secure.gravatar.com\\\/avatar\\\/2690c5a5885dd2762e74ba20cc34b03ecfa94873704af62313bca5e6a49f9290?s=96&d=blank&r=g\",\"url\":\"https:\\\/\\\/secure.gravatar.com\\\/avatar\\\/2690c5a5885dd2762e74ba20cc34b03ecfa94873704af62313bca5e6a49f9290?s=96&d=blank&r=g\",\"contentUrl\":\"https:\\\/\\\/secure.gravatar.com\\\/avatar\\\/2690c5a5885dd2762e74ba20cc34b03ecfa94873704af62313bca5e6a49f9290?s=96&d=blank&r=g\",\"caption\":\"bernanos.judo\"},\"url\":\"https:\\\/\\\/judobernanos.com\\\/wordpressloevan\\\/author\\\/bernanos-judo\\\/\"}]}<\/script>\n<!-- \/ Yoast SEO plugin. -->","yoast_head_json":{"title":"Championnat d'Europe Kata 2024 - CHAMPIONNAT D'EUROPE KATA 2024 - SARAJEVO - JUDO BERNANOS","description":"Championnat d'Europe Kata 2024 - CHAMPIONNAT D'EUROPE KATA 2024 - SARAJEVO Fin de la comp\u00e9tition pour nous aujourd\u2019hui...","robots":{"index":"index","follow":"follow","max-snippet":"max-snippet:-1","max-image-preview":"max-image-preview:large","max-video-preview":"max-video-preview:-1"},"canonical":"https:\/\/judobernanos.com\/wordpressloevan\/championnat-deurope-kata-2024\/","og_locale":"fr_FR","og_type":"article","og_title":"Championnat d'Europe Kata 2024 - CHAMPIONNAT D'EUROPE KATA 2024 - SARAJEVO - JUDO BERNANOS","og_description":"Championnat d'Europe Kata 2024 - CHAMPIONNAT D'EUROPE KATA 2024 - SARAJEVO Fin de la comp\u00e9tition pour nous aujourd\u2019hui...","og_url":"https:\/\/judobernanos.com\/wordpressloevan\/championnat-deurope-kata-2024\/","og_site_name":"JUDO BERNANOS","article_publisher":"https:\/\/www.facebook.com\/judobernanos","article_published_time":"2024-06-10T16:40:00+00:00","article_modified_time":"2024-07-04T08:50:22+00:00","og_image":[{"width":1536,"height":2048,"url":"https:\/\/judobernanos.com\/wordpressloevan\/wp-content\/uploads\/2024\/07\/448162989_968672628592341_3946749146082975762_n.jpeg","type":"image\/jpeg"}],"author":"bernanos.judo","twitter_card":"summary_large_image","twitter_misc":{"\u00c9crit par":"bernanos.judo","Dur\u00e9e de lecture estim\u00e9e":"6 minutes"},"schema":{"@context":"https:\/\/schema.org","@graph":[{"@type":"NewsArticle","@id":"https:\/\/judobernanos.com\/wordpressloevan\/championnat-deurope-kata-2024\/#article","isPartOf":{"@id":"https:\/\/judobernanos.com\/wordpressloevan\/championnat-deurope-kata-2024\/"},"author":{"name":"bernanos.judo","@id":"https:\/\/judobernanos.com\/wordpressloevan\/#\/schema\/person\/64056b852d10cccde427fc555f4abe2d"},"headline":"CHAMPIONNAT D&#8217;EUROPE KATA 2024 &#8211; SARAJEVO","datePublished":"2024-06-10T16:40:00+00:00","dateModified":"2024-07-04T08:50:22+00:00","mainEntityOfPage":{"@id":"https:\/\/judobernanos.com\/wordpressloevan\/championnat-deurope-kata-2024\/"},"wordCount":314,"publisher":{"@id":"https:\/\/judobernanos.com\/wordpressloevan\/#organization"},"image":{"@id":"https:\/\/judobernanos.com\/wordpressloevan\/championnat-deurope-kata-2024\/#primaryimage"},"thumbnailUrl":"https:\/\/judobernanos.com\/wordpressloevan\/wp-content\/uploads\/2024\/07\/448162989_968672628592341_3946749146082975762_n.jpeg","articleSection":["Comp\u00e9titions \/ Passages de grade","KATA","Saison 2023\/2024","Voyages"],"inLanguage":"fr-FR"},{"@type":"WebPage","@id":"https:\/\/judobernanos.com\/wordpressloevan\/championnat-deurope-kata-2024\/","url":"https:\/\/judobernanos.com\/wordpressloevan\/championnat-deurope-kata-2024\/","name":"Championnat d'Europe Kata 2024 - CHAMPIONNAT D'EUROPE KATA 2024 - SARAJEVO - JUDO BERNANOS","isPartOf":{"@id":"https:\/\/judobernanos.com\/wordpressloevan\/#website"},"primaryImageOfPage":{"@id":"https:\/\/judobernanos.com\/wordpressloevan\/championnat-deurope-kata-2024\/#primaryimage"},"image":{"@id":"https:\/\/judobernanos.com\/wordpressloevan\/championnat-deurope-kata-2024\/#primaryimage"},"thumbnailUrl":"https:\/\/judobernanos.com\/wordpressloevan\/wp-content\/uploads\/2024\/07\/448162989_968672628592341_3946749146082975762_n.jpeg","datePublished":"2024-06-10T16:40:00+00:00","dateModified":"2024-07-04T08:50:22+00:00","description":"Championnat d'Europe Kata 2024 - CHAMPIONNAT D'EUROPE KATA 2024 - SARAJEVO Fin de la comp\u00e9tition pour nous aujourd\u2019hui...","breadcrumb":{"@id":"https:\/\/judobernanos.com\/wordpressloevan\/championnat-deurope-kata-2024\/#breadcrumb"},"inLanguage":"fr-FR","potentialAction":[{"@type":"ReadAction","target":["https:\/\/judobernanos.com\/wordpressloevan\/championnat-deurope-kata-2024\/"]}]},{"@type":"ImageObject","inLanguage":"fr-FR","@id":"https:\/\/judobernanos.com\/wordpressloevan\/championnat-deurope-kata-2024\/#primaryimage","url":"https:\/\/judobernanos.com\/wordpressloevan\/wp-content\/uploads\/2024\/07\/448162989_968672628592341_3946749146082975762_n.jpeg","contentUrl":"https:\/\/judobernanos.com\/wordpressloevan\/wp-content\/uploads\/2024\/07\/448162989_968672628592341_3946749146082975762_n.jpeg","width":1536,"height":2048,"caption":"CHAMPIONNAT D'EUROPE KATA 2024 - LOEVAN LE COADOU MIKAEL LE COADOU - 2LC PRODUCTION"},{"@type":"BreadcrumbList","@id":"https:\/\/judobernanos.com\/wordpressloevan\/championnat-deurope-kata-2024\/#breadcrumb","itemListElement":[{"@type":"ListItem","position":1,"name":"Accueil","item":"https:\/\/judobernanos.com\/wordpressloevan\/"},{"@type":"ListItem","position":2,"name":"CHAMPIONNAT D&#8217;EUROPE KATA 2024 &#8211; SARAJEVO"}]},{"@type":"WebSite","@id":"https:\/\/judobernanos.com\/wordpressloevan\/#website","url":"https:\/\/judobernanos.com\/wordpressloevan\/","name":"JUDO BERNANOS","description":"Le plus ancien club de judo havrais encore en activit\u00e9 .. Depuis 1968","publisher":{"@id":"https:\/\/judobernanos.com\/wordpressloevan\/#organization"},"potentialAction":[{"@type":"SearchAction","target":{"@type":"EntryPoint","urlTemplate":"https:\/\/judobernanos.com\/wordpressloevan\/?s={search_term_string}"},"query-input":{"@type":"PropertyValueSpecification","valueRequired":true,"valueName":"search_term_string"}}],"inLanguage":"fr-FR"},{"@type":"Organization","@id":"https:\/\/judobernanos.com\/wordpressloevan\/#organization","name":"Foyer G. Bernanos - Le Havre","alternateName":"Judo Bernanos","url":"https:\/\/judobernanos.com\/wordpressloevan\/","logo":{"@type":"ImageObject","inLanguage":"fr-FR","@id":"https:\/\/judobernanos.com\/wordpressloevan\/#\/schema\/logo\/image\/","url":"https:\/\/judobernanos.com\/wordpressloevan\/wp-content\/uploads\/2022\/01\/cropped-cropped-cropped-IMG_7125.png","contentUrl":"https:\/\/judobernanos.com\/wordpressloevan\/wp-content\/uploads\/2022\/01\/cropped-cropped-cropped-IMG_7125.png","width":240,"height":240,"caption":"Foyer G. Bernanos - Le Havre"},"image":{"@id":"https:\/\/judobernanos.com\/wordpressloevan\/#\/schema\/logo\/image\/"},"sameAs":["https:\/\/www.facebook.com\/judobernanos","https:\/\/www.instagram.com\/bernanos.judo\/","https:\/\/www.youtube.com\/channel\/UC0ZX9zVT2ICb4Hi63_B9Vfg"]},{"@type":"Person","@id":"https:\/\/judobernanos.com\/wordpressloevan\/#\/schema\/person\/64056b852d10cccde427fc555f4abe2d","name":"bernanos.judo","image":{"@type":"ImageObject","inLanguage":"fr-FR","@id":"https:\/\/secure.gravatar.com\/avatar\/2690c5a5885dd2762e74ba20cc34b03ecfa94873704af62313bca5e6a49f9290?s=96&d=blank&r=g","url":"https:\/\/secure.gravatar.com\/avatar\/2690c5a5885dd2762e74ba20cc34b03ecfa94873704af62313bca5e6a49f9290?s=96&d=blank&r=g","contentUrl":"https:\/\/secure.gravatar.com\/avatar\/2690c5a5885dd2762e74ba20cc34b03ecfa94873704af62313bca5e6a49f9290?s=96&d=blank&r=g","caption":"bernanos.judo"},"url":"https:\/\/judobernanos.com\/wordpressloevan\/author\/bernanos-judo\/"}]}},"jetpack_featured_media_url":"https:\/\/judobernanos.com\/wordpressloevan\/wp-content\/uploads\/2024\/07\/448162989_968672628592341_3946749146082975762_n.jpeg","_links":{"self":[{"href":"https:\/\/judobernanos.com\/wordpressloevan\/wp-json\/wp\/v2\/posts\/8303","targetHints":{"allow":["GET"]}}],"collection":[{"href":"https:\/\/judobernanos.com\/wordpressloevan\/wp-json\/wp\/v2\/posts"}],"about":[{"href":"https:\/\/judobernanos.com\/wordpressloevan\/wp-json\/wp\/v2\/types\/post"}],"author":[{"embeddable":true,"href":"https:\/\/judobernanos.com\/wordpressloevan\/wp-json\/wp\/v2\/users\/120"}],"replies":[{"embeddable":true,"href":"https:\/\/judobernanos.com\/wordpressloevan\/wp-json\/wp\/v2\/comments?post=8303"}],"version-history":[{"count":4,"href":"https:\/\/judobernanos.com\/wordpressloevan\/wp-json\/wp\/v2\/posts\/8303\/revisions"}],"predecessor-version":[{"id":8322,"href":"https:\/\/judobernanos.com\/wordpressloevan\/wp-json\/wp\/v2\/posts\/8303\/revisions\/8322"}],"wp:featuredmedia":[{"embeddable":true,"href":"https:\/\/judobernanos.com\/wordpressloevan\/wp-json\/wp\/v2\/media\/8311"}],"wp:attachment":[{"href":"https:\/\/judobernanos.com\/wordpressloevan\/wp-json\/wp\/v2\/media?parent=8303"}],"wp:term":[{"taxonomy":"category","embeddable":true,"href":"https:\/\/judobernanos.com\/wordpressloevan\/wp-json\/wp\/v2\/categories?post=8303"},{"taxonomy":"post_tag","embeddable":true,"href":"https:\/\/judobernanos.com\/wordpressloevan\/wp-json\/wp\/v2\/tags?post=8303"}],"curies":[{"name":"wp","href":"https:\/\/api.w.org\/{rel}","templated":true}]}}