{"id":8262,"date":"2024-05-26T18:20:22","date_gmt":"2024-05-26T16:20:22","guid":{"rendered":"https:\/\/judobernanos.com\/wordpressloevan\/?p=8262"},"modified":"2024-07-04T10:51:59","modified_gmt":"2024-07-04T08:51:59","slug":"championnat-de-normandie-judo-2","status":"publish","type":"post","link":"https:\/\/judobernanos.com\/wordpressloevan\/championnat-de-normandie-judo-2\/","title":{"rendered":"Des podiums aux Championnats de Normandie !"},"content":{"rendered":"\t\t<div data-elementor-type=\"wp-post\" data-elementor-id=\"8262\" class=\"elementor elementor-8262\">\n\t\t\t\t\t\t<section class=\"elementor-section elementor-top-section elementor-element elementor-element-d659837 elementor-section-boxed elementor-section-height-default elementor-section-height-default\" data-id=\"d659837\" data-element_type=\"section\" data-e-type=\"section\">\n\t\t\t\t\t\t<div class=\"elementor-container elementor-column-gap-default\">\n\t\t\t\t\t<div class=\"elementor-column elementor-col-100 elementor-top-column elementor-element elementor-element-2fb019d\" data-id=\"2fb019d\" data-element_type=\"column\" data-e-type=\"column\">\n\t\t\t<div class=\"elementor-widget-wrap elementor-element-populated\">\n\t\t\t\t\t\t<div class=\"elementor-element elementor-element-4af7e84 elementor-widget elementor-widget-heading\" data-id=\"4af7e84\" data-element_type=\"widget\" data-e-type=\"widget\" data-widget_type=\"heading.default\">\n\t\t\t\t<div class=\"elementor-widget-container\">\n\t\t\t\t\t<h2 class=\"elementor-heading-title elementor-size-default\">DES PODIUMS AUX CHAMPIONNATS DE NORMANDIE SENIORS ET BENJAMINS !<\/h2>\t\t\t\t<\/div>\n\t\t\t\t<\/div>\n\t\t\t\t\t<\/div>\n\t\t<\/div>\n\t\t\t\t\t<\/div>\n\t\t<\/section>\n\t\t\t\t<section class=\"elementor-section elementor-top-section elementor-element elementor-element-038f797 elementor-section-boxed elementor-section-height-default elementor-section-height-default\" data-id=\"038f797\" data-element_type=\"section\" data-e-type=\"section\">\n\t\t\t\t\t\t<div class=\"elementor-container elementor-column-gap-default\">\n\t\t\t\t\t<div class=\"elementor-column elementor-col-100 elementor-top-column elementor-element elementor-element-e77bd38\" data-id=\"e77bd38\" data-element_type=\"column\" data-e-type=\"column\">\n\t\t\t<div class=\"elementor-widget-wrap elementor-element-populated\">\n\t\t\t\t\t\t<div class=\"elementor-element elementor-element-d0890f9 elementor-widget elementor-widget-text-editor\" data-id=\"d0890f9\" data-element_type=\"widget\" data-e-type=\"widget\" data-widget_type=\"text-editor.default\">\n\t\t\t\t<div class=\"elementor-widget-container\">\n\t\t\t\t\t\t\t\t\t<div class=\"xdj266r x11i5rnm xat24cr x1mh8g0r x1vvkbs x126k92a\"><h4 dir=\"auto\" style=\"text-align: center;\"><strong>DEUX PODIUMS AUX CHAMPIONNATS DE NORMANDIE SENIORS 2024 !<\/strong><\/h4><div dir=\"auto\">\u00a0<\/div><\/div><div class=\"x11i5rnm xat24cr x1mh8g0r x1vvkbs xtlvy1s x126k92a\"><div dir=\"auto\">4 judoka du club pr\u00e9sents ce samedi sur les Championnats de Normandie 1er et 3\u00e8me division.. et deux podiums !!<\/div><div dir=\"auto\">\u00a0<\/div><\/div><div class=\"x11i5rnm xat24cr x1mh8g0r x1vvkbs xtlvy1s x126k92a\"><div dir=\"auto\"><span class=\"html-span xexx8yu x4uap5 x18d9i69 xkhd6sd x1hl2dhg x16tdsg8 x1vvkbs x3nfvp2 x1j61x8r x1fcty0u xdj266r xat24cr xgzva0m xhhsvwb xxymvpz xlup9mm x1kky2od\"><img decoding=\"async\" class=\"xz74otr\" src=\"https:\/\/static.xx.fbcdn.net\/images\/emoji.php\/v9\/t35\/2\/16\/1f949.png\" alt=\"\ud83e\udd49\" width=\"16\" height=\"16\" \/><\/span>3\u00e8me place pour Loevan Le Coadou sur le Championnat de Normandie 3\u00e8me division. Un beau parcours, malheureusement aux portes de la s\u00e9lection pour le Championnat de France 3\u00e8me div\u2026 qui avait de toute fa\u00e7on lieu en m\u00eame temps que les Europe kata.<\/div><div dir=\"auto\">\u00a0<\/div><div dir=\"auto\"><span class=\"html-span xexx8yu x4uap5 x18d9i69 xkhd6sd x1hl2dhg x16tdsg8 x1vvkbs x3nfvp2 x1j61x8r x1fcty0u xdj266r xat24cr xgzva0m xhhsvwb xxymvpz xlup9mm x1kky2od\"><img decoding=\"async\" class=\"xz74otr\" src=\"https:\/\/static.xx.fbcdn.net\/images\/emoji.php\/v9\/t35\/2\/16\/1f949.png\" alt=\"\ud83e\udd49\" width=\"16\" height=\"16\" \/><\/span>3\u00e8me place \u00e9galement pour David Lieurain sur le Championnat de Normandie 1\u00e8re division en -73kg. Il d\u00e9croche une magnifique place pour le Championnat de France 2\u00e8me division qui a lieu mi-juin !!<\/div><div dir=\"auto\">\u00a0<\/div><div dir=\"auto\">&#8211; Bryan Tesni\u00e8re termine 5\u00e8me sur le Championnat de Normandie 3\u00e8me division en -100kg, du judo qui progresse \u00e9norm\u00e9ment au fur et \u00e0 mesure des saisons !<\/div><div dir=\"auto\">\u00a0<\/div><div dir=\"auto\">&#8211; Eleobane Le Coadou termine quant \u00e0 elle 7\u00e8me du Championnat de Normandie 1\u00e8re division. De beaux combats relev\u00e9s de r\u00e9alis\u00e9s.<\/div><\/div><div class=\"x11i5rnm xat24cr x1mh8g0r x1vvkbs xtlvy1s x126k92a\"><div dir=\"auto\">\u00a0<\/div><\/div><div class=\"x11i5rnm xat24cr x1mh8g0r x1vvkbs xtlvy1s x126k92a\"><div dir=\"auto\">Bravo \u00e0 nos judoka qui ont tr\u00e8s bien repr\u00e9sent\u00e9s notre petit club havrais sur ce Championnat de Normandie seniors <span class=\"html-span xexx8yu x4uap5 x18d9i69 xkhd6sd x1hl2dhg x16tdsg8 x1vvkbs x3nfvp2 x1j61x8r x1fcty0u xdj266r xat24cr xgzva0m xhhsvwb xxymvpz xlup9mm x1kky2od\"><img decoding=\"async\" class=\"xz74otr\" src=\"https:\/\/static.xx.fbcdn.net\/images\/emoji.php\/v9\/t5a\/2\/16\/1f44f_1f3fd.png\" alt=\"\ud83d\udc4f\ud83c\udffd\" width=\"16\" height=\"16\" \/><\/span><\/div><\/div>\t\t\t\t\t\t\t\t<\/div>\n\t\t\t\t<\/div>\n\t\t\t\t\t<\/div>\n\t\t<\/div>\n\t\t\t\t\t<\/div>\n\t\t<\/section>\n\t\t\t\t<section class=\"elementor-section elementor-top-section elementor-element elementor-element-914a9eb elementor-section-boxed elementor-section-height-default elementor-section-height-default\" data-id=\"914a9eb\" data-element_type=\"section\" data-e-type=\"section\">\n\t\t\t\t\t\t<div class=\"elementor-container elementor-column-gap-default\">\n\t\t\t\t\t<div class=\"elementor-column elementor-col-100 elementor-top-column elementor-element elementor-element-4319700\" data-id=\"4319700\" data-element_type=\"column\" data-e-type=\"column\">\n\t\t\t<div class=\"elementor-widget-wrap elementor-element-populated\">\n\t\t\t\t\t\t<div class=\"elementor-element elementor-element-e800071 elementor-arrows-position-inside elementor-pagination-position-outside elementor-widget elementor-widget-image-carousel\" data-id=\"e800071\" data-element_type=\"widget\" data-e-type=\"widget\" data-settings=\"{&quot;slides_to_show&quot;:&quot;2&quot;,&quot;navigation&quot;:&quot;both&quot;,&quot;autoplay&quot;:&quot;yes&quot;,&quot;pause_on_hover&quot;:&quot;yes&quot;,&quot;pause_on_interaction&quot;:&quot;yes&quot;,&quot;autoplay_speed&quot;:5000,&quot;infinite&quot;:&quot;yes&quot;,&quot;speed&quot;:500,&quot;image_spacing_custom&quot;:{&quot;unit&quot;:&quot;px&quot;,&quot;size&quot;:20,&quot;sizes&quot;:[]},&quot;image_spacing_custom_tablet&quot;:{&quot;unit&quot;:&quot;px&quot;,&quot;size&quot;:&quot;&quot;,&quot;sizes&quot;:[]},&quot;image_spacing_custom_mobile&quot;:{&quot;unit&quot;:&quot;px&quot;,&quot;size&quot;:&quot;&quot;,&quot;sizes&quot;:[]}}\" data-widget_type=\"image-carousel.default\">\n\t\t\t\t<div class=\"elementor-widget-container\">\n\t\t\t\t\t\t\t<div class=\"elementor-image-carousel-wrapper swiper\" role=\"region\" aria-roledescription=\"carousel\" aria-label=\"Carrousel d\u2019images\" dir=\"ltr\">\n\t\t\t<div class=\"elementor-image-carousel swiper-wrapper\" aria-live=\"off\">\n\t\t\t\t\t\t\t\t<div class=\"swiper-slide\" role=\"group\" aria-roledescription=\"slide\" aria-label=\"1 sur 7\"><figure class=\"swiper-slide-inner\"><img decoding=\"async\" class=\"swiper-slide-image\" src=\"https:\/\/judobernanos.com\/wordpressloevan\/wp-content\/uploads\/2024\/07\/442483561_957918749667729_3312745353930232502_n-768x431.jpeg\" alt=\"CHAMPIONNAT DE NORMANDIE SENIOR 2024 - DAVID LIEURAIN\" \/><\/figure><\/div><div class=\"swiper-slide\" role=\"group\" aria-roledescription=\"slide\" aria-label=\"2 sur 7\"><figure class=\"swiper-slide-inner\"><img decoding=\"async\" class=\"swiper-slide-image\" src=\"https:\/\/judobernanos.com\/wordpressloevan\/wp-content\/uploads\/2024\/07\/443733548_957916846334586_3987301684108647754_n-768x1361.jpeg\" alt=\"CHAMPIONNAT DE NORMANDIE SENIOR 2024 - LOEVAN LE COADOU\" \/><\/figure><\/div><div class=\"swiper-slide\" role=\"group\" aria-roledescription=\"slide\" aria-label=\"3 sur 7\"><figure class=\"swiper-slide-inner\"><img decoding=\"async\" class=\"swiper-slide-image\" src=\"https:\/\/judobernanos.com\/wordpressloevan\/wp-content\/uploads\/2024\/07\/442440064_957918973001040_5425136772847942141_n-768x576.jpeg\" alt=\"CHAMPIONNAT DE NORMANDIE SENIOR 2024 - JUDO BERNANOS LE HAVRE\" \/><\/figure><\/div><div class=\"swiper-slide\" role=\"group\" aria-roledescription=\"slide\" aria-label=\"4 sur 7\"><figure class=\"swiper-slide-inner\"><img decoding=\"async\" class=\"swiper-slide-image\" src=\"https:\/\/judobernanos.com\/wordpressloevan\/wp-content\/uploads\/2024\/07\/445077179_957916719667932_9096866028223186499_n-768x1357.jpeg\" alt=\"CHAMPIONNAT DE NORMANDIE SENIOR 2024 - LOEVAN LE COADOU\" \/><\/figure><\/div><div class=\"swiper-slide\" role=\"group\" aria-roledescription=\"slide\" aria-label=\"5 sur 7\"><figure class=\"swiper-slide-inner\"><img decoding=\"async\" class=\"swiper-slide-image\" src=\"https:\/\/judobernanos.com\/wordpressloevan\/wp-content\/uploads\/2024\/07\/444154008_957918906334380_8179656652359881678_n-768x421.jpeg\" alt=\"CHAMPIONNAT DE NORMANDIE SENIOR 2024 - DAVID LIEURAIN\" \/><\/figure><\/div><div class=\"swiper-slide\" role=\"group\" aria-roledescription=\"slide\" aria-label=\"6 sur 7\"><figure class=\"swiper-slide-inner\"><img decoding=\"async\" class=\"swiper-slide-image\" src=\"https:\/\/judobernanos.com\/wordpressloevan\/wp-content\/uploads\/2024\/07\/442440733_957918773001060_5156374059037468235_n-768x421.jpeg\" alt=\"CHAMPIONNAT DE NORMANDIE SENIOR 2024 - ELEOBANE LE COADOU\" \/><\/figure><\/div><div class=\"swiper-slide\" role=\"group\" aria-roledescription=\"slide\" aria-label=\"7 sur 7\"><figure class=\"swiper-slide-inner\"><img decoding=\"async\" class=\"swiper-slide-image\" src=\"https:\/\/judobernanos.com\/wordpressloevan\/wp-content\/uploads\/2024\/07\/442475548_957918966334374_8385277837331040819_n-768x427.jpeg\" alt=\"CHAMPIONNAT DE NORMANDIE SENIOR 2024 - BRYAN TESNI\u00c8RE\" \/><\/figure><\/div>\t\t\t<\/div>\n\t\t\t\t\t\t\t\t\t\t\t\t<div class=\"elementor-swiper-button elementor-swiper-button-prev\" role=\"button\" tabindex=\"0\">\n\t\t\t\t\t\t<svg aria-hidden=\"true\" class=\"e-font-icon-svg e-eicon-chevron-left\" viewBox=\"0 0 1000 1000\" xmlns=\"http:\/\/www.w3.org\/2000\/svg\"><path d=\"M646 125C629 125 613 133 604 142L308 442C296 454 292 471 292 487 292 504 296 521 308 533L604 854C617 867 629 875 646 875 663 875 679 871 692 858 704 846 713 829 713 812 713 796 708 779 692 767L438 487 692 225C700 217 708 204 708 187 708 171 704 154 692 142 675 129 663 125 646 125Z\"><\/path><\/svg>\t\t\t\t\t<\/div>\n\t\t\t\t\t<div class=\"elementor-swiper-button elementor-swiper-button-next\" role=\"button\" tabindex=\"0\">\n\t\t\t\t\t\t<svg aria-hidden=\"true\" class=\"e-font-icon-svg e-eicon-chevron-right\" viewBox=\"0 0 1000 1000\" xmlns=\"http:\/\/www.w3.org\/2000\/svg\"><path d=\"M696 533C708 521 713 504 713 487 713 471 708 454 696 446L400 146C388 133 375 125 354 125 338 125 325 129 313 142 300 154 292 171 292 187 292 204 296 221 308 233L563 492 304 771C292 783 288 800 288 817 288 833 296 850 308 863 321 871 338 875 354 875 371 875 388 867 400 854L696 533Z\"><\/path><\/svg>\t\t\t\t\t<\/div>\n\t\t\t\t\n\t\t\t\t\t\t\t\t\t<div class=\"swiper-pagination\"><\/div>\n\t\t\t\t\t\t\t\t\t<\/div>\n\t\t\t\t\t\t<\/div>\n\t\t\t\t<\/div>\n\t\t\t\t\t<\/div>\n\t\t<\/div>\n\t\t\t\t\t<\/div>\n\t\t<\/section>\n\t\t\t\t<section class=\"elementor-section elementor-top-section elementor-element elementor-element-0820682 elementor-section-boxed elementor-section-height-default elementor-section-height-default\" data-id=\"0820682\" data-element_type=\"section\" data-e-type=\"section\">\n\t\t\t\t\t\t<div class=\"elementor-container elementor-column-gap-default\">\n\t\t\t\t\t<div class=\"elementor-column elementor-col-100 elementor-top-column elementor-element elementor-element-ab4630e\" data-id=\"ab4630e\" data-element_type=\"column\" data-e-type=\"column\">\n\t\t\t<div class=\"elementor-widget-wrap elementor-element-populated\">\n\t\t\t\t\t\t<div class=\"elementor-element elementor-element-7b307db elementor-widget elementor-widget-text-editor\" data-id=\"7b307db\" data-element_type=\"widget\" data-e-type=\"widget\" data-widget_type=\"text-editor.default\">\n\t\t\t\t<div class=\"elementor-widget-container\">\n\t\t\t\t\t\t\t\t\t<div class=\"xdj266r x11i5rnm xat24cr x1mh8g0r x1vvkbs x126k92a\"><div class=\"xdj266r x11i5rnm xat24cr x1mh8g0r x1vvkbs x126k92a\"><div dir=\"auto\" style=\"text-align: center;\"><strong>ET UNE NOUVELLE M\u00c9DAILLE EN CHAMPIONNAT DE NORMANDIE BENJAMINS !!<\/strong><\/div><div dir=\"auto\">\u00a0<\/div><\/div><div class=\"x11i5rnm xat24cr x1mh8g0r x1vvkbs xtlvy1s x126k92a\"><div dir=\"auto\">Nous avions trois judoka du Foyer G. Bernanos qui ont r\u00e9ussi \u00e0 se qualifier sur le Championnat de Normandie Benjamins 2024 qui avait lieu aujourd\u2019hui \u00e0 Alizay.<\/div><div dir=\"auto\">\u00a0<\/div><\/div><div class=\"x11i5rnm xat24cr x1mh8g0r x1vvkbs xtlvy1s x126k92a\"><div dir=\"auto\"><span class=\"html-span xexx8yu x4uap5 x18d9i69 xkhd6sd x1hl2dhg x16tdsg8 x1vvkbs x3nfvp2 x1j61x8r x1fcty0u xdj266r xat24cr xgzva0m xhhsvwb xxymvpz xlup9mm x1kky2od\"><img decoding=\"async\" class=\"xz74otr\" src=\"https:\/\/static.xx.fbcdn.net\/images\/emoji.php\/v9\/t35\/2\/16\/1f949.png\" alt=\"\ud83e\udd49\" width=\"16\" height=\"16\" \/><\/span> Sarah Chehidi va chercher une tr\u00e8s belle place de 3\u00e8me. Un parcours tr\u00e8s prometteur pour la suite !<\/div><div dir=\"auto\">\u00a0<\/div><div dir=\"auto\">&#8211; Ambre El Jourd et Gabriel Grange n\u2019ont quant \u00e0 eux pas r\u00e9ussis \u00e0 sortir de poule mais r\u00e9alisent n\u00e9anmoins de tr\u00e8s beaux combats avec du beau travail de fait par chacun d\u2019entre eux.<\/div><div dir=\"auto\">\u00a0<\/div><\/div><div class=\"x11i5rnm xat24cr x1mh8g0r x1vvkbs xtlvy1s x126k92a\"><div dir=\"auto\">Bravo \u00e0 tous les judoka du club qui ont combattu ce week-end pour ces tr\u00e8s belles performances mettant en avant la qualit\u00e9 du travail r\u00e9alis\u00e9 en club <span class=\"html-span xexx8yu x4uap5 x18d9i69 xkhd6sd x1hl2dhg x16tdsg8 x1vvkbs x3nfvp2 x1j61x8r x1fcty0u xdj266r xat24cr xgzva0m xhhsvwb xxymvpz xlup9mm x1kky2od\"><img decoding=\"async\" class=\"xz74otr\" src=\"https:\/\/static.xx.fbcdn.net\/images\/emoji.php\/v9\/t5a\/2\/16\/1f44f_1f3fd.png\" alt=\"\ud83d\udc4f\ud83c\udffd\" width=\"16\" height=\"16\" \/><\/span><\/div><\/div><\/div>\t\t\t\t\t\t\t\t<\/div>\n\t\t\t\t<\/div>\n\t\t\t\t\t<\/div>\n\t\t<\/div>\n\t\t\t\t\t<\/div>\n\t\t<\/section>\n\t\t\t\t<section class=\"elementor-section elementor-top-section elementor-element elementor-element-4da0af1 elementor-section-boxed elementor-section-height-default elementor-section-height-default\" data-id=\"4da0af1\" data-element_type=\"section\" data-e-type=\"section\">\n\t\t\t\t\t\t<div class=\"elementor-container elementor-column-gap-default\">\n\t\t\t\t\t<div class=\"elementor-column elementor-col-100 elementor-top-column elementor-element elementor-element-11a770d\" data-id=\"11a770d\" data-element_type=\"column\" data-e-type=\"column\">\n\t\t\t<div class=\"elementor-widget-wrap elementor-element-populated\">\n\t\t\t\t\t\t<div class=\"elementor-element elementor-element-4ec7d02 elementor-arrows-position-inside elementor-pagination-position-outside elementor-widget elementor-widget-image-carousel\" data-id=\"4ec7d02\" data-element_type=\"widget\" data-e-type=\"widget\" data-settings=\"{&quot;slides_to_show&quot;:&quot;2&quot;,&quot;navigation&quot;:&quot;both&quot;,&quot;autoplay&quot;:&quot;yes&quot;,&quot;pause_on_hover&quot;:&quot;yes&quot;,&quot;pause_on_interaction&quot;:&quot;yes&quot;,&quot;autoplay_speed&quot;:5000,&quot;infinite&quot;:&quot;yes&quot;,&quot;speed&quot;:500,&quot;image_spacing_custom&quot;:{&quot;unit&quot;:&quot;px&quot;,&quot;size&quot;:20,&quot;sizes&quot;:[]},&quot;image_spacing_custom_tablet&quot;:{&quot;unit&quot;:&quot;px&quot;,&quot;size&quot;:&quot;&quot;,&quot;sizes&quot;:[]},&quot;image_spacing_custom_mobile&quot;:{&quot;unit&quot;:&quot;px&quot;,&quot;size&quot;:&quot;&quot;,&quot;sizes&quot;:[]}}\" data-widget_type=\"image-carousel.default\">\n\t\t\t\t<div class=\"elementor-widget-container\">\n\t\t\t\t\t\t\t<div class=\"elementor-image-carousel-wrapper swiper\" role=\"region\" aria-roledescription=\"carousel\" aria-label=\"Carrousel d\u2019images\" dir=\"ltr\">\n\t\t\t<div class=\"elementor-image-carousel swiper-wrapper\" aria-live=\"off\">\n\t\t\t\t\t\t\t\t<div class=\"swiper-slide\" role=\"group\" aria-roledescription=\"slide\" aria-label=\"1 sur 3\"><figure class=\"swiper-slide-inner\"><img decoding=\"async\" class=\"swiper-slide-image\" src=\"https:\/\/judobernanos.com\/wordpressloevan\/wp-content\/uploads\/2024\/07\/445203474_958549102938027_7627266684741509277_n-768x960.jpeg\" alt=\"CHAMPIONNAT DE NORMANDIE BENJAMIN 2024 - SARA CHEHIDI ET AMBRE EL JOURD\" \/><\/figure><\/div><div class=\"swiper-slide\" role=\"group\" aria-roledescription=\"slide\" aria-label=\"2 sur 3\"><figure class=\"swiper-slide-inner\"><img decoding=\"async\" class=\"swiper-slide-image\" src=\"https:\/\/judobernanos.com\/wordpressloevan\/wp-content\/uploads\/2024\/07\/443822533_958549112938026_4338781202460801715_n-768x960.jpeg\" alt=\"CHAMPIONNAT DE NORMANDIE BENJAMIN 2024 - SARA CHEHIDI\" \/><\/figure><\/div><div class=\"swiper-slide\" role=\"group\" aria-roledescription=\"slide\" aria-label=\"3 sur 3\"><figure class=\"swiper-slide-inner\"><img decoding=\"async\" class=\"swiper-slide-image\" src=\"https:\/\/judobernanos.com\/wordpressloevan\/wp-content\/uploads\/2024\/07\/443927013_958549106271360_8558328904516365267_n-768x960.jpeg\" alt=\"CHAMPIONNAT DE NORMANDIE BENJAMIN 2024 - GABRIEL GRANGE\" \/><\/figure><\/div>\t\t\t<\/div>\n\t\t\t\t\t\t\t\t\t\t\t\t<div class=\"elementor-swiper-button elementor-swiper-button-prev\" role=\"button\" tabindex=\"0\">\n\t\t\t\t\t\t<svg aria-hidden=\"true\" class=\"e-font-icon-svg e-eicon-chevron-left\" viewBox=\"0 0 1000 1000\" xmlns=\"http:\/\/www.w3.org\/2000\/svg\"><path d=\"M646 125C629 125 613 133 604 142L308 442C296 454 292 471 292 487 292 504 296 521 308 533L604 854C617 867 629 875 646 875 663 875 679 871 692 858 704 846 713 829 713 812 713 796 708 779 692 767L438 487 692 225C700 217 708 204 708 187 708 171 704 154 692 142 675 129 663 125 646 125Z\"><\/path><\/svg>\t\t\t\t\t<\/div>\n\t\t\t\t\t<div class=\"elementor-swiper-button elementor-swiper-button-next\" role=\"button\" tabindex=\"0\">\n\t\t\t\t\t\t<svg aria-hidden=\"true\" class=\"e-font-icon-svg e-eicon-chevron-right\" viewBox=\"0 0 1000 1000\" xmlns=\"http:\/\/www.w3.org\/2000\/svg\"><path d=\"M696 533C708 521 713 504 713 487 713 471 708 454 696 446L400 146C388 133 375 125 354 125 338 125 325 129 313 142 300 154 292 171 292 187 292 204 296 221 308 233L563 492 304 771C292 783 288 800 288 817 288 833 296 850 308 863 321 871 338 875 354 875 371 875 388 867 400 854L696 533Z\"><\/path><\/svg>\t\t\t\t\t<\/div>\n\t\t\t\t\n\t\t\t\t\t\t\t\t\t<div class=\"swiper-pagination\"><\/div>\n\t\t\t\t\t\t\t\t\t<\/div>\n\t\t\t\t\t\t<\/div>\n\t\t\t\t<\/div>\n\t\t\t\t\t<\/div>\n\t\t<\/div>\n\t\t\t\t\t<\/div>\n\t\t<\/section>\n\t\t\t\t<\/div>\n\t\t","protected":false},"excerpt":{"rendered":"<p>DES PODIUMS AUX CHAMPIONNATS DE NORMANDIE SENIORS ET BENJAMINS ! DEUX PODIUMS AUX CHAMPIONNATS DE NORMANDIE SENIORS 2024 ! \u00a04 judoka du club pr\u00e9sents ce samedi sur les Championnats de Normandie 1er et 3\u00e8me division.. et deux podiums !!\u00a03\u00e8me place pour Loevan Le Coadou sur le Championnat de Normandie 3\u00e8me division. Un beau parcours, malheureusement&hellip;&nbsp;<a href=\"https:\/\/judobernanos.com\/wordpressloevan\/championnat-de-normandie-judo-2\/\" rel=\"bookmark\"><span class=\"screen-reader-text\">Des podiums aux Championnats de Normandie !<\/span><\/a><\/p>\n","protected":false},"author":120,"featured_media":8270,"comment_status":"closed","ping_status":"closed","sticky":false,"template":"","format":"standard","meta":{"_monsterinsights_skip_tracking":false,"_monsterinsights_sitenote_active":false,"_monsterinsights_sitenote_note":"","_monsterinsights_sitenote_category":0,"neve_meta_sidebar":"","neve_meta_container":"","neve_meta_enable_content_width":"","neve_meta_content_width":0,"neve_meta_title_alignment":"","neve_meta_author_avatar":"","neve_post_elements_order":"","neve_meta_disable_header":"","neve_meta_disable_footer":"","neve_meta_disable_title":"","footnotes":""},"categories":[30,64],"tags":[],"class_list":["post-8262","post","type-post","status-publish","format-standard","has-post-thumbnail","hentry","category-competitions-passages-de-grade","category-saison-2023-2024"],"yoast_head":"<!-- This site is optimized with the Yoast SEO plugin v27.5 - https:\/\/yoast.com\/product\/yoast-seo-wordpress\/ -->\n<title>Championnat de Normandie Judo - Des podiums aux Championnats de Normandie ! - JUDO BERNANOS<\/title>\n<meta name=\"description\" content=\"Championnat de Normandie Judo - Des podiums aux Championnats de Normandie ! 4 judoka du club pr\u00e9sents ce samedi sur les Championnats de ...\" \/>\n<meta name=\"robots\" content=\"index, follow, max-snippet:-1, max-image-preview:large, max-video-preview:-1\" \/>\n<link rel=\"canonical\" href=\"https:\/\/judobernanos.com\/wordpressloevan\/championnat-de-normandie-judo-2\/\" \/>\n<meta property=\"og:locale\" content=\"fr_FR\" \/>\n<meta property=\"og:type\" content=\"article\" \/>\n<meta property=\"og:title\" content=\"Championnat de Normandie Judo - Des podiums aux Championnats de Normandie ! - JUDO BERNANOS\" \/>\n<meta property=\"og:description\" content=\"Championnat de Normandie Judo - Des podiums aux Championnats de Normandie ! 4 judoka du club pr\u00e9sents ce samedi sur les Championnats de ...\" \/>\n<meta property=\"og:url\" content=\"https:\/\/judobernanos.com\/wordpressloevan\/championnat-de-normandie-judo-2\/\" \/>\n<meta property=\"og:site_name\" content=\"JUDO BERNANOS\" \/>\n<meta property=\"article:publisher\" content=\"https:\/\/www.facebook.com\/judobernanos\" \/>\n<meta property=\"article:published_time\" content=\"2024-05-26T16:20:22+00:00\" \/>\n<meta property=\"article:modified_time\" content=\"2024-07-04T08:51:59+00:00\" \/>\n<meta property=\"og:image\" content=\"https:\/\/judobernanos.com\/wordpressloevan\/wp-content\/uploads\/2024\/07\/442440064_957918973001040_5425136772847942141_n.jpeg\" \/>\n\t<meta property=\"og:image:width\" content=\"2048\" \/>\n\t<meta property=\"og:image:height\" content=\"1536\" \/>\n\t<meta property=\"og:image:type\" content=\"image\/jpeg\" \/>\n<meta name=\"author\" content=\"bernanos.judo\" \/>\n<meta name=\"twitter:card\" content=\"summary_large_image\" \/>\n<meta name=\"twitter:label1\" content=\"\u00c9crit par\" \/>\n\t<meta name=\"twitter:data1\" content=\"bernanos.judo\" \/>\n\t<meta name=\"twitter:label2\" content=\"Dur\u00e9e de lecture estim\u00e9e\" \/>\n\t<meta name=\"twitter:data2\" content=\"5 minutes\" \/>\n<script type=\"application\/ld+json\" class=\"yoast-schema-graph\">{\"@context\":\"https:\\\/\\\/schema.org\",\"@graph\":[{\"@type\":\"NewsArticle\",\"@id\":\"https:\\\/\\\/judobernanos.com\\\/wordpressloevan\\\/championnat-de-normandie-judo-2\\\/#article\",\"isPartOf\":{\"@id\":\"https:\\\/\\\/judobernanos.com\\\/wordpressloevan\\\/championnat-de-normandie-judo-2\\\/\"},\"author\":{\"name\":\"bernanos.judo\",\"@id\":\"https:\\\/\\\/judobernanos.com\\\/wordpressloevan\\\/#\\\/schema\\\/person\\\/64056b852d10cccde427fc555f4abe2d\"},\"headline\":\"Des podiums aux Championnats de Normandie !\",\"datePublished\":\"2024-05-26T16:20:22+00:00\",\"dateModified\":\"2024-07-04T08:51:59+00:00\",\"mainEntityOfPage\":{\"@id\":\"https:\\\/\\\/judobernanos.com\\\/wordpressloevan\\\/championnat-de-normandie-judo-2\\\/\"},\"wordCount\":312,\"publisher\":{\"@id\":\"https:\\\/\\\/judobernanos.com\\\/wordpressloevan\\\/#organization\"},\"image\":{\"@id\":\"https:\\\/\\\/judobernanos.com\\\/wordpressloevan\\\/championnat-de-normandie-judo-2\\\/#primaryimage\"},\"thumbnailUrl\":\"https:\\\/\\\/judobernanos.com\\\/wordpressloevan\\\/wp-content\\\/uploads\\\/2024\\\/07\\\/442440064_957918973001040_5425136772847942141_n.jpeg\",\"articleSection\":[\"Comp\u00e9titions \\\/ Passages de grade\",\"Saison 2023\\\/2024\"],\"inLanguage\":\"fr-FR\"},{\"@type\":\"WebPage\",\"@id\":\"https:\\\/\\\/judobernanos.com\\\/wordpressloevan\\\/championnat-de-normandie-judo-2\\\/\",\"url\":\"https:\\\/\\\/judobernanos.com\\\/wordpressloevan\\\/championnat-de-normandie-judo-2\\\/\",\"name\":\"Championnat de Normandie Judo - Des podiums aux Championnats de Normandie ! - JUDO BERNANOS\",\"isPartOf\":{\"@id\":\"https:\\\/\\\/judobernanos.com\\\/wordpressloevan\\\/#website\"},\"primaryImageOfPage\":{\"@id\":\"https:\\\/\\\/judobernanos.com\\\/wordpressloevan\\\/championnat-de-normandie-judo-2\\\/#primaryimage\"},\"image\":{\"@id\":\"https:\\\/\\\/judobernanos.com\\\/wordpressloevan\\\/championnat-de-normandie-judo-2\\\/#primaryimage\"},\"thumbnailUrl\":\"https:\\\/\\\/judobernanos.com\\\/wordpressloevan\\\/wp-content\\\/uploads\\\/2024\\\/07\\\/442440064_957918973001040_5425136772847942141_n.jpeg\",\"datePublished\":\"2024-05-26T16:20:22+00:00\",\"dateModified\":\"2024-07-04T08:51:59+00:00\",\"description\":\"Championnat de Normandie Judo - Des podiums aux Championnats de Normandie ! 4 judoka du club pr\u00e9sents ce samedi sur les Championnats de ...\",\"breadcrumb\":{\"@id\":\"https:\\\/\\\/judobernanos.com\\\/wordpressloevan\\\/championnat-de-normandie-judo-2\\\/#breadcrumb\"},\"inLanguage\":\"fr-FR\",\"potentialAction\":[{\"@type\":\"ReadAction\",\"target\":[\"https:\\\/\\\/judobernanos.com\\\/wordpressloevan\\\/championnat-de-normandie-judo-2\\\/\"]}]},{\"@type\":\"ImageObject\",\"inLanguage\":\"fr-FR\",\"@id\":\"https:\\\/\\\/judobernanos.com\\\/wordpressloevan\\\/championnat-de-normandie-judo-2\\\/#primaryimage\",\"url\":\"https:\\\/\\\/judobernanos.com\\\/wordpressloevan\\\/wp-content\\\/uploads\\\/2024\\\/07\\\/442440064_957918973001040_5425136772847942141_n.jpeg\",\"contentUrl\":\"https:\\\/\\\/judobernanos.com\\\/wordpressloevan\\\/wp-content\\\/uploads\\\/2024\\\/07\\\/442440064_957918973001040_5425136772847942141_n.jpeg\",\"width\":2048,\"height\":1536,\"caption\":\"CHAMPIONNAT DE NORMANDIE SENIOR 2024 - JUDO BERNANOS LE HAVRE\"},{\"@type\":\"BreadcrumbList\",\"@id\":\"https:\\\/\\\/judobernanos.com\\\/wordpressloevan\\\/championnat-de-normandie-judo-2\\\/#breadcrumb\",\"itemListElement\":[{\"@type\":\"ListItem\",\"position\":1,\"name\":\"Accueil\",\"item\":\"https:\\\/\\\/judobernanos.com\\\/wordpressloevan\\\/\"},{\"@type\":\"ListItem\",\"position\":2,\"name\":\"Des podiums aux Championnats de Normandie !\"}]},{\"@type\":\"WebSite\",\"@id\":\"https:\\\/\\\/judobernanos.com\\\/wordpressloevan\\\/#website\",\"url\":\"https:\\\/\\\/judobernanos.com\\\/wordpressloevan\\\/\",\"name\":\"JUDO BERNANOS\",\"description\":\"Le plus ancien club de judo havrais encore en activit\u00e9 .. Depuis 1968\",\"publisher\":{\"@id\":\"https:\\\/\\\/judobernanos.com\\\/wordpressloevan\\\/#organization\"},\"potentialAction\":[{\"@type\":\"SearchAction\",\"target\":{\"@type\":\"EntryPoint\",\"urlTemplate\":\"https:\\\/\\\/judobernanos.com\\\/wordpressloevan\\\/?s={search_term_string}\"},\"query-input\":{\"@type\":\"PropertyValueSpecification\",\"valueRequired\":true,\"valueName\":\"search_term_string\"}}],\"inLanguage\":\"fr-FR\"},{\"@type\":\"Organization\",\"@id\":\"https:\\\/\\\/judobernanos.com\\\/wordpressloevan\\\/#organization\",\"name\":\"Foyer G. Bernanos - Le Havre\",\"alternateName\":\"Judo Bernanos\",\"url\":\"https:\\\/\\\/judobernanos.com\\\/wordpressloevan\\\/\",\"logo\":{\"@type\":\"ImageObject\",\"inLanguage\":\"fr-FR\",\"@id\":\"https:\\\/\\\/judobernanos.com\\\/wordpressloevan\\\/#\\\/schema\\\/logo\\\/image\\\/\",\"url\":\"https:\\\/\\\/judobernanos.com\\\/wordpressloevan\\\/wp-content\\\/uploads\\\/2022\\\/01\\\/cropped-cropped-cropped-IMG_7125.png\",\"contentUrl\":\"https:\\\/\\\/judobernanos.com\\\/wordpressloevan\\\/wp-content\\\/uploads\\\/2022\\\/01\\\/cropped-cropped-cropped-IMG_7125.png\",\"width\":240,\"height\":240,\"caption\":\"Foyer G. Bernanos - Le Havre\"},\"image\":{\"@id\":\"https:\\\/\\\/judobernanos.com\\\/wordpressloevan\\\/#\\\/schema\\\/logo\\\/image\\\/\"},\"sameAs\":[\"https:\\\/\\\/www.facebook.com\\\/judobernanos\",\"https:\\\/\\\/www.instagram.com\\\/bernanos.judo\\\/\",\"https:\\\/\\\/www.youtube.com\\\/channel\\\/UC0ZX9zVT2ICb4Hi63_B9Vfg\"]},{\"@type\":\"Person\",\"@id\":\"https:\\\/\\\/judobernanos.com\\\/wordpressloevan\\\/#\\\/schema\\\/person\\\/64056b852d10cccde427fc555f4abe2d\",\"name\":\"bernanos.judo\",\"image\":{\"@type\":\"ImageObject\",\"inLanguage\":\"fr-FR\",\"@id\":\"https:\\\/\\\/secure.gravatar.com\\\/avatar\\\/2690c5a5885dd2762e74ba20cc34b03ecfa94873704af62313bca5e6a49f9290?s=96&d=blank&r=g\",\"url\":\"https:\\\/\\\/secure.gravatar.com\\\/avatar\\\/2690c5a5885dd2762e74ba20cc34b03ecfa94873704af62313bca5e6a49f9290?s=96&d=blank&r=g\",\"contentUrl\":\"https:\\\/\\\/secure.gravatar.com\\\/avatar\\\/2690c5a5885dd2762e74ba20cc34b03ecfa94873704af62313bca5e6a49f9290?s=96&d=blank&r=g\",\"caption\":\"bernanos.judo\"},\"url\":\"https:\\\/\\\/judobernanos.com\\\/wordpressloevan\\\/author\\\/bernanos-judo\\\/\"}]}<\/script>\n<!-- \/ Yoast SEO plugin. -->","yoast_head_json":{"title":"Championnat de Normandie Judo - Des podiums aux Championnats de Normandie ! - JUDO BERNANOS","description":"Championnat de Normandie Judo - Des podiums aux Championnats de Normandie ! 4 judoka du club pr\u00e9sents ce samedi sur les Championnats de ...","robots":{"index":"index","follow":"follow","max-snippet":"max-snippet:-1","max-image-preview":"max-image-preview:large","max-video-preview":"max-video-preview:-1"},"canonical":"https:\/\/judobernanos.com\/wordpressloevan\/championnat-de-normandie-judo-2\/","og_locale":"fr_FR","og_type":"article","og_title":"Championnat de Normandie Judo - Des podiums aux Championnats de Normandie ! - JUDO BERNANOS","og_description":"Championnat de Normandie Judo - Des podiums aux Championnats de Normandie ! 4 judoka du club pr\u00e9sents ce samedi sur les Championnats de ...","og_url":"https:\/\/judobernanos.com\/wordpressloevan\/championnat-de-normandie-judo-2\/","og_site_name":"JUDO BERNANOS","article_publisher":"https:\/\/www.facebook.com\/judobernanos","article_published_time":"2024-05-26T16:20:22+00:00","article_modified_time":"2024-07-04T08:51:59+00:00","og_image":[{"width":2048,"height":1536,"url":"https:\/\/judobernanos.com\/wordpressloevan\/wp-content\/uploads\/2024\/07\/442440064_957918973001040_5425136772847942141_n.jpeg","type":"image\/jpeg"}],"author":"bernanos.judo","twitter_card":"summary_large_image","twitter_misc":{"\u00c9crit par":"bernanos.judo","Dur\u00e9e de lecture estim\u00e9e":"5 minutes"},"schema":{"@context":"https:\/\/schema.org","@graph":[{"@type":"NewsArticle","@id":"https:\/\/judobernanos.com\/wordpressloevan\/championnat-de-normandie-judo-2\/#article","isPartOf":{"@id":"https:\/\/judobernanos.com\/wordpressloevan\/championnat-de-normandie-judo-2\/"},"author":{"name":"bernanos.judo","@id":"https:\/\/judobernanos.com\/wordpressloevan\/#\/schema\/person\/64056b852d10cccde427fc555f4abe2d"},"headline":"Des podiums aux Championnats de Normandie !","datePublished":"2024-05-26T16:20:22+00:00","dateModified":"2024-07-04T08:51:59+00:00","mainEntityOfPage":{"@id":"https:\/\/judobernanos.com\/wordpressloevan\/championnat-de-normandie-judo-2\/"},"wordCount":312,"publisher":{"@id":"https:\/\/judobernanos.com\/wordpressloevan\/#organization"},"image":{"@id":"https:\/\/judobernanos.com\/wordpressloevan\/championnat-de-normandie-judo-2\/#primaryimage"},"thumbnailUrl":"https:\/\/judobernanos.com\/wordpressloevan\/wp-content\/uploads\/2024\/07\/442440064_957918973001040_5425136772847942141_n.jpeg","articleSection":["Comp\u00e9titions \/ Passages de grade","Saison 2023\/2024"],"inLanguage":"fr-FR"},{"@type":"WebPage","@id":"https:\/\/judobernanos.com\/wordpressloevan\/championnat-de-normandie-judo-2\/","url":"https:\/\/judobernanos.com\/wordpressloevan\/championnat-de-normandie-judo-2\/","name":"Championnat de Normandie Judo - Des podiums aux Championnats de Normandie ! - JUDO BERNANOS","isPartOf":{"@id":"https:\/\/judobernanos.com\/wordpressloevan\/#website"},"primaryImageOfPage":{"@id":"https:\/\/judobernanos.com\/wordpressloevan\/championnat-de-normandie-judo-2\/#primaryimage"},"image":{"@id":"https:\/\/judobernanos.com\/wordpressloevan\/championnat-de-normandie-judo-2\/#primaryimage"},"thumbnailUrl":"https:\/\/judobernanos.com\/wordpressloevan\/wp-content\/uploads\/2024\/07\/442440064_957918973001040_5425136772847942141_n.jpeg","datePublished":"2024-05-26T16:20:22+00:00","dateModified":"2024-07-04T08:51:59+00:00","description":"Championnat de Normandie Judo - Des podiums aux Championnats de Normandie ! 4 judoka du club pr\u00e9sents ce samedi sur les Championnats de ...","breadcrumb":{"@id":"https:\/\/judobernanos.com\/wordpressloevan\/championnat-de-normandie-judo-2\/#breadcrumb"},"inLanguage":"fr-FR","potentialAction":[{"@type":"ReadAction","target":["https:\/\/judobernanos.com\/wordpressloevan\/championnat-de-normandie-judo-2\/"]}]},{"@type":"ImageObject","inLanguage":"fr-FR","@id":"https:\/\/judobernanos.com\/wordpressloevan\/championnat-de-normandie-judo-2\/#primaryimage","url":"https:\/\/judobernanos.com\/wordpressloevan\/wp-content\/uploads\/2024\/07\/442440064_957918973001040_5425136772847942141_n.jpeg","contentUrl":"https:\/\/judobernanos.com\/wordpressloevan\/wp-content\/uploads\/2024\/07\/442440064_957918973001040_5425136772847942141_n.jpeg","width":2048,"height":1536,"caption":"CHAMPIONNAT DE NORMANDIE SENIOR 2024 - JUDO BERNANOS LE HAVRE"},{"@type":"BreadcrumbList","@id":"https:\/\/judobernanos.com\/wordpressloevan\/championnat-de-normandie-judo-2\/#breadcrumb","itemListElement":[{"@type":"ListItem","position":1,"name":"Accueil","item":"https:\/\/judobernanos.com\/wordpressloevan\/"},{"@type":"ListItem","position":2,"name":"Des podiums aux Championnats de Normandie !"}]},{"@type":"WebSite","@id":"https:\/\/judobernanos.com\/wordpressloevan\/#website","url":"https:\/\/judobernanos.com\/wordpressloevan\/","name":"JUDO BERNANOS","description":"Le plus ancien club de judo havrais encore en activit\u00e9 .. Depuis 1968","publisher":{"@id":"https:\/\/judobernanos.com\/wordpressloevan\/#organization"},"potentialAction":[{"@type":"SearchAction","target":{"@type":"EntryPoint","urlTemplate":"https:\/\/judobernanos.com\/wordpressloevan\/?s={search_term_string}"},"query-input":{"@type":"PropertyValueSpecification","valueRequired":true,"valueName":"search_term_string"}}],"inLanguage":"fr-FR"},{"@type":"Organization","@id":"https:\/\/judobernanos.com\/wordpressloevan\/#organization","name":"Foyer G. Bernanos - Le Havre","alternateName":"Judo Bernanos","url":"https:\/\/judobernanos.com\/wordpressloevan\/","logo":{"@type":"ImageObject","inLanguage":"fr-FR","@id":"https:\/\/judobernanos.com\/wordpressloevan\/#\/schema\/logo\/image\/","url":"https:\/\/judobernanos.com\/wordpressloevan\/wp-content\/uploads\/2022\/01\/cropped-cropped-cropped-IMG_7125.png","contentUrl":"https:\/\/judobernanos.com\/wordpressloevan\/wp-content\/uploads\/2022\/01\/cropped-cropped-cropped-IMG_7125.png","width":240,"height":240,"caption":"Foyer G. Bernanos - Le Havre"},"image":{"@id":"https:\/\/judobernanos.com\/wordpressloevan\/#\/schema\/logo\/image\/"},"sameAs":["https:\/\/www.facebook.com\/judobernanos","https:\/\/www.instagram.com\/bernanos.judo\/","https:\/\/www.youtube.com\/channel\/UC0ZX9zVT2ICb4Hi63_B9Vfg"]},{"@type":"Person","@id":"https:\/\/judobernanos.com\/wordpressloevan\/#\/schema\/person\/64056b852d10cccde427fc555f4abe2d","name":"bernanos.judo","image":{"@type":"ImageObject","inLanguage":"fr-FR","@id":"https:\/\/secure.gravatar.com\/avatar\/2690c5a5885dd2762e74ba20cc34b03ecfa94873704af62313bca5e6a49f9290?s=96&d=blank&r=g","url":"https:\/\/secure.gravatar.com\/avatar\/2690c5a5885dd2762e74ba20cc34b03ecfa94873704af62313bca5e6a49f9290?s=96&d=blank&r=g","contentUrl":"https:\/\/secure.gravatar.com\/avatar\/2690c5a5885dd2762e74ba20cc34b03ecfa94873704af62313bca5e6a49f9290?s=96&d=blank&r=g","caption":"bernanos.judo"},"url":"https:\/\/judobernanos.com\/wordpressloevan\/author\/bernanos-judo\/"}]}},"jetpack_featured_media_url":"https:\/\/judobernanos.com\/wordpressloevan\/wp-content\/uploads\/2024\/07\/442440064_957918973001040_5425136772847942141_n.jpeg","_links":{"self":[{"href":"https:\/\/judobernanos.com\/wordpressloevan\/wp-json\/wp\/v2\/posts\/8262","targetHints":{"allow":["GET"]}}],"collection":[{"href":"https:\/\/judobernanos.com\/wordpressloevan\/wp-json\/wp\/v2\/posts"}],"about":[{"href":"https:\/\/judobernanos.com\/wordpressloevan\/wp-json\/wp\/v2\/types\/post"}],"author":[{"embeddable":true,"href":"https:\/\/judobernanos.com\/wordpressloevan\/wp-json\/wp\/v2\/users\/120"}],"replies":[{"embeddable":true,"href":"https:\/\/judobernanos.com\/wordpressloevan\/wp-json\/wp\/v2\/comments?post=8262"}],"version-history":[{"count":4,"href":"https:\/\/judobernanos.com\/wordpressloevan\/wp-json\/wp\/v2\/posts\/8262\/revisions"}],"predecessor-version":[{"id":8276,"href":"https:\/\/judobernanos.com\/wordpressloevan\/wp-json\/wp\/v2\/posts\/8262\/revisions\/8276"}],"wp:featuredmedia":[{"embeddable":true,"href":"https:\/\/judobernanos.com\/wordpressloevan\/wp-json\/wp\/v2\/media\/8270"}],"wp:attachment":[{"href":"https:\/\/judobernanos.com\/wordpressloevan\/wp-json\/wp\/v2\/media?parent=8262"}],"wp:term":[{"taxonomy":"category","embeddable":true,"href":"https:\/\/judobernanos.com\/wordpressloevan\/wp-json\/wp\/v2\/categories?post=8262"},{"taxonomy":"post_tag","embeddable":true,"href":"https:\/\/judobernanos.com\/wordpressloevan\/wp-json\/wp\/v2\/tags?post=8262"}],"curies":[{"name":"wp","href":"https:\/\/api.w.org\/{rel}","templated":true}]}}