{"id":8247,"date":"2024-04-07T18:12:00","date_gmt":"2024-04-07T16:12:00","guid":{"rendered":"https:\/\/judobernanos.com\/wordpressloevan\/?p=8247"},"modified":"2024-05-23T11:17:07","modified_gmt":"2024-05-23T09:17:07","slug":"cricuit-regional-normandie","status":"publish","type":"post","link":"https:\/\/judobernanos.com\/wordpressloevan\/cricuit-regional-normandie\/","title":{"rendered":"4\u00e8me Circuit R\u00e9gional Minimes"},"content":{"rendered":"\t\t<div data-elementor-type=\"wp-post\" data-elementor-id=\"8247\" class=\"elementor elementor-8247\">\n\t\t\t\t\t\t<section class=\"elementor-section elementor-top-section elementor-element elementor-element-6fc2126 elementor-section-boxed elementor-section-height-default elementor-section-height-default\" data-id=\"6fc2126\" data-element_type=\"section\" data-e-type=\"section\">\n\t\t\t\t\t\t<div class=\"elementor-container elementor-column-gap-default\">\n\t\t\t\t\t<div class=\"elementor-column elementor-col-100 elementor-top-column elementor-element elementor-element-cc31508\" data-id=\"cc31508\" data-element_type=\"column\" data-e-type=\"column\">\n\t\t\t<div class=\"elementor-widget-wrap elementor-element-populated\">\n\t\t\t\t\t\t<div class=\"elementor-element elementor-element-ed79421 elementor-widget elementor-widget-heading\" data-id=\"ed79421\" data-element_type=\"widget\" data-e-type=\"widget\" data-widget_type=\"heading.default\">\n\t\t\t\t<div class=\"elementor-widget-container\">\n\t\t\t\t\t<h2 class=\"elementor-heading-title elementor-size-default\">4\u00c8ME CIRCUIT R\u00c9GIONAL MINIMES<\/h2>\t\t\t\t<\/div>\n\t\t\t\t<\/div>\n\t\t\t\t\t<\/div>\n\t\t<\/div>\n\t\t\t\t\t<\/div>\n\t\t<\/section>\n\t\t\t\t<section class=\"elementor-section elementor-top-section elementor-element elementor-element-21fc900 elementor-section-boxed elementor-section-height-default elementor-section-height-default\" data-id=\"21fc900\" data-element_type=\"section\" data-e-type=\"section\">\n\t\t\t\t\t\t<div class=\"elementor-container elementor-column-gap-default\">\n\t\t\t\t\t<div class=\"elementor-column elementor-col-100 elementor-top-column elementor-element elementor-element-f3b7ac8\" data-id=\"f3b7ac8\" data-element_type=\"column\" data-e-type=\"column\">\n\t\t\t<div class=\"elementor-widget-wrap elementor-element-populated\">\n\t\t\t\t\t\t<div class=\"elementor-element elementor-element-9570f00 elementor-widget elementor-widget-text-editor\" data-id=\"9570f00\" data-element_type=\"widget\" data-e-type=\"widget\" data-widget_type=\"text-editor.default\">\n\t\t\t\t<div class=\"elementor-widget-container\">\n\t\t\t\t\t\t\t\t\t<div class=\"x11i5rnm xat24cr x1mh8g0r x1vvkbs xtlvy1s x126k92a\"><div dir=\"auto\">Retour de comp\u00e9tition aujourd\u2019hui pour nos minimes. Nos judoka ne se classent malheureusement pas sur cette comp\u00e9tition. Premi\u00e8re comp\u00e9tition de la saison pour Rapha\u00ebl qui \u00e9tait sur la Coupe de France l\u2019ann\u00e9e derni\u00e8re \u00e9tait malheureusement bless\u00e9 sur ce d\u00e9but de saison, il sort 1er de poule mais perd par la suite au premier tour de tableau et n\u2019est pas rep\u00each\u00e9. Riadh, en premi\u00e8re ann\u00e9e minimes ne sort pas de poules, tout comme Ilian.. de l\u2019apprentissage pour eux !<\/div><div dir=\"auto\">\u00a0<\/div><\/div><div class=\"x11i5rnm xat24cr x1mh8g0r x1vvkbs xtlvy1s x126k92a\"><div dir=\"auto\">De l\u2019apprentissage et du travail pour pr\u00e9parer la saison prochaine, f\u00e9licitations \u00e0 eux !<\/div><\/div>\t\t\t\t\t\t\t\t<\/div>\n\t\t\t\t<\/div>\n\t\t\t\t\t<\/div>\n\t\t<\/div>\n\t\t\t\t\t<\/div>\n\t\t<\/section>\n\t\t\t\t<section class=\"elementor-section elementor-top-section elementor-element elementor-element-79db4ca elementor-section-boxed elementor-section-height-default elementor-section-height-default\" data-id=\"79db4ca\" data-element_type=\"section\" data-e-type=\"section\">\n\t\t\t\t\t\t<div class=\"elementor-container elementor-column-gap-default\">\n\t\t\t\t\t<div class=\"elementor-column elementor-col-50 elementor-top-column elementor-element elementor-element-5755583\" data-id=\"5755583\" data-element_type=\"column\" data-e-type=\"column\">\n\t\t\t<div class=\"elementor-widget-wrap elementor-element-populated\">\n\t\t\t\t\t\t<div class=\"elementor-element elementor-element-eff9c78 elementor-widget elementor-widget-image\" data-id=\"eff9c78\" data-element_type=\"widget\" data-e-type=\"widget\" data-widget_type=\"image.default\">\n\t\t\t\t<div class=\"elementor-widget-container\">\n\t\t\t\t\t\t\t\t\t\t\t\t\t\t\t<img fetchpriority=\"high\" decoding=\"async\" width=\"768\" height=\"1024\" src=\"https:\/\/judobernanos.com\/wordpressloevan\/wp-content\/uploads\/2024\/05\/436425979_924254249700846_9013306439182894552_n-768x1024.jpeg\" class=\"attachment-large size-large wp-image-8249\" alt=\"Circuit r\u00e9gional Minimes Normandie Judo - Judo Bernanos Le Havre\" srcset=\"https:\/\/judobernanos.com\/wordpressloevan\/wp-content\/uploads\/2024\/05\/436425979_924254249700846_9013306439182894552_n-768x1024.jpeg 768w, https:\/\/judobernanos.com\/wordpressloevan\/wp-content\/uploads\/2024\/05\/436425979_924254249700846_9013306439182894552_n-225x300.jpeg 225w, https:\/\/judobernanos.com\/wordpressloevan\/wp-content\/uploads\/2024\/05\/436425979_924254249700846_9013306439182894552_n-1152x1536.jpeg 1152w, https:\/\/judobernanos.com\/wordpressloevan\/wp-content\/uploads\/2024\/05\/436425979_924254249700846_9013306439182894552_n-1x1.jpeg 1w, https:\/\/judobernanos.com\/wordpressloevan\/wp-content\/uploads\/2024\/05\/436425979_924254249700846_9013306439182894552_n.jpeg 1200w\" sizes=\"(max-width: 768px) 100vw, 768px\" \/>\t\t\t\t\t\t\t\t\t\t\t\t\t\t\t<\/div>\n\t\t\t\t<\/div>\n\t\t\t\t\t<\/div>\n\t\t<\/div>\n\t\t\t\t<div class=\"elementor-column elementor-col-50 elementor-top-column elementor-element elementor-element-4e5c873\" data-id=\"4e5c873\" data-element_type=\"column\" data-e-type=\"column\">\n\t\t\t<div class=\"elementor-widget-wrap elementor-element-populated\">\n\t\t\t\t\t\t<div class=\"elementor-element elementor-element-f7d3ee7 elementor-widget elementor-widget-image\" data-id=\"f7d3ee7\" data-element_type=\"widget\" data-e-type=\"widget\" data-widget_type=\"image.default\">\n\t\t\t\t<div class=\"elementor-widget-container\">\n\t\t\t\t\t\t\t\t\t\t\t\t\t\t\t<img decoding=\"async\" width=\"768\" height=\"1024\" src=\"https:\/\/judobernanos.com\/wordpressloevan\/wp-content\/uploads\/2024\/05\/434737355_924254259700845_3288554023040839884_n-768x1024.jpeg\" class=\"attachment-large size-large wp-image-8248\" alt=\"Circuit r\u00e9gional Minimes Normandie Judo - Judo Bernanos Le Havre\" srcset=\"https:\/\/judobernanos.com\/wordpressloevan\/wp-content\/uploads\/2024\/05\/434737355_924254259700845_3288554023040839884_n-768x1024.jpeg 768w, https:\/\/judobernanos.com\/wordpressloevan\/wp-content\/uploads\/2024\/05\/434737355_924254259700845_3288554023040839884_n-225x300.jpeg 225w, https:\/\/judobernanos.com\/wordpressloevan\/wp-content\/uploads\/2024\/05\/434737355_924254259700845_3288554023040839884_n-1152x1536.jpeg 1152w, https:\/\/judobernanos.com\/wordpressloevan\/wp-content\/uploads\/2024\/05\/434737355_924254259700845_3288554023040839884_n-1x1.jpeg 1w, https:\/\/judobernanos.com\/wordpressloevan\/wp-content\/uploads\/2024\/05\/434737355_924254259700845_3288554023040839884_n.jpeg 1200w\" sizes=\"(max-width: 768px) 100vw, 768px\" \/>\t\t\t\t\t\t\t\t\t\t\t\t\t\t\t<\/div>\n\t\t\t\t<\/div>\n\t\t\t\t\t<\/div>\n\t\t<\/div>\n\t\t\t\t\t<\/div>\n\t\t<\/section>\n\t\t\t\t<\/div>\n\t\t","protected":false},"excerpt":{"rendered":"<p>4\u00c8ME CIRCUIT R\u00c9GIONAL MINIMES Retour de comp\u00e9tition aujourd\u2019hui pour nos minimes. Nos judoka ne se classent malheureusement pas sur cette comp\u00e9tition. Premi\u00e8re comp\u00e9tition de la saison pour Rapha\u00ebl qui \u00e9tait sur la Coupe de France l\u2019ann\u00e9e derni\u00e8re \u00e9tait malheureusement bless\u00e9 sur ce d\u00e9but de saison, il sort 1er de poule mais perd par la suite&hellip;&nbsp;<a href=\"https:\/\/judobernanos.com\/wordpressloevan\/cricuit-regional-normandie\/\" rel=\"bookmark\"><span class=\"screen-reader-text\">4\u00e8me Circuit R\u00e9gional Minimes<\/span><\/a><\/p>\n","protected":false},"author":120,"featured_media":8249,"comment_status":"closed","ping_status":"closed","sticky":false,"template":"","format":"standard","meta":{"_monsterinsights_skip_tracking":false,"_monsterinsights_sitenote_active":false,"_monsterinsights_sitenote_note":"","_monsterinsights_sitenote_category":0,"neve_meta_sidebar":"","neve_meta_container":"","neve_meta_enable_content_width":"","neve_meta_content_width":0,"neve_meta_title_alignment":"","neve_meta_author_avatar":"","neve_post_elements_order":"","neve_meta_disable_header":"","neve_meta_disable_footer":"","neve_meta_disable_title":"","footnotes":""},"categories":[30,64],"tags":[],"class_list":["post-8247","post","type-post","status-publish","format-standard","has-post-thumbnail","hentry","category-competitions-passages-de-grade","category-saison-2023-2024"],"yoast_head":"<!-- This site is optimized with the Yoast SEO plugin v27.5 - https:\/\/yoast.com\/product\/yoast-seo-wordpress\/ -->\n<title>4\u00e8me Circuit R\u00e9gional Minimes - JUDO BERNANOS<\/title>\n<meta name=\"description\" content=\"4\u00e8me Circuit R\u00e9gional Minimes Retour de comp\u00e9tition aujourd\u2019hui pour nos minimes. Nos judoka ne se classent malheureusement...\" \/>\n<meta name=\"robots\" content=\"index, follow, max-snippet:-1, max-image-preview:large, max-video-preview:-1\" \/>\n<link rel=\"canonical\" href=\"https:\/\/judobernanos.com\/wordpressloevan\/cricuit-regional-normandie\/\" \/>\n<meta property=\"og:locale\" content=\"fr_FR\" \/>\n<meta property=\"og:type\" content=\"article\" \/>\n<meta property=\"og:title\" content=\"4\u00e8me Circuit R\u00e9gional Minimes - JUDO BERNANOS\" \/>\n<meta property=\"og:description\" content=\"4\u00e8me Circuit R\u00e9gional Minimes Retour de comp\u00e9tition aujourd\u2019hui pour nos minimes. Nos judoka ne se classent malheureusement...\" \/>\n<meta property=\"og:url\" content=\"https:\/\/judobernanos.com\/wordpressloevan\/cricuit-regional-normandie\/\" \/>\n<meta property=\"og:site_name\" content=\"JUDO BERNANOS\" \/>\n<meta property=\"article:publisher\" content=\"https:\/\/www.facebook.com\/judobernanos\" \/>\n<meta property=\"article:published_time\" content=\"2024-04-07T16:12:00+00:00\" \/>\n<meta property=\"article:modified_time\" content=\"2024-05-23T09:17:07+00:00\" \/>\n<meta property=\"og:image\" content=\"https:\/\/judobernanos.com\/wordpressloevan\/wp-content\/uploads\/2024\/05\/436425979_924254249700846_9013306439182894552_n.jpeg\" \/>\n\t<meta property=\"og:image:width\" content=\"1200\" \/>\n\t<meta property=\"og:image:height\" content=\"1600\" \/>\n\t<meta property=\"og:image:type\" content=\"image\/jpeg\" \/>\n<meta name=\"author\" content=\"bernanos.judo\" \/>\n<meta name=\"twitter:card\" content=\"summary_large_image\" \/>\n<meta name=\"twitter:label1\" content=\"\u00c9crit par\" \/>\n\t<meta name=\"twitter:data1\" content=\"bernanos.judo\" \/>\n\t<meta name=\"twitter:label2\" content=\"Dur\u00e9e de lecture estim\u00e9e\" \/>\n\t<meta name=\"twitter:data2\" content=\"1 minute\" \/>\n<script type=\"application\/ld+json\" class=\"yoast-schema-graph\">{\"@context\":\"https:\\\/\\\/schema.org\",\"@graph\":[{\"@type\":\"NewsArticle\",\"@id\":\"https:\\\/\\\/judobernanos.com\\\/wordpressloevan\\\/cricuit-regional-normandie\\\/#article\",\"isPartOf\":{\"@id\":\"https:\\\/\\\/judobernanos.com\\\/wordpressloevan\\\/cricuit-regional-normandie\\\/\"},\"author\":{\"name\":\"bernanos.judo\",\"@id\":\"https:\\\/\\\/judobernanos.com\\\/wordpressloevan\\\/#\\\/schema\\\/person\\\/64056b852d10cccde427fc555f4abe2d\"},\"headline\":\"4\u00e8me Circuit R\u00e9gional Minimes\",\"datePublished\":\"2024-04-07T16:12:00+00:00\",\"dateModified\":\"2024-05-23T09:17:07+00:00\",\"mainEntityOfPage\":{\"@id\":\"https:\\\/\\\/judobernanos.com\\\/wordpressloevan\\\/cricuit-regional-normandie\\\/\"},\"wordCount\":117,\"publisher\":{\"@id\":\"https:\\\/\\\/judobernanos.com\\\/wordpressloevan\\\/#organization\"},\"image\":{\"@id\":\"https:\\\/\\\/judobernanos.com\\\/wordpressloevan\\\/cricuit-regional-normandie\\\/#primaryimage\"},\"thumbnailUrl\":\"https:\\\/\\\/judobernanos.com\\\/wordpressloevan\\\/wp-content\\\/uploads\\\/2024\\\/05\\\/436425979_924254249700846_9013306439182894552_n.jpeg\",\"articleSection\":[\"Comp\u00e9titions \\\/ Passages de grade\",\"Saison 2023\\\/2024\"],\"inLanguage\":\"fr-FR\"},{\"@type\":\"WebPage\",\"@id\":\"https:\\\/\\\/judobernanos.com\\\/wordpressloevan\\\/cricuit-regional-normandie\\\/\",\"url\":\"https:\\\/\\\/judobernanos.com\\\/wordpressloevan\\\/cricuit-regional-normandie\\\/\",\"name\":\"4\u00e8me Circuit R\u00e9gional Minimes - JUDO BERNANOS\",\"isPartOf\":{\"@id\":\"https:\\\/\\\/judobernanos.com\\\/wordpressloevan\\\/#website\"},\"primaryImageOfPage\":{\"@id\":\"https:\\\/\\\/judobernanos.com\\\/wordpressloevan\\\/cricuit-regional-normandie\\\/#primaryimage\"},\"image\":{\"@id\":\"https:\\\/\\\/judobernanos.com\\\/wordpressloevan\\\/cricuit-regional-normandie\\\/#primaryimage\"},\"thumbnailUrl\":\"https:\\\/\\\/judobernanos.com\\\/wordpressloevan\\\/wp-content\\\/uploads\\\/2024\\\/05\\\/436425979_924254249700846_9013306439182894552_n.jpeg\",\"datePublished\":\"2024-04-07T16:12:00+00:00\",\"dateModified\":\"2024-05-23T09:17:07+00:00\",\"description\":\"4\u00e8me Circuit R\u00e9gional Minimes Retour de comp\u00e9tition aujourd\u2019hui pour nos minimes. Nos judoka ne se classent malheureusement...\",\"breadcrumb\":{\"@id\":\"https:\\\/\\\/judobernanos.com\\\/wordpressloevan\\\/cricuit-regional-normandie\\\/#breadcrumb\"},\"inLanguage\":\"fr-FR\",\"potentialAction\":[{\"@type\":\"ReadAction\",\"target\":[\"https:\\\/\\\/judobernanos.com\\\/wordpressloevan\\\/cricuit-regional-normandie\\\/\"]}]},{\"@type\":\"ImageObject\",\"inLanguage\":\"fr-FR\",\"@id\":\"https:\\\/\\\/judobernanos.com\\\/wordpressloevan\\\/cricuit-regional-normandie\\\/#primaryimage\",\"url\":\"https:\\\/\\\/judobernanos.com\\\/wordpressloevan\\\/wp-content\\\/uploads\\\/2024\\\/05\\\/436425979_924254249700846_9013306439182894552_n.jpeg\",\"contentUrl\":\"https:\\\/\\\/judobernanos.com\\\/wordpressloevan\\\/wp-content\\\/uploads\\\/2024\\\/05\\\/436425979_924254249700846_9013306439182894552_n.jpeg\",\"width\":1200,\"height\":1600,\"caption\":\"Circuit r\u00e9gional Minimes Normandie Judo - Judo Bernanos Le Havre\"},{\"@type\":\"BreadcrumbList\",\"@id\":\"https:\\\/\\\/judobernanos.com\\\/wordpressloevan\\\/cricuit-regional-normandie\\\/#breadcrumb\",\"itemListElement\":[{\"@type\":\"ListItem\",\"position\":1,\"name\":\"Accueil\",\"item\":\"https:\\\/\\\/judobernanos.com\\\/wordpressloevan\\\/\"},{\"@type\":\"ListItem\",\"position\":2,\"name\":\"4\u00e8me Circuit R\u00e9gional Minimes\"}]},{\"@type\":\"WebSite\",\"@id\":\"https:\\\/\\\/judobernanos.com\\\/wordpressloevan\\\/#website\",\"url\":\"https:\\\/\\\/judobernanos.com\\\/wordpressloevan\\\/\",\"name\":\"JUDO BERNANOS\",\"description\":\"Le plus ancien club de judo havrais encore en activit\u00e9 .. Depuis 1968\",\"publisher\":{\"@id\":\"https:\\\/\\\/judobernanos.com\\\/wordpressloevan\\\/#organization\"},\"potentialAction\":[{\"@type\":\"SearchAction\",\"target\":{\"@type\":\"EntryPoint\",\"urlTemplate\":\"https:\\\/\\\/judobernanos.com\\\/wordpressloevan\\\/?s={search_term_string}\"},\"query-input\":{\"@type\":\"PropertyValueSpecification\",\"valueRequired\":true,\"valueName\":\"search_term_string\"}}],\"inLanguage\":\"fr-FR\"},{\"@type\":\"Organization\",\"@id\":\"https:\\\/\\\/judobernanos.com\\\/wordpressloevan\\\/#organization\",\"name\":\"Foyer G. Bernanos - Le Havre\",\"alternateName\":\"Judo Bernanos\",\"url\":\"https:\\\/\\\/judobernanos.com\\\/wordpressloevan\\\/\",\"logo\":{\"@type\":\"ImageObject\",\"inLanguage\":\"fr-FR\",\"@id\":\"https:\\\/\\\/judobernanos.com\\\/wordpressloevan\\\/#\\\/schema\\\/logo\\\/image\\\/\",\"url\":\"https:\\\/\\\/judobernanos.com\\\/wordpressloevan\\\/wp-content\\\/uploads\\\/2022\\\/01\\\/cropped-cropped-cropped-IMG_7125.png\",\"contentUrl\":\"https:\\\/\\\/judobernanos.com\\\/wordpressloevan\\\/wp-content\\\/uploads\\\/2022\\\/01\\\/cropped-cropped-cropped-IMG_7125.png\",\"width\":240,\"height\":240,\"caption\":\"Foyer G. Bernanos - Le Havre\"},\"image\":{\"@id\":\"https:\\\/\\\/judobernanos.com\\\/wordpressloevan\\\/#\\\/schema\\\/logo\\\/image\\\/\"},\"sameAs\":[\"https:\\\/\\\/www.facebook.com\\\/judobernanos\",\"https:\\\/\\\/www.instagram.com\\\/bernanos.judo\\\/\",\"https:\\\/\\\/www.youtube.com\\\/channel\\\/UC0ZX9zVT2ICb4Hi63_B9Vfg\"]},{\"@type\":\"Person\",\"@id\":\"https:\\\/\\\/judobernanos.com\\\/wordpressloevan\\\/#\\\/schema\\\/person\\\/64056b852d10cccde427fc555f4abe2d\",\"name\":\"bernanos.judo\",\"image\":{\"@type\":\"ImageObject\",\"inLanguage\":\"fr-FR\",\"@id\":\"https:\\\/\\\/secure.gravatar.com\\\/avatar\\\/2690c5a5885dd2762e74ba20cc34b03ecfa94873704af62313bca5e6a49f9290?s=96&d=blank&r=g\",\"url\":\"https:\\\/\\\/secure.gravatar.com\\\/avatar\\\/2690c5a5885dd2762e74ba20cc34b03ecfa94873704af62313bca5e6a49f9290?s=96&d=blank&r=g\",\"contentUrl\":\"https:\\\/\\\/secure.gravatar.com\\\/avatar\\\/2690c5a5885dd2762e74ba20cc34b03ecfa94873704af62313bca5e6a49f9290?s=96&d=blank&r=g\",\"caption\":\"bernanos.judo\"},\"url\":\"https:\\\/\\\/judobernanos.com\\\/wordpressloevan\\\/author\\\/bernanos-judo\\\/\"}]}<\/script>\n<!-- \/ Yoast SEO plugin. -->","yoast_head_json":{"title":"4\u00e8me Circuit R\u00e9gional Minimes - JUDO BERNANOS","description":"4\u00e8me Circuit R\u00e9gional Minimes Retour de comp\u00e9tition aujourd\u2019hui pour nos minimes. Nos judoka ne se classent malheureusement...","robots":{"index":"index","follow":"follow","max-snippet":"max-snippet:-1","max-image-preview":"max-image-preview:large","max-video-preview":"max-video-preview:-1"},"canonical":"https:\/\/judobernanos.com\/wordpressloevan\/cricuit-regional-normandie\/","og_locale":"fr_FR","og_type":"article","og_title":"4\u00e8me Circuit R\u00e9gional Minimes - JUDO BERNANOS","og_description":"4\u00e8me Circuit R\u00e9gional Minimes Retour de comp\u00e9tition aujourd\u2019hui pour nos minimes. Nos judoka ne se classent malheureusement...","og_url":"https:\/\/judobernanos.com\/wordpressloevan\/cricuit-regional-normandie\/","og_site_name":"JUDO BERNANOS","article_publisher":"https:\/\/www.facebook.com\/judobernanos","article_published_time":"2024-04-07T16:12:00+00:00","article_modified_time":"2024-05-23T09:17:07+00:00","og_image":[{"width":1200,"height":1600,"url":"https:\/\/judobernanos.com\/wordpressloevan\/wp-content\/uploads\/2024\/05\/436425979_924254249700846_9013306439182894552_n.jpeg","type":"image\/jpeg"}],"author":"bernanos.judo","twitter_card":"summary_large_image","twitter_misc":{"\u00c9crit par":"bernanos.judo","Dur\u00e9e de lecture estim\u00e9e":"1 minute"},"schema":{"@context":"https:\/\/schema.org","@graph":[{"@type":"NewsArticle","@id":"https:\/\/judobernanos.com\/wordpressloevan\/cricuit-regional-normandie\/#article","isPartOf":{"@id":"https:\/\/judobernanos.com\/wordpressloevan\/cricuit-regional-normandie\/"},"author":{"name":"bernanos.judo","@id":"https:\/\/judobernanos.com\/wordpressloevan\/#\/schema\/person\/64056b852d10cccde427fc555f4abe2d"},"headline":"4\u00e8me Circuit R\u00e9gional Minimes","datePublished":"2024-04-07T16:12:00+00:00","dateModified":"2024-05-23T09:17:07+00:00","mainEntityOfPage":{"@id":"https:\/\/judobernanos.com\/wordpressloevan\/cricuit-regional-normandie\/"},"wordCount":117,"publisher":{"@id":"https:\/\/judobernanos.com\/wordpressloevan\/#organization"},"image":{"@id":"https:\/\/judobernanos.com\/wordpressloevan\/cricuit-regional-normandie\/#primaryimage"},"thumbnailUrl":"https:\/\/judobernanos.com\/wordpressloevan\/wp-content\/uploads\/2024\/05\/436425979_924254249700846_9013306439182894552_n.jpeg","articleSection":["Comp\u00e9titions \/ Passages de grade","Saison 2023\/2024"],"inLanguage":"fr-FR"},{"@type":"WebPage","@id":"https:\/\/judobernanos.com\/wordpressloevan\/cricuit-regional-normandie\/","url":"https:\/\/judobernanos.com\/wordpressloevan\/cricuit-regional-normandie\/","name":"4\u00e8me Circuit R\u00e9gional Minimes - JUDO BERNANOS","isPartOf":{"@id":"https:\/\/judobernanos.com\/wordpressloevan\/#website"},"primaryImageOfPage":{"@id":"https:\/\/judobernanos.com\/wordpressloevan\/cricuit-regional-normandie\/#primaryimage"},"image":{"@id":"https:\/\/judobernanos.com\/wordpressloevan\/cricuit-regional-normandie\/#primaryimage"},"thumbnailUrl":"https:\/\/judobernanos.com\/wordpressloevan\/wp-content\/uploads\/2024\/05\/436425979_924254249700846_9013306439182894552_n.jpeg","datePublished":"2024-04-07T16:12:00+00:00","dateModified":"2024-05-23T09:17:07+00:00","description":"4\u00e8me Circuit R\u00e9gional Minimes Retour de comp\u00e9tition aujourd\u2019hui pour nos minimes. Nos judoka ne se classent malheureusement...","breadcrumb":{"@id":"https:\/\/judobernanos.com\/wordpressloevan\/cricuit-regional-normandie\/#breadcrumb"},"inLanguage":"fr-FR","potentialAction":[{"@type":"ReadAction","target":["https:\/\/judobernanos.com\/wordpressloevan\/cricuit-regional-normandie\/"]}]},{"@type":"ImageObject","inLanguage":"fr-FR","@id":"https:\/\/judobernanos.com\/wordpressloevan\/cricuit-regional-normandie\/#primaryimage","url":"https:\/\/judobernanos.com\/wordpressloevan\/wp-content\/uploads\/2024\/05\/436425979_924254249700846_9013306439182894552_n.jpeg","contentUrl":"https:\/\/judobernanos.com\/wordpressloevan\/wp-content\/uploads\/2024\/05\/436425979_924254249700846_9013306439182894552_n.jpeg","width":1200,"height":1600,"caption":"Circuit r\u00e9gional Minimes Normandie Judo - Judo Bernanos Le Havre"},{"@type":"BreadcrumbList","@id":"https:\/\/judobernanos.com\/wordpressloevan\/cricuit-regional-normandie\/#breadcrumb","itemListElement":[{"@type":"ListItem","position":1,"name":"Accueil","item":"https:\/\/judobernanos.com\/wordpressloevan\/"},{"@type":"ListItem","position":2,"name":"4\u00e8me Circuit R\u00e9gional Minimes"}]},{"@type":"WebSite","@id":"https:\/\/judobernanos.com\/wordpressloevan\/#website","url":"https:\/\/judobernanos.com\/wordpressloevan\/","name":"JUDO BERNANOS","description":"Le plus ancien club de judo havrais encore en activit\u00e9 .. Depuis 1968","publisher":{"@id":"https:\/\/judobernanos.com\/wordpressloevan\/#organization"},"potentialAction":[{"@type":"SearchAction","target":{"@type":"EntryPoint","urlTemplate":"https:\/\/judobernanos.com\/wordpressloevan\/?s={search_term_string}"},"query-input":{"@type":"PropertyValueSpecification","valueRequired":true,"valueName":"search_term_string"}}],"inLanguage":"fr-FR"},{"@type":"Organization","@id":"https:\/\/judobernanos.com\/wordpressloevan\/#organization","name":"Foyer G. Bernanos - Le Havre","alternateName":"Judo Bernanos","url":"https:\/\/judobernanos.com\/wordpressloevan\/","logo":{"@type":"ImageObject","inLanguage":"fr-FR","@id":"https:\/\/judobernanos.com\/wordpressloevan\/#\/schema\/logo\/image\/","url":"https:\/\/judobernanos.com\/wordpressloevan\/wp-content\/uploads\/2022\/01\/cropped-cropped-cropped-IMG_7125.png","contentUrl":"https:\/\/judobernanos.com\/wordpressloevan\/wp-content\/uploads\/2022\/01\/cropped-cropped-cropped-IMG_7125.png","width":240,"height":240,"caption":"Foyer G. Bernanos - Le Havre"},"image":{"@id":"https:\/\/judobernanos.com\/wordpressloevan\/#\/schema\/logo\/image\/"},"sameAs":["https:\/\/www.facebook.com\/judobernanos","https:\/\/www.instagram.com\/bernanos.judo\/","https:\/\/www.youtube.com\/channel\/UC0ZX9zVT2ICb4Hi63_B9Vfg"]},{"@type":"Person","@id":"https:\/\/judobernanos.com\/wordpressloevan\/#\/schema\/person\/64056b852d10cccde427fc555f4abe2d","name":"bernanos.judo","image":{"@type":"ImageObject","inLanguage":"fr-FR","@id":"https:\/\/secure.gravatar.com\/avatar\/2690c5a5885dd2762e74ba20cc34b03ecfa94873704af62313bca5e6a49f9290?s=96&d=blank&r=g","url":"https:\/\/secure.gravatar.com\/avatar\/2690c5a5885dd2762e74ba20cc34b03ecfa94873704af62313bca5e6a49f9290?s=96&d=blank&r=g","contentUrl":"https:\/\/secure.gravatar.com\/avatar\/2690c5a5885dd2762e74ba20cc34b03ecfa94873704af62313bca5e6a49f9290?s=96&d=blank&r=g","caption":"bernanos.judo"},"url":"https:\/\/judobernanos.com\/wordpressloevan\/author\/bernanos-judo\/"}]}},"jetpack_featured_media_url":"https:\/\/judobernanos.com\/wordpressloevan\/wp-content\/uploads\/2024\/05\/436425979_924254249700846_9013306439182894552_n.jpeg","_links":{"self":[{"href":"https:\/\/judobernanos.com\/wordpressloevan\/wp-json\/wp\/v2\/posts\/8247","targetHints":{"allow":["GET"]}}],"collection":[{"href":"https:\/\/judobernanos.com\/wordpressloevan\/wp-json\/wp\/v2\/posts"}],"about":[{"href":"https:\/\/judobernanos.com\/wordpressloevan\/wp-json\/wp\/v2\/types\/post"}],"author":[{"embeddable":true,"href":"https:\/\/judobernanos.com\/wordpressloevan\/wp-json\/wp\/v2\/users\/120"}],"replies":[{"embeddable":true,"href":"https:\/\/judobernanos.com\/wordpressloevan\/wp-json\/wp\/v2\/comments?post=8247"}],"version-history":[{"count":4,"href":"https:\/\/judobernanos.com\/wordpressloevan\/wp-json\/wp\/v2\/posts\/8247\/revisions"}],"predecessor-version":[{"id":8253,"href":"https:\/\/judobernanos.com\/wordpressloevan\/wp-json\/wp\/v2\/posts\/8247\/revisions\/8253"}],"wp:featuredmedia":[{"embeddable":true,"href":"https:\/\/judobernanos.com\/wordpressloevan\/wp-json\/wp\/v2\/media\/8249"}],"wp:attachment":[{"href":"https:\/\/judobernanos.com\/wordpressloevan\/wp-json\/wp\/v2\/media?parent=8247"}],"wp:term":[{"taxonomy":"category","embeddable":true,"href":"https:\/\/judobernanos.com\/wordpressloevan\/wp-json\/wp\/v2\/categories?post=8247"},{"taxonomy":"post_tag","embeddable":true,"href":"https:\/\/judobernanos.com\/wordpressloevan\/wp-json\/wp\/v2\/tags?post=8247"}],"curies":[{"name":"wp","href":"https:\/\/api.w.org\/{rel}","templated":true}]}}