{"id":8237,"date":"2024-04-14T19:04:00","date_gmt":"2024-04-14T17:04:00","guid":{"rendered":"https:\/\/judobernanos.com\/wordpressloevan\/?p=8237"},"modified":"2024-05-23T11:10:57","modified_gmt":"2024-05-23T09:10:57","slug":"european-kata-tournament-reims","status":"publish","type":"post","link":"https:\/\/judobernanos.com\/wordpressloevan\/european-kata-tournament-reims\/","title":{"rendered":"EUROPEAN KATA TOURNAMENT &#8211; REIMS"},"content":{"rendered":"\t\t<div data-elementor-type=\"wp-post\" data-elementor-id=\"8237\" class=\"elementor elementor-8237\">\n\t\t\t\t\t\t<section class=\"elementor-section elementor-top-section elementor-element elementor-element-b3ac666 elementor-section-boxed elementor-section-height-default elementor-section-height-default\" data-id=\"b3ac666\" data-element_type=\"section\" data-e-type=\"section\">\n\t\t\t\t\t\t<div class=\"elementor-container elementor-column-gap-default\">\n\t\t\t\t\t<div class=\"elementor-column elementor-col-100 elementor-top-column elementor-element elementor-element-9b50083\" data-id=\"9b50083\" data-element_type=\"column\" data-e-type=\"column\">\n\t\t\t<div class=\"elementor-widget-wrap elementor-element-populated\">\n\t\t\t\t\t\t<div class=\"elementor-element elementor-element-f843297 elementor-widget elementor-widget-heading\" data-id=\"f843297\" data-element_type=\"widget\" data-e-type=\"widget\" data-widget_type=\"heading.default\">\n\t\t\t\t<div class=\"elementor-widget-container\">\n\t\t\t\t\t<h2 class=\"elementor-heading-title elementor-size-default\">EUROPEAN KATA TOURNAMENT - REIMS<\/h2>\t\t\t\t<\/div>\n\t\t\t\t<\/div>\n\t\t\t\t\t<\/div>\n\t\t<\/div>\n\t\t\t\t\t<\/div>\n\t\t<\/section>\n\t\t\t\t<section class=\"elementor-section elementor-top-section elementor-element elementor-element-7552f0b elementor-section-boxed elementor-section-height-default elementor-section-height-default\" data-id=\"7552f0b\" data-element_type=\"section\" data-e-type=\"section\">\n\t\t\t\t\t\t<div class=\"elementor-container elementor-column-gap-default\">\n\t\t\t\t\t<div class=\"elementor-column elementor-col-100 elementor-top-column elementor-element elementor-element-0cd91f2\" data-id=\"0cd91f2\" data-element_type=\"column\" data-e-type=\"column\">\n\t\t\t<div class=\"elementor-widget-wrap elementor-element-populated\">\n\t\t\t\t\t\t<div class=\"elementor-element elementor-element-f83c2c5 elementor-widget elementor-widget-text-editor\" data-id=\"f83c2c5\" data-element_type=\"widget\" data-e-type=\"widget\" data-widget_type=\"text-editor.default\">\n\t\t\t\t<div class=\"elementor-widget-container\">\n\t\t\t\t\t\t\t\t\t<div class=\"x11i5rnm xat24cr x1mh8g0r x1vvkbs xtlvy1s x126k92a\"><div dir=\"auto\">Loevan et Mika\u00ebl \u00e9taient sur Reims ce week-end avec le Groupe France Kata dans le but de se pr\u00e9parer pour le Championnat d\u2019Europe qui a lieu au mois de juin. Un week-end charg\u00e9 mais beaucoup d\u2019\u00e9l\u00e9ments qui ont pu \u00eatre am\u00e9lior\u00e9 gr\u00e2ce \u00e0 ce tournoi europ\u00e9en et au stage. Les r\u00e9sultats s\u2019am\u00e9liorent \u00e9galement.. ils finissent 2\u00e8mes de leur poule et vont donc en finale o\u00f9 ils terminent 5\u00e8mes !<\/div><div dir=\"auto\">\u00a0<\/div><\/div><div class=\"x11i5rnm xat24cr x1mh8g0r x1vvkbs xtlvy1s x126k92a\"><div dir=\"auto\">Une premi\u00e8re ann\u00e9e pour ce duo en katame no kata seniors avec de la concurrence et beaucoup de duos pr\u00e9sents\u2026 On pers\u00e9v\u00e8re et place au travail pour tenter de monter sur le podium du Championnat d\u2019Europe 2024 !<\/div><\/div>\t\t\t\t\t\t\t\t<\/div>\n\t\t\t\t<\/div>\n\t\t\t\t\t<\/div>\n\t\t<\/div>\n\t\t\t\t\t<\/div>\n\t\t<\/section>\n\t\t\t\t<section class=\"elementor-section elementor-top-section elementor-element elementor-element-4497d2d elementor-section-boxed elementor-section-height-default elementor-section-height-default\" data-id=\"4497d2d\" data-element_type=\"section\" data-e-type=\"section\">\n\t\t\t\t\t\t<div class=\"elementor-container elementor-column-gap-default\">\n\t\t\t\t\t<div class=\"elementor-column elementor-col-100 elementor-top-column elementor-element elementor-element-4b8ea82\" data-id=\"4b8ea82\" data-element_type=\"column\" data-e-type=\"column\">\n\t\t\t<div class=\"elementor-widget-wrap elementor-element-populated\">\n\t\t\t\t\t\t<div class=\"elementor-element elementor-element-116b3f9 elementor-arrows-position-inside elementor-pagination-position-outside elementor-widget elementor-widget-image-carousel\" data-id=\"116b3f9\" data-element_type=\"widget\" data-e-type=\"widget\" data-settings=\"{&quot;slides_to_show&quot;:&quot;2&quot;,&quot;navigation&quot;:&quot;both&quot;,&quot;autoplay&quot;:&quot;yes&quot;,&quot;pause_on_hover&quot;:&quot;yes&quot;,&quot;pause_on_interaction&quot;:&quot;yes&quot;,&quot;autoplay_speed&quot;:5000,&quot;infinite&quot;:&quot;yes&quot;,&quot;speed&quot;:500,&quot;image_spacing_custom&quot;:{&quot;unit&quot;:&quot;px&quot;,&quot;size&quot;:20,&quot;sizes&quot;:[]},&quot;image_spacing_custom_tablet&quot;:{&quot;unit&quot;:&quot;px&quot;,&quot;size&quot;:&quot;&quot;,&quot;sizes&quot;:[]},&quot;image_spacing_custom_mobile&quot;:{&quot;unit&quot;:&quot;px&quot;,&quot;size&quot;:&quot;&quot;,&quot;sizes&quot;:[]}}\" data-widget_type=\"image-carousel.default\">\n\t\t\t\t<div class=\"elementor-widget-container\">\n\t\t\t\t\t\t\t<div class=\"elementor-image-carousel-wrapper swiper\" role=\"region\" aria-roledescription=\"carousel\" aria-label=\"Carrousel d\u2019images\" dir=\"ltr\">\n\t\t\t<div class=\"elementor-image-carousel swiper-wrapper\" aria-live=\"off\">\n\t\t\t\t\t\t\t\t<div class=\"swiper-slide\" role=\"group\" aria-roledescription=\"slide\" aria-label=\"1 sur 4\"><figure class=\"swiper-slide-inner\"><img decoding=\"async\" class=\"swiper-slide-image\" src=\"https:\/\/judobernanos.com\/wordpressloevan\/wp-content\/uploads\/2024\/05\/437865645_928901272569477_6228648299232458722_n-768x392.jpeg\" alt=\"CREPS de Reims - France Judo Kata 2024\" \/><\/figure><\/div><div class=\"swiper-slide\" role=\"group\" aria-roledescription=\"slide\" aria-label=\"2 sur 4\"><figure class=\"swiper-slide-inner\"><img decoding=\"async\" class=\"swiper-slide-image\" src=\"https:\/\/judobernanos.com\/wordpressloevan\/wp-content\/uploads\/2024\/05\/437146067_928901479236123_220645767896200721_n-768x576.jpeg\" alt=\"CREPS de Reims - France Judo Kata 2024\" \/><\/figure><\/div><div class=\"swiper-slide\" role=\"group\" aria-roledescription=\"slide\" aria-label=\"3 sur 4\"><figure class=\"swiper-slide-inner\"><img decoding=\"async\" class=\"swiper-slide-image\" src=\"https:\/\/judobernanos.com\/wordpressloevan\/wp-content\/uploads\/2024\/05\/436431754_928901285902809_900029295003862566_n-768x396.jpeg\" alt=\"CREPS de Reims - JUDO BERNANOS LE HAVRE\" \/><\/figure><\/div><div class=\"swiper-slide\" role=\"group\" aria-roledescription=\"slide\" aria-label=\"4 sur 4\"><figure class=\"swiper-slide-inner\"><img decoding=\"async\" class=\"swiper-slide-image\" src=\"https:\/\/judobernanos.com\/wordpressloevan\/wp-content\/uploads\/2024\/05\/437485146_928900952569509_4074373348800546193_n-768x434.jpeg\" alt=\"CREPS de Reims - JUDO BERNANOS LE HAVRE\" \/><\/figure><\/div>\t\t\t<\/div>\n\t\t\t\t\t\t\t\t\t\t\t\t<div class=\"elementor-swiper-button elementor-swiper-button-prev\" role=\"button\" tabindex=\"0\">\n\t\t\t\t\t\t<svg aria-hidden=\"true\" class=\"e-font-icon-svg e-eicon-chevron-left\" viewBox=\"0 0 1000 1000\" xmlns=\"http:\/\/www.w3.org\/2000\/svg\"><path d=\"M646 125C629 125 613 133 604 142L308 442C296 454 292 471 292 487 292 504 296 521 308 533L604 854C617 867 629 875 646 875 663 875 679 871 692 858 704 846 713 829 713 812 713 796 708 779 692 767L438 487 692 225C700 217 708 204 708 187 708 171 704 154 692 142 675 129 663 125 646 125Z\"><\/path><\/svg>\t\t\t\t\t<\/div>\n\t\t\t\t\t<div class=\"elementor-swiper-button elementor-swiper-button-next\" role=\"button\" tabindex=\"0\">\n\t\t\t\t\t\t<svg aria-hidden=\"true\" class=\"e-font-icon-svg e-eicon-chevron-right\" viewBox=\"0 0 1000 1000\" xmlns=\"http:\/\/www.w3.org\/2000\/svg\"><path d=\"M696 533C708 521 713 504 713 487 713 471 708 454 696 446L400 146C388 133 375 125 354 125 338 125 325 129 313 142 300 154 292 171 292 187 292 204 296 221 308 233L563 492 304 771C292 783 288 800 288 817 288 833 296 850 308 863 321 871 338 875 354 875 371 875 388 867 400 854L696 533Z\"><\/path><\/svg>\t\t\t\t\t<\/div>\n\t\t\t\t\n\t\t\t\t\t\t\t\t\t<div class=\"swiper-pagination\"><\/div>\n\t\t\t\t\t\t\t\t\t<\/div>\n\t\t\t\t\t\t<\/div>\n\t\t\t\t<\/div>\n\t\t\t\t\t<\/div>\n\t\t<\/div>\n\t\t\t\t\t<\/div>\n\t\t<\/section>\n\t\t\t\t<\/div>\n\t\t","protected":false},"excerpt":{"rendered":"<p>EUROPEAN KATA TOURNAMENT &#8211; REIMS Loevan et Mika\u00ebl \u00e9taient sur Reims ce week-end avec le Groupe France Kata dans le but de se pr\u00e9parer pour le Championnat d\u2019Europe qui a lieu au mois de juin. Un week-end charg\u00e9 mais beaucoup d\u2019\u00e9l\u00e9ments qui ont pu \u00eatre am\u00e9lior\u00e9 gr\u00e2ce \u00e0 ce tournoi europ\u00e9en et au stage. Les&hellip;&nbsp;<a href=\"https:\/\/judobernanos.com\/wordpressloevan\/european-kata-tournament-reims\/\" rel=\"bookmark\"><span class=\"screen-reader-text\">EUROPEAN KATA TOURNAMENT &#8211; REIMS<\/span><\/a><\/p>\n","protected":false},"author":120,"featured_media":8241,"comment_status":"closed","ping_status":"closed","sticky":false,"template":"","format":"standard","meta":{"_monsterinsights_skip_tracking":false,"_monsterinsights_sitenote_active":false,"_monsterinsights_sitenote_note":"","_monsterinsights_sitenote_category":0,"neve_meta_sidebar":"","neve_meta_container":"","neve_meta_enable_content_width":"","neve_meta_content_width":0,"neve_meta_title_alignment":"","neve_meta_author_avatar":"","neve_post_elements_order":"","neve_meta_disable_header":"","neve_meta_disable_footer":"","neve_meta_disable_title":"","footnotes":""},"categories":[30,54,64,60],"tags":[],"class_list":["post-8237","post","type-post","status-publish","format-standard","has-post-thumbnail","hentry","category-competitions-passages-de-grade","category-kata","category-saison-2023-2024","category-voyages"],"yoast_head":"<!-- This site is optimized with the Yoast SEO plugin v27.5 - https:\/\/yoast.com\/product\/yoast-seo-wordpress\/ -->\n<title>EUROPEAN KATA TOURNAMENT - REIMS - JUDO BERNANOS<\/title>\n<meta name=\"description\" content=\"EUROPEAN KATA TOURNAMENT - REIMS : Loevan et Mika\u00ebl \u00e9taient sur Reims ce week-end avec le Groupe France Kata dans le but de se pr\u00e9parer...\" \/>\n<meta name=\"robots\" content=\"index, follow, max-snippet:-1, max-image-preview:large, max-video-preview:-1\" \/>\n<link rel=\"canonical\" href=\"https:\/\/judobernanos.com\/wordpressloevan\/european-kata-tournament-reims\/\" \/>\n<meta property=\"og:locale\" content=\"fr_FR\" \/>\n<meta property=\"og:type\" content=\"article\" \/>\n<meta property=\"og:title\" content=\"EUROPEAN KATA TOURNAMENT - REIMS - JUDO BERNANOS\" \/>\n<meta property=\"og:description\" content=\"EUROPEAN KATA TOURNAMENT - REIMS : Loevan et Mika\u00ebl \u00e9taient sur Reims ce week-end avec le Groupe France Kata dans le but de se pr\u00e9parer...\" \/>\n<meta property=\"og:url\" content=\"https:\/\/judobernanos.com\/wordpressloevan\/european-kata-tournament-reims\/\" \/>\n<meta property=\"og:site_name\" content=\"JUDO BERNANOS\" \/>\n<meta property=\"article:publisher\" content=\"https:\/\/www.facebook.com\/judobernanos\" \/>\n<meta property=\"article:published_time\" content=\"2024-04-14T17:04:00+00:00\" \/>\n<meta property=\"article:modified_time\" content=\"2024-05-23T09:10:57+00:00\" \/>\n<meta property=\"og:image\" content=\"https:\/\/judobernanos.com\/wordpressloevan\/wp-content\/uploads\/2024\/05\/437865645_928901272569477_6228648299232458722_n.jpeg\" \/>\n\t<meta property=\"og:image:width\" content=\"1778\" \/>\n\t<meta property=\"og:image:height\" content=\"907\" \/>\n\t<meta property=\"og:image:type\" content=\"image\/jpeg\" \/>\n<meta name=\"author\" content=\"bernanos.judo\" \/>\n<meta name=\"twitter:card\" content=\"summary_large_image\" \/>\n<meta name=\"twitter:label1\" content=\"\u00c9crit par\" \/>\n\t<meta name=\"twitter:data1\" content=\"bernanos.judo\" \/>\n\t<meta name=\"twitter:label2\" content=\"Dur\u00e9e de lecture estim\u00e9e\" \/>\n\t<meta name=\"twitter:data2\" content=\"3 minutes\" \/>\n<script type=\"application\/ld+json\" class=\"yoast-schema-graph\">{\"@context\":\"https:\\\/\\\/schema.org\",\"@graph\":[{\"@type\":\"NewsArticle\",\"@id\":\"https:\\\/\\\/judobernanos.com\\\/wordpressloevan\\\/european-kata-tournament-reims\\\/#article\",\"isPartOf\":{\"@id\":\"https:\\\/\\\/judobernanos.com\\\/wordpressloevan\\\/european-kata-tournament-reims\\\/\"},\"author\":{\"name\":\"bernanos.judo\",\"@id\":\"https:\\\/\\\/judobernanos.com\\\/wordpressloevan\\\/#\\\/schema\\\/person\\\/64056b852d10cccde427fc555f4abe2d\"},\"headline\":\"EUROPEAN KATA TOURNAMENT &#8211; REIMS\",\"datePublished\":\"2024-04-14T17:04:00+00:00\",\"dateModified\":\"2024-05-23T09:10:57+00:00\",\"mainEntityOfPage\":{\"@id\":\"https:\\\/\\\/judobernanos.com\\\/wordpressloevan\\\/european-kata-tournament-reims\\\/\"},\"wordCount\":130,\"publisher\":{\"@id\":\"https:\\\/\\\/judobernanos.com\\\/wordpressloevan\\\/#organization\"},\"image\":{\"@id\":\"https:\\\/\\\/judobernanos.com\\\/wordpressloevan\\\/european-kata-tournament-reims\\\/#primaryimage\"},\"thumbnailUrl\":\"https:\\\/\\\/judobernanos.com\\\/wordpressloevan\\\/wp-content\\\/uploads\\\/2024\\\/05\\\/437865645_928901272569477_6228648299232458722_n.jpeg\",\"articleSection\":[\"Comp\u00e9titions \\\/ Passages de grade\",\"KATA\",\"Saison 2023\\\/2024\",\"Voyages\"],\"inLanguage\":\"fr-FR\"},{\"@type\":\"WebPage\",\"@id\":\"https:\\\/\\\/judobernanos.com\\\/wordpressloevan\\\/european-kata-tournament-reims\\\/\",\"url\":\"https:\\\/\\\/judobernanos.com\\\/wordpressloevan\\\/european-kata-tournament-reims\\\/\",\"name\":\"EUROPEAN KATA TOURNAMENT - REIMS - JUDO BERNANOS\",\"isPartOf\":{\"@id\":\"https:\\\/\\\/judobernanos.com\\\/wordpressloevan\\\/#website\"},\"primaryImageOfPage\":{\"@id\":\"https:\\\/\\\/judobernanos.com\\\/wordpressloevan\\\/european-kata-tournament-reims\\\/#primaryimage\"},\"image\":{\"@id\":\"https:\\\/\\\/judobernanos.com\\\/wordpressloevan\\\/european-kata-tournament-reims\\\/#primaryimage\"},\"thumbnailUrl\":\"https:\\\/\\\/judobernanos.com\\\/wordpressloevan\\\/wp-content\\\/uploads\\\/2024\\\/05\\\/437865645_928901272569477_6228648299232458722_n.jpeg\",\"datePublished\":\"2024-04-14T17:04:00+00:00\",\"dateModified\":\"2024-05-23T09:10:57+00:00\",\"description\":\"EUROPEAN KATA TOURNAMENT - REIMS : Loevan et Mika\u00ebl \u00e9taient sur Reims ce week-end avec le Groupe France Kata dans le but de se pr\u00e9parer...\",\"breadcrumb\":{\"@id\":\"https:\\\/\\\/judobernanos.com\\\/wordpressloevan\\\/european-kata-tournament-reims\\\/#breadcrumb\"},\"inLanguage\":\"fr-FR\",\"potentialAction\":[{\"@type\":\"ReadAction\",\"target\":[\"https:\\\/\\\/judobernanos.com\\\/wordpressloevan\\\/european-kata-tournament-reims\\\/\"]}]},{\"@type\":\"ImageObject\",\"inLanguage\":\"fr-FR\",\"@id\":\"https:\\\/\\\/judobernanos.com\\\/wordpressloevan\\\/european-kata-tournament-reims\\\/#primaryimage\",\"url\":\"https:\\\/\\\/judobernanos.com\\\/wordpressloevan\\\/wp-content\\\/uploads\\\/2024\\\/05\\\/437865645_928901272569477_6228648299232458722_n.jpeg\",\"contentUrl\":\"https:\\\/\\\/judobernanos.com\\\/wordpressloevan\\\/wp-content\\\/uploads\\\/2024\\\/05\\\/437865645_928901272569477_6228648299232458722_n.jpeg\",\"width\":1778,\"height\":907,\"caption\":\"CREPS de Reims - France Judo Kata 2024\"},{\"@type\":\"BreadcrumbList\",\"@id\":\"https:\\\/\\\/judobernanos.com\\\/wordpressloevan\\\/european-kata-tournament-reims\\\/#breadcrumb\",\"itemListElement\":[{\"@type\":\"ListItem\",\"position\":1,\"name\":\"Accueil\",\"item\":\"https:\\\/\\\/judobernanos.com\\\/wordpressloevan\\\/\"},{\"@type\":\"ListItem\",\"position\":2,\"name\":\"EUROPEAN KATA TOURNAMENT &#8211; REIMS\"}]},{\"@type\":\"WebSite\",\"@id\":\"https:\\\/\\\/judobernanos.com\\\/wordpressloevan\\\/#website\",\"url\":\"https:\\\/\\\/judobernanos.com\\\/wordpressloevan\\\/\",\"name\":\"JUDO BERNANOS\",\"description\":\"Le plus ancien club de judo havrais encore en activit\u00e9 .. Depuis 1968\",\"publisher\":{\"@id\":\"https:\\\/\\\/judobernanos.com\\\/wordpressloevan\\\/#organization\"},\"potentialAction\":[{\"@type\":\"SearchAction\",\"target\":{\"@type\":\"EntryPoint\",\"urlTemplate\":\"https:\\\/\\\/judobernanos.com\\\/wordpressloevan\\\/?s={search_term_string}\"},\"query-input\":{\"@type\":\"PropertyValueSpecification\",\"valueRequired\":true,\"valueName\":\"search_term_string\"}}],\"inLanguage\":\"fr-FR\"},{\"@type\":\"Organization\",\"@id\":\"https:\\\/\\\/judobernanos.com\\\/wordpressloevan\\\/#organization\",\"name\":\"Foyer G. Bernanos - Le Havre\",\"alternateName\":\"Judo Bernanos\",\"url\":\"https:\\\/\\\/judobernanos.com\\\/wordpressloevan\\\/\",\"logo\":{\"@type\":\"ImageObject\",\"inLanguage\":\"fr-FR\",\"@id\":\"https:\\\/\\\/judobernanos.com\\\/wordpressloevan\\\/#\\\/schema\\\/logo\\\/image\\\/\",\"url\":\"https:\\\/\\\/judobernanos.com\\\/wordpressloevan\\\/wp-content\\\/uploads\\\/2022\\\/01\\\/cropped-cropped-cropped-IMG_7125.png\",\"contentUrl\":\"https:\\\/\\\/judobernanos.com\\\/wordpressloevan\\\/wp-content\\\/uploads\\\/2022\\\/01\\\/cropped-cropped-cropped-IMG_7125.png\",\"width\":240,\"height\":240,\"caption\":\"Foyer G. Bernanos - Le Havre\"},\"image\":{\"@id\":\"https:\\\/\\\/judobernanos.com\\\/wordpressloevan\\\/#\\\/schema\\\/logo\\\/image\\\/\"},\"sameAs\":[\"https:\\\/\\\/www.facebook.com\\\/judobernanos\",\"https:\\\/\\\/www.instagram.com\\\/bernanos.judo\\\/\",\"https:\\\/\\\/www.youtube.com\\\/channel\\\/UC0ZX9zVT2ICb4Hi63_B9Vfg\"]},{\"@type\":\"Person\",\"@id\":\"https:\\\/\\\/judobernanos.com\\\/wordpressloevan\\\/#\\\/schema\\\/person\\\/64056b852d10cccde427fc555f4abe2d\",\"name\":\"bernanos.judo\",\"image\":{\"@type\":\"ImageObject\",\"inLanguage\":\"fr-FR\",\"@id\":\"https:\\\/\\\/secure.gravatar.com\\\/avatar\\\/2690c5a5885dd2762e74ba20cc34b03ecfa94873704af62313bca5e6a49f9290?s=96&d=blank&r=g\",\"url\":\"https:\\\/\\\/secure.gravatar.com\\\/avatar\\\/2690c5a5885dd2762e74ba20cc34b03ecfa94873704af62313bca5e6a49f9290?s=96&d=blank&r=g\",\"contentUrl\":\"https:\\\/\\\/secure.gravatar.com\\\/avatar\\\/2690c5a5885dd2762e74ba20cc34b03ecfa94873704af62313bca5e6a49f9290?s=96&d=blank&r=g\",\"caption\":\"bernanos.judo\"},\"url\":\"https:\\\/\\\/judobernanos.com\\\/wordpressloevan\\\/author\\\/bernanos-judo\\\/\"}]}<\/script>\n<!-- \/ Yoast SEO plugin. -->","yoast_head_json":{"title":"EUROPEAN KATA TOURNAMENT - REIMS - JUDO BERNANOS","description":"EUROPEAN KATA TOURNAMENT - REIMS : Loevan et Mika\u00ebl \u00e9taient sur Reims ce week-end avec le Groupe France Kata dans le but de se pr\u00e9parer...","robots":{"index":"index","follow":"follow","max-snippet":"max-snippet:-1","max-image-preview":"max-image-preview:large","max-video-preview":"max-video-preview:-1"},"canonical":"https:\/\/judobernanos.com\/wordpressloevan\/european-kata-tournament-reims\/","og_locale":"fr_FR","og_type":"article","og_title":"EUROPEAN KATA TOURNAMENT - REIMS - JUDO BERNANOS","og_description":"EUROPEAN KATA TOURNAMENT - REIMS : Loevan et Mika\u00ebl \u00e9taient sur Reims ce week-end avec le Groupe France Kata dans le but de se pr\u00e9parer...","og_url":"https:\/\/judobernanos.com\/wordpressloevan\/european-kata-tournament-reims\/","og_site_name":"JUDO BERNANOS","article_publisher":"https:\/\/www.facebook.com\/judobernanos","article_published_time":"2024-04-14T17:04:00+00:00","article_modified_time":"2024-05-23T09:10:57+00:00","og_image":[{"width":1778,"height":907,"url":"https:\/\/judobernanos.com\/wordpressloevan\/wp-content\/uploads\/2024\/05\/437865645_928901272569477_6228648299232458722_n.jpeg","type":"image\/jpeg"}],"author":"bernanos.judo","twitter_card":"summary_large_image","twitter_misc":{"\u00c9crit par":"bernanos.judo","Dur\u00e9e de lecture estim\u00e9e":"3 minutes"},"schema":{"@context":"https:\/\/schema.org","@graph":[{"@type":"NewsArticle","@id":"https:\/\/judobernanos.com\/wordpressloevan\/european-kata-tournament-reims\/#article","isPartOf":{"@id":"https:\/\/judobernanos.com\/wordpressloevan\/european-kata-tournament-reims\/"},"author":{"name":"bernanos.judo","@id":"https:\/\/judobernanos.com\/wordpressloevan\/#\/schema\/person\/64056b852d10cccde427fc555f4abe2d"},"headline":"EUROPEAN KATA TOURNAMENT &#8211; REIMS","datePublished":"2024-04-14T17:04:00+00:00","dateModified":"2024-05-23T09:10:57+00:00","mainEntityOfPage":{"@id":"https:\/\/judobernanos.com\/wordpressloevan\/european-kata-tournament-reims\/"},"wordCount":130,"publisher":{"@id":"https:\/\/judobernanos.com\/wordpressloevan\/#organization"},"image":{"@id":"https:\/\/judobernanos.com\/wordpressloevan\/european-kata-tournament-reims\/#primaryimage"},"thumbnailUrl":"https:\/\/judobernanos.com\/wordpressloevan\/wp-content\/uploads\/2024\/05\/437865645_928901272569477_6228648299232458722_n.jpeg","articleSection":["Comp\u00e9titions \/ Passages de grade","KATA","Saison 2023\/2024","Voyages"],"inLanguage":"fr-FR"},{"@type":"WebPage","@id":"https:\/\/judobernanos.com\/wordpressloevan\/european-kata-tournament-reims\/","url":"https:\/\/judobernanos.com\/wordpressloevan\/european-kata-tournament-reims\/","name":"EUROPEAN KATA TOURNAMENT - REIMS - JUDO BERNANOS","isPartOf":{"@id":"https:\/\/judobernanos.com\/wordpressloevan\/#website"},"primaryImageOfPage":{"@id":"https:\/\/judobernanos.com\/wordpressloevan\/european-kata-tournament-reims\/#primaryimage"},"image":{"@id":"https:\/\/judobernanos.com\/wordpressloevan\/european-kata-tournament-reims\/#primaryimage"},"thumbnailUrl":"https:\/\/judobernanos.com\/wordpressloevan\/wp-content\/uploads\/2024\/05\/437865645_928901272569477_6228648299232458722_n.jpeg","datePublished":"2024-04-14T17:04:00+00:00","dateModified":"2024-05-23T09:10:57+00:00","description":"EUROPEAN KATA TOURNAMENT - REIMS : Loevan et Mika\u00ebl \u00e9taient sur Reims ce week-end avec le Groupe France Kata dans le but de se pr\u00e9parer...","breadcrumb":{"@id":"https:\/\/judobernanos.com\/wordpressloevan\/european-kata-tournament-reims\/#breadcrumb"},"inLanguage":"fr-FR","potentialAction":[{"@type":"ReadAction","target":["https:\/\/judobernanos.com\/wordpressloevan\/european-kata-tournament-reims\/"]}]},{"@type":"ImageObject","inLanguage":"fr-FR","@id":"https:\/\/judobernanos.com\/wordpressloevan\/european-kata-tournament-reims\/#primaryimage","url":"https:\/\/judobernanos.com\/wordpressloevan\/wp-content\/uploads\/2024\/05\/437865645_928901272569477_6228648299232458722_n.jpeg","contentUrl":"https:\/\/judobernanos.com\/wordpressloevan\/wp-content\/uploads\/2024\/05\/437865645_928901272569477_6228648299232458722_n.jpeg","width":1778,"height":907,"caption":"CREPS de Reims - France Judo Kata 2024"},{"@type":"BreadcrumbList","@id":"https:\/\/judobernanos.com\/wordpressloevan\/european-kata-tournament-reims\/#breadcrumb","itemListElement":[{"@type":"ListItem","position":1,"name":"Accueil","item":"https:\/\/judobernanos.com\/wordpressloevan\/"},{"@type":"ListItem","position":2,"name":"EUROPEAN KATA TOURNAMENT &#8211; REIMS"}]},{"@type":"WebSite","@id":"https:\/\/judobernanos.com\/wordpressloevan\/#website","url":"https:\/\/judobernanos.com\/wordpressloevan\/","name":"JUDO BERNANOS","description":"Le plus ancien club de judo havrais encore en activit\u00e9 .. Depuis 1968","publisher":{"@id":"https:\/\/judobernanos.com\/wordpressloevan\/#organization"},"potentialAction":[{"@type":"SearchAction","target":{"@type":"EntryPoint","urlTemplate":"https:\/\/judobernanos.com\/wordpressloevan\/?s={search_term_string}"},"query-input":{"@type":"PropertyValueSpecification","valueRequired":true,"valueName":"search_term_string"}}],"inLanguage":"fr-FR"},{"@type":"Organization","@id":"https:\/\/judobernanos.com\/wordpressloevan\/#organization","name":"Foyer G. Bernanos - Le Havre","alternateName":"Judo Bernanos","url":"https:\/\/judobernanos.com\/wordpressloevan\/","logo":{"@type":"ImageObject","inLanguage":"fr-FR","@id":"https:\/\/judobernanos.com\/wordpressloevan\/#\/schema\/logo\/image\/","url":"https:\/\/judobernanos.com\/wordpressloevan\/wp-content\/uploads\/2022\/01\/cropped-cropped-cropped-IMG_7125.png","contentUrl":"https:\/\/judobernanos.com\/wordpressloevan\/wp-content\/uploads\/2022\/01\/cropped-cropped-cropped-IMG_7125.png","width":240,"height":240,"caption":"Foyer G. Bernanos - Le Havre"},"image":{"@id":"https:\/\/judobernanos.com\/wordpressloevan\/#\/schema\/logo\/image\/"},"sameAs":["https:\/\/www.facebook.com\/judobernanos","https:\/\/www.instagram.com\/bernanos.judo\/","https:\/\/www.youtube.com\/channel\/UC0ZX9zVT2ICb4Hi63_B9Vfg"]},{"@type":"Person","@id":"https:\/\/judobernanos.com\/wordpressloevan\/#\/schema\/person\/64056b852d10cccde427fc555f4abe2d","name":"bernanos.judo","image":{"@type":"ImageObject","inLanguage":"fr-FR","@id":"https:\/\/secure.gravatar.com\/avatar\/2690c5a5885dd2762e74ba20cc34b03ecfa94873704af62313bca5e6a49f9290?s=96&d=blank&r=g","url":"https:\/\/secure.gravatar.com\/avatar\/2690c5a5885dd2762e74ba20cc34b03ecfa94873704af62313bca5e6a49f9290?s=96&d=blank&r=g","contentUrl":"https:\/\/secure.gravatar.com\/avatar\/2690c5a5885dd2762e74ba20cc34b03ecfa94873704af62313bca5e6a49f9290?s=96&d=blank&r=g","caption":"bernanos.judo"},"url":"https:\/\/judobernanos.com\/wordpressloevan\/author\/bernanos-judo\/"}]}},"jetpack_featured_media_url":"https:\/\/judobernanos.com\/wordpressloevan\/wp-content\/uploads\/2024\/05\/437865645_928901272569477_6228648299232458722_n.jpeg","_links":{"self":[{"href":"https:\/\/judobernanos.com\/wordpressloevan\/wp-json\/wp\/v2\/posts\/8237","targetHints":{"allow":["GET"]}}],"collection":[{"href":"https:\/\/judobernanos.com\/wordpressloevan\/wp-json\/wp\/v2\/posts"}],"about":[{"href":"https:\/\/judobernanos.com\/wordpressloevan\/wp-json\/wp\/v2\/types\/post"}],"author":[{"embeddable":true,"href":"https:\/\/judobernanos.com\/wordpressloevan\/wp-json\/wp\/v2\/users\/120"}],"replies":[{"embeddable":true,"href":"https:\/\/judobernanos.com\/wordpressloevan\/wp-json\/wp\/v2\/comments?post=8237"}],"version-history":[{"count":4,"href":"https:\/\/judobernanos.com\/wordpressloevan\/wp-json\/wp\/v2\/posts\/8237\/revisions"}],"predecessor-version":[{"id":8245,"href":"https:\/\/judobernanos.com\/wordpressloevan\/wp-json\/wp\/v2\/posts\/8237\/revisions\/8245"}],"wp:featuredmedia":[{"embeddable":true,"href":"https:\/\/judobernanos.com\/wordpressloevan\/wp-json\/wp\/v2\/media\/8241"}],"wp:attachment":[{"href":"https:\/\/judobernanos.com\/wordpressloevan\/wp-json\/wp\/v2\/media?parent=8237"}],"wp:term":[{"taxonomy":"category","embeddable":true,"href":"https:\/\/judobernanos.com\/wordpressloevan\/wp-json\/wp\/v2\/categories?post=8237"},{"taxonomy":"post_tag","embeddable":true,"href":"https:\/\/judobernanos.com\/wordpressloevan\/wp-json\/wp\/v2\/tags?post=8237"}],"curies":[{"name":"wp","href":"https:\/\/api.w.org\/{rel}","templated":true}]}}