{"id":8221,"date":"2024-05-20T18:48:00","date_gmt":"2024-05-20T16:48:00","guid":{"rendered":"https:\/\/judobernanos.com\/wordpressloevan\/?p=8221"},"modified":"2024-05-23T10:56:43","modified_gmt":"2024-05-23T08:56:43","slug":"judo-le-havre-loevan-entraineur","status":"publish","type":"post","link":"https:\/\/judobernanos.com\/wordpressloevan\/judo-le-havre-loevan-entraineur\/","title":{"rendered":"LOEVAN LE COADOU DIPL\u00d4M\u00c9 ENTRA\u00ceNEUR JUDO !"},"content":{"rendered":"\t\t<div data-elementor-type=\"wp-post\" data-elementor-id=\"8221\" class=\"elementor elementor-8221\">\n\t\t\t\t\t\t<section class=\"elementor-section elementor-top-section elementor-element elementor-element-68f2797 elementor-section-boxed elementor-section-height-default elementor-section-height-default\" data-id=\"68f2797\" data-element_type=\"section\" data-e-type=\"section\">\n\t\t\t\t\t\t<div class=\"elementor-container elementor-column-gap-default\">\n\t\t\t\t\t<div class=\"elementor-column elementor-col-100 elementor-top-column elementor-element elementor-element-f610492\" data-id=\"f610492\" data-element_type=\"column\" data-e-type=\"column\">\n\t\t\t<div class=\"elementor-widget-wrap elementor-element-populated\">\n\t\t\t\t\t\t<div class=\"elementor-element elementor-element-cfcc052 elementor-widget elementor-widget-heading\" data-id=\"cfcc052\" data-element_type=\"widget\" data-e-type=\"widget\" data-widget_type=\"heading.default\">\n\t\t\t\t<div class=\"elementor-widget-container\">\n\t\t\t\t\t<h2 class=\"elementor-heading-title elementor-size-default\">LOEVAN LE COADOU DIPL\u00d4M\u00c9 ENTRA\u00ceNEUR JUDO !<\/h2>\t\t\t\t<\/div>\n\t\t\t\t<\/div>\n\t\t\t\t\t<\/div>\n\t\t<\/div>\n\t\t\t\t\t<\/div>\n\t\t<\/section>\n\t\t\t\t<section class=\"elementor-section elementor-top-section elementor-element elementor-element-6df39c3 elementor-section-boxed elementor-section-height-default elementor-section-height-default\" data-id=\"6df39c3\" data-element_type=\"section\" data-e-type=\"section\">\n\t\t\t\t\t\t<div class=\"elementor-container elementor-column-gap-default\">\n\t\t\t\t\t<div class=\"elementor-column elementor-col-100 elementor-top-column elementor-element elementor-element-f4ec06e\" data-id=\"f4ec06e\" data-element_type=\"column\" data-e-type=\"column\">\n\t\t\t<div class=\"elementor-widget-wrap elementor-element-populated\">\n\t\t\t\t\t\t<div class=\"elementor-element elementor-element-1d942e4 elementor-widget elementor-widget-text-editor\" data-id=\"1d942e4\" data-element_type=\"widget\" data-e-type=\"widget\" data-widget_type=\"text-editor.default\">\n\t\t\t\t<div class=\"elementor-widget-container\">\n\t\t\t\t\t\t\t\t\t<div class=\"x11i5rnm xat24cr x1mh8g0r x1vvkbs xtlvy1s x126k92a\"><div dir=\"auto\">Nous sommes fiers d\u2019annoncer que notre judoka du Judo Bernanos, Loevan, a r\u00e9ussi hier l\u2019examen final du CQP MAM apr\u00e8s avoir suivi cette formation tout au long de la saison 2023\/2024. Une formation comportant plusieurs heures en centre de formation, des heures en club mais \u00e9galement du travail en autonomie. Gr\u00e2ce \u00e0 son engagement, sa rigueur et son travail, Loevan valide tout le n\u00e9cessaire pour l\u2019obtention de ce nouveau dipl\u00f4me et devient donc entra\u00eeneur de judo ! Il \u00e9tait d\u00e9j\u00e0 titulaire depuis 2016 du dipl\u00f4me d\u2019assistant club.<\/div><div dir=\"auto\">\u00a0<\/div><\/div><div class=\"x11i5rnm xat24cr x1mh8g0r x1vvkbs xtlvy1s x126k92a\"><div dir=\"auto\">Encore bravo Loevan et merci pour ton travail <span class=\"html-span xexx8yu x4uap5 x18d9i69 xkhd6sd x1hl2dhg x16tdsg8 x1vvkbs x3nfvp2 x1j61x8r x1fcty0u xdj266r xhhsvwb xat24cr xgzva0m xxymvpz xlup9mm x1kky2od\"><img decoding=\"async\" class=\"xz74otr\" src=\"https:\/\/static.xx.fbcdn.net\/images\/emoji.php\/v9\/t5a\/2\/16\/1f44f_1f3fd.png\" alt=\"\ud83d\udc4f\ud83c\udffd\" width=\"16\" height=\"16\" \/><\/span><\/div><\/div>\t\t\t\t\t\t\t\t<\/div>\n\t\t\t\t<\/div>\n\t\t\t\t\t<\/div>\n\t\t<\/div>\n\t\t\t\t\t<\/div>\n\t\t<\/section>\n\t\t\t\t<section class=\"elementor-section elementor-top-section elementor-element elementor-element-cb8afb4 elementor-section-boxed elementor-section-height-default elementor-section-height-default\" data-id=\"cb8afb4\" data-element_type=\"section\" data-e-type=\"section\">\n\t\t\t\t\t\t<div class=\"elementor-container elementor-column-gap-default\">\n\t\t\t\t\t<div class=\"elementor-column elementor-col-50 elementor-top-column elementor-element elementor-element-8835d41\" data-id=\"8835d41\" data-element_type=\"column\" data-e-type=\"column\">\n\t\t\t<div class=\"elementor-widget-wrap elementor-element-populated\">\n\t\t\t\t\t\t<div class=\"elementor-element elementor-element-e35d616 elementor-widget elementor-widget-image\" data-id=\"e35d616\" data-element_type=\"widget\" data-e-type=\"widget\" data-widget_type=\"image.default\">\n\t\t\t\t<div class=\"elementor-widget-container\">\n\t\t\t\t\t\t\t\t\t\t\t\t\t\t\t<img fetchpriority=\"high\" decoding=\"async\" width=\"1024\" height=\"1024\" src=\"https:\/\/judobernanos.com\/wordpressloevan\/wp-content\/uploads\/2024\/05\/DIPLOME-CQP--1024x1024.jpeg\" class=\"attachment-large size-large wp-image-8223\" alt=\"LOEVAN LE COADOU DIPLO\u0302ME\u0301 ENTRA\u00ceNEUR JUDO - 2LC PRODUCTION - JUDO LE HAVRE - CQP NORMANDIE JUDO\" srcset=\"https:\/\/judobernanos.com\/wordpressloevan\/wp-content\/uploads\/2024\/05\/DIPLOME-CQP--1024x1024.jpeg 1024w, https:\/\/judobernanos.com\/wordpressloevan\/wp-content\/uploads\/2024\/05\/DIPLOME-CQP--300x300.jpeg 300w, https:\/\/judobernanos.com\/wordpressloevan\/wp-content\/uploads\/2024\/05\/DIPLOME-CQP--150x150.jpeg 150w, https:\/\/judobernanos.com\/wordpressloevan\/wp-content\/uploads\/2024\/05\/DIPLOME-CQP--768x768.jpeg 768w, https:\/\/judobernanos.com\/wordpressloevan\/wp-content\/uploads\/2024\/05\/DIPLOME-CQP--1x1.jpeg 1w, https:\/\/judobernanos.com\/wordpressloevan\/wp-content\/uploads\/2024\/05\/DIPLOME-CQP-.jpeg 1440w\" sizes=\"(max-width: 1024px) 100vw, 1024px\" \/>\t\t\t\t\t\t\t\t\t\t\t\t\t\t\t<\/div>\n\t\t\t\t<\/div>\n\t\t\t\t\t<\/div>\n\t\t<\/div>\n\t\t\t\t<div class=\"elementor-column elementor-col-50 elementor-top-column elementor-element elementor-element-ae80e32\" data-id=\"ae80e32\" data-element_type=\"column\" data-e-type=\"column\">\n\t\t\t<div class=\"elementor-widget-wrap elementor-element-populated\">\n\t\t\t\t\t\t<div class=\"elementor-element elementor-element-c860b4b elementor-widget elementor-widget-image\" data-id=\"c860b4b\" data-element_type=\"widget\" data-e-type=\"widget\" data-widget_type=\"image.default\">\n\t\t\t\t<div class=\"elementor-widget-container\">\n\t\t\t\t\t\t\t\t\t\t\t\t\t\t\t<img decoding=\"async\" width=\"1024\" height=\"1024\" src=\"https:\/\/judobernanos.com\/wordpressloevan\/wp-content\/uploads\/2024\/05\/EXAMEN-CQP-JUDO-NORMANDIE-1024x1024.jpeg\" class=\"attachment-large size-large wp-image-8222\" alt=\"EXAMEN CQP JUDO NORMANDIE\" srcset=\"https:\/\/judobernanos.com\/wordpressloevan\/wp-content\/uploads\/2024\/05\/EXAMEN-CQP-JUDO-NORMANDIE-1024x1024.jpeg 1024w, https:\/\/judobernanos.com\/wordpressloevan\/wp-content\/uploads\/2024\/05\/EXAMEN-CQP-JUDO-NORMANDIE-300x300.jpeg 300w, https:\/\/judobernanos.com\/wordpressloevan\/wp-content\/uploads\/2024\/05\/EXAMEN-CQP-JUDO-NORMANDIE-150x150.jpeg 150w, https:\/\/judobernanos.com\/wordpressloevan\/wp-content\/uploads\/2024\/05\/EXAMEN-CQP-JUDO-NORMANDIE-768x768.jpeg 768w, https:\/\/judobernanos.com\/wordpressloevan\/wp-content\/uploads\/2024\/05\/EXAMEN-CQP-JUDO-NORMANDIE-1x1.jpeg 1w, https:\/\/judobernanos.com\/wordpressloevan\/wp-content\/uploads\/2024\/05\/EXAMEN-CQP-JUDO-NORMANDIE.jpeg 1440w\" sizes=\"(max-width: 1024px) 100vw, 1024px\" \/>\t\t\t\t\t\t\t\t\t\t\t\t\t\t\t<\/div>\n\t\t\t\t<\/div>\n\t\t\t\t\t<\/div>\n\t\t<\/div>\n\t\t\t\t\t<\/div>\n\t\t<\/section>\n\t\t\t\t<section class=\"elementor-section elementor-top-section elementor-element elementor-element-b48670b elementor-section-boxed elementor-section-height-default elementor-section-height-default\" data-id=\"b48670b\" data-element_type=\"section\" data-e-type=\"section\">\n\t\t\t\t\t\t<div class=\"elementor-container elementor-column-gap-default\">\n\t\t\t\t\t<div class=\"elementor-column elementor-col-100 elementor-top-column elementor-element elementor-element-981ecdb\" data-id=\"981ecdb\" data-element_type=\"column\" data-e-type=\"column\">\n\t\t\t<div class=\"elementor-widget-wrap elementor-element-populated\">\n\t\t\t\t\t\t<div class=\"elementor-element elementor-element-d325229 elementor-widget elementor-widget-html\" data-id=\"d325229\" data-element_type=\"widget\" data-e-type=\"widget\" data-widget_type=\"html.default\">\n\t\t\t\t<div class=\"elementor-widget-container\">\n\t\t\t\t\t<iframe src=\"https:\/\/www.facebook.com\/plugins\/post.php?href=https%3A%2F%2Fwww.facebook.com%2Fbernanos.judo%2Fposts%2F955237863269151&show_text=true&width=500&is_preview=true\" width=\"500\" height=\"579\" style=\"border:none;overflow:hidden\" scrolling=\"no\" frameborder=\"0\" allowfullscreen=\"true\" allow=\"autoplay; clipboard-write; encrypted-media; picture-in-picture; web-share\"><\/iframe>\t\t\t\t<\/div>\n\t\t\t\t<\/div>\n\t\t\t\t\t<\/div>\n\t\t<\/div>\n\t\t\t\t\t<\/div>\n\t\t<\/section>\n\t\t\t\t<\/div>\n\t\t","protected":false},"excerpt":{"rendered":"<p>LOEVAN LE COADOU DIPL\u00d4M\u00c9 ENTRA\u00ceNEUR JUDO ! Nous sommes fiers d\u2019annoncer que notre judoka du Judo Bernanos, Loevan, a r\u00e9ussi hier l\u2019examen final du CQP MAM apr\u00e8s avoir suivi cette formation tout au long de la saison 2023\/2024. Une formation comportant plusieurs heures en centre de formation, des heures en club mais \u00e9galement du travail&hellip;&nbsp;<a href=\"https:\/\/judobernanos.com\/wordpressloevan\/judo-le-havre-loevan-entraineur\/\" rel=\"bookmark\"><span class=\"screen-reader-text\">LOEVAN LE COADOU DIPL\u00d4M\u00c9 ENTRA\u00ceNEUR JUDO !<\/span><\/a><\/p>\n","protected":false},"author":120,"featured_media":8223,"comment_status":"closed","ping_status":"closed","sticky":false,"template":"","format":"standard","meta":{"_monsterinsights_skip_tracking":false,"_monsterinsights_sitenote_active":false,"_monsterinsights_sitenote_note":"","_monsterinsights_sitenote_category":0,"neve_meta_sidebar":"","neve_meta_container":"","neve_meta_enable_content_width":"","neve_meta_content_width":0,"neve_meta_title_alignment":"","neve_meta_author_avatar":"","neve_post_elements_order":"","neve_meta_disable_header":"","neve_meta_disable_footer":"","neve_meta_disable_title":"","footnotes":""},"categories":[26,30,24,57,64],"tags":[],"class_list":["post-8221","post","type-post","status-publish","format-standard","has-post-thumbnail","hentry","category-articles-de-presse-et-reseaux-sociaux","category-competitions-passages-de-grade","category-evenements","category-evenements-associatifs","category-saison-2023-2024"],"yoast_head":"<!-- This site is optimized with the Yoast SEO plugin v27.5 - https:\/\/yoast.com\/product\/yoast-seo-wordpress\/ -->\n<title>LOEVAN LE COADOU DIPL\u00d4M\u00c9 ENTRA\u00ceNEUR JUDO ! JUDO BERNANOS<\/title>\n<meta name=\"description\" content=\"LOEVAN LE COADOU DIPL\u00d4M\u00c9 ENTRA\u00ceNEUR JUDO ! - Judo Le Havre : Nous sommes fiers d\u2019annoncer que notre judoka du Judo Bernanos, Loevan...\" \/>\n<meta name=\"robots\" content=\"index, follow, max-snippet:-1, max-image-preview:large, max-video-preview:-1\" \/>\n<link rel=\"canonical\" href=\"https:\/\/judobernanos.com\/wordpressloevan\/judo-le-havre-loevan-entraineur\/\" \/>\n<meta property=\"og:locale\" content=\"fr_FR\" \/>\n<meta property=\"og:type\" content=\"article\" \/>\n<meta property=\"og:title\" content=\"LOEVAN LE COADOU DIPL\u00d4M\u00c9 ENTRA\u00ceNEUR JUDO ! JUDO BERNANOS\" \/>\n<meta property=\"og:description\" content=\"LOEVAN LE COADOU DIPL\u00d4M\u00c9 ENTRA\u00ceNEUR JUDO ! - Judo Le Havre : Nous sommes fiers d\u2019annoncer que notre judoka du Judo Bernanos, Loevan...\" \/>\n<meta property=\"og:url\" content=\"https:\/\/judobernanos.com\/wordpressloevan\/judo-le-havre-loevan-entraineur\/\" \/>\n<meta property=\"og:site_name\" content=\"JUDO BERNANOS\" \/>\n<meta property=\"article:publisher\" content=\"https:\/\/www.facebook.com\/judobernanos\" \/>\n<meta property=\"article:published_time\" content=\"2024-05-20T16:48:00+00:00\" \/>\n<meta property=\"article:modified_time\" content=\"2024-05-23T08:56:43+00:00\" \/>\n<meta property=\"og:image\" content=\"https:\/\/judobernanos.com\/wordpressloevan\/wp-content\/uploads\/2024\/05\/DIPLOME-CQP-.jpeg\" \/>\n\t<meta property=\"og:image:width\" content=\"1440\" \/>\n\t<meta property=\"og:image:height\" content=\"1440\" \/>\n\t<meta property=\"og:image:type\" content=\"image\/jpeg\" \/>\n<meta name=\"author\" content=\"bernanos.judo\" \/>\n<meta name=\"twitter:card\" content=\"summary_large_image\" \/>\n<meta name=\"twitter:label1\" content=\"\u00c9crit par\" \/>\n\t<meta name=\"twitter:data1\" content=\"bernanos.judo\" \/>\n\t<meta name=\"twitter:label2\" content=\"Dur\u00e9e de lecture estim\u00e9e\" \/>\n\t<meta name=\"twitter:data2\" content=\"2 minutes\" \/>\n<script type=\"application\/ld+json\" class=\"yoast-schema-graph\">{\"@context\":\"https:\\\/\\\/schema.org\",\"@graph\":[{\"@type\":\"NewsArticle\",\"@id\":\"https:\\\/\\\/judobernanos.com\\\/wordpressloevan\\\/judo-le-havre-loevan-entraineur\\\/#article\",\"isPartOf\":{\"@id\":\"https:\\\/\\\/judobernanos.com\\\/wordpressloevan\\\/judo-le-havre-loevan-entraineur\\\/\"},\"author\":{\"name\":\"bernanos.judo\",\"@id\":\"https:\\\/\\\/judobernanos.com\\\/wordpressloevan\\\/#\\\/schema\\\/person\\\/64056b852d10cccde427fc555f4abe2d\"},\"headline\":\"LOEVAN LE COADOU DIPL\u00d4M\u00c9 ENTRA\u00ceNEUR JUDO !\",\"datePublished\":\"2024-05-20T16:48:00+00:00\",\"dateModified\":\"2024-05-23T08:56:43+00:00\",\"mainEntityOfPage\":{\"@id\":\"https:\\\/\\\/judobernanos.com\\\/wordpressloevan\\\/judo-le-havre-loevan-entraineur\\\/\"},\"wordCount\":119,\"publisher\":{\"@id\":\"https:\\\/\\\/judobernanos.com\\\/wordpressloevan\\\/#organization\"},\"image\":{\"@id\":\"https:\\\/\\\/judobernanos.com\\\/wordpressloevan\\\/judo-le-havre-loevan-entraineur\\\/#primaryimage\"},\"thumbnailUrl\":\"https:\\\/\\\/judobernanos.com\\\/wordpressloevan\\\/wp-content\\\/uploads\\\/2024\\\/05\\\/DIPLOME-CQP-.jpeg\",\"articleSection\":[\"Articles de presse et r\u00e9seaux sociaux\",\"Comp\u00e9titions \\\/ Passages de grade\",\"\u00c9v\u00e8nements\",\"\u00c9v\u00e8nements associatifs\",\"Saison 2023\\\/2024\"],\"inLanguage\":\"fr-FR\"},{\"@type\":\"WebPage\",\"@id\":\"https:\\\/\\\/judobernanos.com\\\/wordpressloevan\\\/judo-le-havre-loevan-entraineur\\\/\",\"url\":\"https:\\\/\\\/judobernanos.com\\\/wordpressloevan\\\/judo-le-havre-loevan-entraineur\\\/\",\"name\":\"LOEVAN LE COADOU DIPL\u00d4M\u00c9 ENTRA\u00ceNEUR JUDO ! JUDO BERNANOS\",\"isPartOf\":{\"@id\":\"https:\\\/\\\/judobernanos.com\\\/wordpressloevan\\\/#website\"},\"primaryImageOfPage\":{\"@id\":\"https:\\\/\\\/judobernanos.com\\\/wordpressloevan\\\/judo-le-havre-loevan-entraineur\\\/#primaryimage\"},\"image\":{\"@id\":\"https:\\\/\\\/judobernanos.com\\\/wordpressloevan\\\/judo-le-havre-loevan-entraineur\\\/#primaryimage\"},\"thumbnailUrl\":\"https:\\\/\\\/judobernanos.com\\\/wordpressloevan\\\/wp-content\\\/uploads\\\/2024\\\/05\\\/DIPLOME-CQP-.jpeg\",\"datePublished\":\"2024-05-20T16:48:00+00:00\",\"dateModified\":\"2024-05-23T08:56:43+00:00\",\"description\":\"LOEVAN LE COADOU DIPL\u00d4M\u00c9 ENTRA\u00ceNEUR JUDO ! - Judo Le Havre : Nous sommes fiers d\u2019annoncer que notre judoka du Judo Bernanos, Loevan...\",\"breadcrumb\":{\"@id\":\"https:\\\/\\\/judobernanos.com\\\/wordpressloevan\\\/judo-le-havre-loevan-entraineur\\\/#breadcrumb\"},\"inLanguage\":\"fr-FR\",\"potentialAction\":[{\"@type\":\"ReadAction\",\"target\":[\"https:\\\/\\\/judobernanos.com\\\/wordpressloevan\\\/judo-le-havre-loevan-entraineur\\\/\"]}]},{\"@type\":\"ImageObject\",\"inLanguage\":\"fr-FR\",\"@id\":\"https:\\\/\\\/judobernanos.com\\\/wordpressloevan\\\/judo-le-havre-loevan-entraineur\\\/#primaryimage\",\"url\":\"https:\\\/\\\/judobernanos.com\\\/wordpressloevan\\\/wp-content\\\/uploads\\\/2024\\\/05\\\/DIPLOME-CQP-.jpeg\",\"contentUrl\":\"https:\\\/\\\/judobernanos.com\\\/wordpressloevan\\\/wp-content\\\/uploads\\\/2024\\\/05\\\/DIPLOME-CQP-.jpeg\",\"width\":1440,\"height\":1440,\"caption\":\"LOEVAN LE COADOU DIPLO\u0302ME\u0301 ENTRA\u00ceNEUR JUDO - 2LC PRODUCTION - JUDO LE HAVRE - CQP NORMANDIE JUDO\"},{\"@type\":\"BreadcrumbList\",\"@id\":\"https:\\\/\\\/judobernanos.com\\\/wordpressloevan\\\/judo-le-havre-loevan-entraineur\\\/#breadcrumb\",\"itemListElement\":[{\"@type\":\"ListItem\",\"position\":1,\"name\":\"Accueil\",\"item\":\"https:\\\/\\\/judobernanos.com\\\/wordpressloevan\\\/\"},{\"@type\":\"ListItem\",\"position\":2,\"name\":\"LOEVAN LE COADOU DIPL\u00d4M\u00c9 ENTRA\u00ceNEUR JUDO !\"}]},{\"@type\":\"WebSite\",\"@id\":\"https:\\\/\\\/judobernanos.com\\\/wordpressloevan\\\/#website\",\"url\":\"https:\\\/\\\/judobernanos.com\\\/wordpressloevan\\\/\",\"name\":\"JUDO BERNANOS\",\"description\":\"Le plus ancien club de judo havrais encore en activit\u00e9 .. Depuis 1968\",\"publisher\":{\"@id\":\"https:\\\/\\\/judobernanos.com\\\/wordpressloevan\\\/#organization\"},\"potentialAction\":[{\"@type\":\"SearchAction\",\"target\":{\"@type\":\"EntryPoint\",\"urlTemplate\":\"https:\\\/\\\/judobernanos.com\\\/wordpressloevan\\\/?s={search_term_string}\"},\"query-input\":{\"@type\":\"PropertyValueSpecification\",\"valueRequired\":true,\"valueName\":\"search_term_string\"}}],\"inLanguage\":\"fr-FR\"},{\"@type\":\"Organization\",\"@id\":\"https:\\\/\\\/judobernanos.com\\\/wordpressloevan\\\/#organization\",\"name\":\"Foyer G. Bernanos - Le Havre\",\"alternateName\":\"Judo Bernanos\",\"url\":\"https:\\\/\\\/judobernanos.com\\\/wordpressloevan\\\/\",\"logo\":{\"@type\":\"ImageObject\",\"inLanguage\":\"fr-FR\",\"@id\":\"https:\\\/\\\/judobernanos.com\\\/wordpressloevan\\\/#\\\/schema\\\/logo\\\/image\\\/\",\"url\":\"https:\\\/\\\/judobernanos.com\\\/wordpressloevan\\\/wp-content\\\/uploads\\\/2022\\\/01\\\/cropped-cropped-cropped-IMG_7125.png\",\"contentUrl\":\"https:\\\/\\\/judobernanos.com\\\/wordpressloevan\\\/wp-content\\\/uploads\\\/2022\\\/01\\\/cropped-cropped-cropped-IMG_7125.png\",\"width\":240,\"height\":240,\"caption\":\"Foyer G. Bernanos - Le Havre\"},\"image\":{\"@id\":\"https:\\\/\\\/judobernanos.com\\\/wordpressloevan\\\/#\\\/schema\\\/logo\\\/image\\\/\"},\"sameAs\":[\"https:\\\/\\\/www.facebook.com\\\/judobernanos\",\"https:\\\/\\\/www.instagram.com\\\/bernanos.judo\\\/\",\"https:\\\/\\\/www.youtube.com\\\/channel\\\/UC0ZX9zVT2ICb4Hi63_B9Vfg\"]},{\"@type\":\"Person\",\"@id\":\"https:\\\/\\\/judobernanos.com\\\/wordpressloevan\\\/#\\\/schema\\\/person\\\/64056b852d10cccde427fc555f4abe2d\",\"name\":\"bernanos.judo\",\"image\":{\"@type\":\"ImageObject\",\"inLanguage\":\"fr-FR\",\"@id\":\"https:\\\/\\\/secure.gravatar.com\\\/avatar\\\/2690c5a5885dd2762e74ba20cc34b03ecfa94873704af62313bca5e6a49f9290?s=96&d=blank&r=g\",\"url\":\"https:\\\/\\\/secure.gravatar.com\\\/avatar\\\/2690c5a5885dd2762e74ba20cc34b03ecfa94873704af62313bca5e6a49f9290?s=96&d=blank&r=g\",\"contentUrl\":\"https:\\\/\\\/secure.gravatar.com\\\/avatar\\\/2690c5a5885dd2762e74ba20cc34b03ecfa94873704af62313bca5e6a49f9290?s=96&d=blank&r=g\",\"caption\":\"bernanos.judo\"},\"url\":\"https:\\\/\\\/judobernanos.com\\\/wordpressloevan\\\/author\\\/bernanos-judo\\\/\"}]}<\/script>\n<!-- \/ Yoast SEO plugin. -->","yoast_head_json":{"title":"LOEVAN LE COADOU DIPL\u00d4M\u00c9 ENTRA\u00ceNEUR JUDO ! JUDO BERNANOS","description":"LOEVAN LE COADOU DIPL\u00d4M\u00c9 ENTRA\u00ceNEUR JUDO ! - Judo Le Havre : Nous sommes fiers d\u2019annoncer que notre judoka du Judo Bernanos, Loevan...","robots":{"index":"index","follow":"follow","max-snippet":"max-snippet:-1","max-image-preview":"max-image-preview:large","max-video-preview":"max-video-preview:-1"},"canonical":"https:\/\/judobernanos.com\/wordpressloevan\/judo-le-havre-loevan-entraineur\/","og_locale":"fr_FR","og_type":"article","og_title":"LOEVAN LE COADOU DIPL\u00d4M\u00c9 ENTRA\u00ceNEUR JUDO ! JUDO BERNANOS","og_description":"LOEVAN LE COADOU DIPL\u00d4M\u00c9 ENTRA\u00ceNEUR JUDO ! - Judo Le Havre : Nous sommes fiers d\u2019annoncer que notre judoka du Judo Bernanos, Loevan...","og_url":"https:\/\/judobernanos.com\/wordpressloevan\/judo-le-havre-loevan-entraineur\/","og_site_name":"JUDO BERNANOS","article_publisher":"https:\/\/www.facebook.com\/judobernanos","article_published_time":"2024-05-20T16:48:00+00:00","article_modified_time":"2024-05-23T08:56:43+00:00","og_image":[{"width":1440,"height":1440,"url":"https:\/\/judobernanos.com\/wordpressloevan\/wp-content\/uploads\/2024\/05\/DIPLOME-CQP-.jpeg","type":"image\/jpeg"}],"author":"bernanos.judo","twitter_card":"summary_large_image","twitter_misc":{"\u00c9crit par":"bernanos.judo","Dur\u00e9e de lecture estim\u00e9e":"2 minutes"},"schema":{"@context":"https:\/\/schema.org","@graph":[{"@type":"NewsArticle","@id":"https:\/\/judobernanos.com\/wordpressloevan\/judo-le-havre-loevan-entraineur\/#article","isPartOf":{"@id":"https:\/\/judobernanos.com\/wordpressloevan\/judo-le-havre-loevan-entraineur\/"},"author":{"name":"bernanos.judo","@id":"https:\/\/judobernanos.com\/wordpressloevan\/#\/schema\/person\/64056b852d10cccde427fc555f4abe2d"},"headline":"LOEVAN LE COADOU DIPL\u00d4M\u00c9 ENTRA\u00ceNEUR JUDO !","datePublished":"2024-05-20T16:48:00+00:00","dateModified":"2024-05-23T08:56:43+00:00","mainEntityOfPage":{"@id":"https:\/\/judobernanos.com\/wordpressloevan\/judo-le-havre-loevan-entraineur\/"},"wordCount":119,"publisher":{"@id":"https:\/\/judobernanos.com\/wordpressloevan\/#organization"},"image":{"@id":"https:\/\/judobernanos.com\/wordpressloevan\/judo-le-havre-loevan-entraineur\/#primaryimage"},"thumbnailUrl":"https:\/\/judobernanos.com\/wordpressloevan\/wp-content\/uploads\/2024\/05\/DIPLOME-CQP-.jpeg","articleSection":["Articles de presse et r\u00e9seaux sociaux","Comp\u00e9titions \/ Passages de grade","\u00c9v\u00e8nements","\u00c9v\u00e8nements associatifs","Saison 2023\/2024"],"inLanguage":"fr-FR"},{"@type":"WebPage","@id":"https:\/\/judobernanos.com\/wordpressloevan\/judo-le-havre-loevan-entraineur\/","url":"https:\/\/judobernanos.com\/wordpressloevan\/judo-le-havre-loevan-entraineur\/","name":"LOEVAN LE COADOU DIPL\u00d4M\u00c9 ENTRA\u00ceNEUR JUDO ! JUDO BERNANOS","isPartOf":{"@id":"https:\/\/judobernanos.com\/wordpressloevan\/#website"},"primaryImageOfPage":{"@id":"https:\/\/judobernanos.com\/wordpressloevan\/judo-le-havre-loevan-entraineur\/#primaryimage"},"image":{"@id":"https:\/\/judobernanos.com\/wordpressloevan\/judo-le-havre-loevan-entraineur\/#primaryimage"},"thumbnailUrl":"https:\/\/judobernanos.com\/wordpressloevan\/wp-content\/uploads\/2024\/05\/DIPLOME-CQP-.jpeg","datePublished":"2024-05-20T16:48:00+00:00","dateModified":"2024-05-23T08:56:43+00:00","description":"LOEVAN LE COADOU DIPL\u00d4M\u00c9 ENTRA\u00ceNEUR JUDO ! - Judo Le Havre : Nous sommes fiers d\u2019annoncer que notre judoka du Judo Bernanos, Loevan...","breadcrumb":{"@id":"https:\/\/judobernanos.com\/wordpressloevan\/judo-le-havre-loevan-entraineur\/#breadcrumb"},"inLanguage":"fr-FR","potentialAction":[{"@type":"ReadAction","target":["https:\/\/judobernanos.com\/wordpressloevan\/judo-le-havre-loevan-entraineur\/"]}]},{"@type":"ImageObject","inLanguage":"fr-FR","@id":"https:\/\/judobernanos.com\/wordpressloevan\/judo-le-havre-loevan-entraineur\/#primaryimage","url":"https:\/\/judobernanos.com\/wordpressloevan\/wp-content\/uploads\/2024\/05\/DIPLOME-CQP-.jpeg","contentUrl":"https:\/\/judobernanos.com\/wordpressloevan\/wp-content\/uploads\/2024\/05\/DIPLOME-CQP-.jpeg","width":1440,"height":1440,"caption":"LOEVAN LE COADOU DIPLO\u0302ME\u0301 ENTRA\u00ceNEUR JUDO - 2LC PRODUCTION - JUDO LE HAVRE - CQP NORMANDIE JUDO"},{"@type":"BreadcrumbList","@id":"https:\/\/judobernanos.com\/wordpressloevan\/judo-le-havre-loevan-entraineur\/#breadcrumb","itemListElement":[{"@type":"ListItem","position":1,"name":"Accueil","item":"https:\/\/judobernanos.com\/wordpressloevan\/"},{"@type":"ListItem","position":2,"name":"LOEVAN LE COADOU DIPL\u00d4M\u00c9 ENTRA\u00ceNEUR JUDO !"}]},{"@type":"WebSite","@id":"https:\/\/judobernanos.com\/wordpressloevan\/#website","url":"https:\/\/judobernanos.com\/wordpressloevan\/","name":"JUDO BERNANOS","description":"Le plus ancien club de judo havrais encore en activit\u00e9 .. Depuis 1968","publisher":{"@id":"https:\/\/judobernanos.com\/wordpressloevan\/#organization"},"potentialAction":[{"@type":"SearchAction","target":{"@type":"EntryPoint","urlTemplate":"https:\/\/judobernanos.com\/wordpressloevan\/?s={search_term_string}"},"query-input":{"@type":"PropertyValueSpecification","valueRequired":true,"valueName":"search_term_string"}}],"inLanguage":"fr-FR"},{"@type":"Organization","@id":"https:\/\/judobernanos.com\/wordpressloevan\/#organization","name":"Foyer G. Bernanos - Le Havre","alternateName":"Judo Bernanos","url":"https:\/\/judobernanos.com\/wordpressloevan\/","logo":{"@type":"ImageObject","inLanguage":"fr-FR","@id":"https:\/\/judobernanos.com\/wordpressloevan\/#\/schema\/logo\/image\/","url":"https:\/\/judobernanos.com\/wordpressloevan\/wp-content\/uploads\/2022\/01\/cropped-cropped-cropped-IMG_7125.png","contentUrl":"https:\/\/judobernanos.com\/wordpressloevan\/wp-content\/uploads\/2022\/01\/cropped-cropped-cropped-IMG_7125.png","width":240,"height":240,"caption":"Foyer G. Bernanos - Le Havre"},"image":{"@id":"https:\/\/judobernanos.com\/wordpressloevan\/#\/schema\/logo\/image\/"},"sameAs":["https:\/\/www.facebook.com\/judobernanos","https:\/\/www.instagram.com\/bernanos.judo\/","https:\/\/www.youtube.com\/channel\/UC0ZX9zVT2ICb4Hi63_B9Vfg"]},{"@type":"Person","@id":"https:\/\/judobernanos.com\/wordpressloevan\/#\/schema\/person\/64056b852d10cccde427fc555f4abe2d","name":"bernanos.judo","image":{"@type":"ImageObject","inLanguage":"fr-FR","@id":"https:\/\/secure.gravatar.com\/avatar\/2690c5a5885dd2762e74ba20cc34b03ecfa94873704af62313bca5e6a49f9290?s=96&d=blank&r=g","url":"https:\/\/secure.gravatar.com\/avatar\/2690c5a5885dd2762e74ba20cc34b03ecfa94873704af62313bca5e6a49f9290?s=96&d=blank&r=g","contentUrl":"https:\/\/secure.gravatar.com\/avatar\/2690c5a5885dd2762e74ba20cc34b03ecfa94873704af62313bca5e6a49f9290?s=96&d=blank&r=g","caption":"bernanos.judo"},"url":"https:\/\/judobernanos.com\/wordpressloevan\/author\/bernanos-judo\/"}]}},"jetpack_featured_media_url":"https:\/\/judobernanos.com\/wordpressloevan\/wp-content\/uploads\/2024\/05\/DIPLOME-CQP-.jpeg","_links":{"self":[{"href":"https:\/\/judobernanos.com\/wordpressloevan\/wp-json\/wp\/v2\/posts\/8221","targetHints":{"allow":["GET"]}}],"collection":[{"href":"https:\/\/judobernanos.com\/wordpressloevan\/wp-json\/wp\/v2\/posts"}],"about":[{"href":"https:\/\/judobernanos.com\/wordpressloevan\/wp-json\/wp\/v2\/types\/post"}],"author":[{"embeddable":true,"href":"https:\/\/judobernanos.com\/wordpressloevan\/wp-json\/wp\/v2\/users\/120"}],"replies":[{"embeddable":true,"href":"https:\/\/judobernanos.com\/wordpressloevan\/wp-json\/wp\/v2\/comments?post=8221"}],"version-history":[{"count":4,"href":"https:\/\/judobernanos.com\/wordpressloevan\/wp-json\/wp\/v2\/posts\/8221\/revisions"}],"predecessor-version":[{"id":8227,"href":"https:\/\/judobernanos.com\/wordpressloevan\/wp-json\/wp\/v2\/posts\/8221\/revisions\/8227"}],"wp:featuredmedia":[{"embeddable":true,"href":"https:\/\/judobernanos.com\/wordpressloevan\/wp-json\/wp\/v2\/media\/8223"}],"wp:attachment":[{"href":"https:\/\/judobernanos.com\/wordpressloevan\/wp-json\/wp\/v2\/media?parent=8221"}],"wp:term":[{"taxonomy":"category","embeddable":true,"href":"https:\/\/judobernanos.com\/wordpressloevan\/wp-json\/wp\/v2\/categories?post=8221"},{"taxonomy":"post_tag","embeddable":true,"href":"https:\/\/judobernanos.com\/wordpressloevan\/wp-json\/wp\/v2\/tags?post=8221"}],"curies":[{"name":"wp","href":"https:\/\/api.w.org\/{rel}","templated":true}]}}