{"id":8139,"date":"2024-02-17T20:27:07","date_gmt":"2024-02-17T19:27:07","guid":{"rendered":"https:\/\/judobernanos.com\/wordpressloevan\/?p=8139"},"modified":"2024-02-19T20:30:01","modified_gmt":"2024-02-19T19:30:01","slug":"judo-normandie","status":"publish","type":"post","link":"https:\/\/judobernanos.com\/wordpressloevan\/judo-normandie\/","title":{"rendered":"1ER INTERD\u00c9PARTEMENTAL SENIORS 2024"},"content":{"rendered":"\t\t<div data-elementor-type=\"wp-post\" data-elementor-id=\"8139\" class=\"elementor elementor-8139\">\n\t\t\t\t\t\t<section class=\"elementor-section elementor-top-section elementor-element elementor-element-06e17f0 elementor-section-boxed elementor-section-height-default elementor-section-height-default\" data-id=\"06e17f0\" data-element_type=\"section\" data-e-type=\"section\">\n\t\t\t\t\t\t<div class=\"elementor-container elementor-column-gap-default\">\n\t\t\t\t\t<div class=\"elementor-column elementor-col-100 elementor-top-column elementor-element elementor-element-3ad5d3c\" data-id=\"3ad5d3c\" data-element_type=\"column\" data-e-type=\"column\">\n\t\t\t<div class=\"elementor-widget-wrap elementor-element-populated\">\n\t\t\t\t\t\t<div class=\"elementor-element elementor-element-0622bd4 elementor-widget elementor-widget-heading\" data-id=\"0622bd4\" data-element_type=\"widget\" data-e-type=\"widget\" data-widget_type=\"heading.default\">\n\t\t\t\t<div class=\"elementor-widget-container\">\n\t\t\t\t\t<h2 class=\"elementor-heading-title elementor-size-default\">1er Interd\u00e9partemental Seniors <\/h2>\t\t\t\t<\/div>\n\t\t\t\t<\/div>\n\t\t\t\t\t<\/div>\n\t\t<\/div>\n\t\t\t\t\t<\/div>\n\t\t<\/section>\n\t\t\t\t<section class=\"elementor-section elementor-top-section elementor-element elementor-element-c4e658d elementor-section-boxed elementor-section-height-default elementor-section-height-default\" data-id=\"c4e658d\" data-element_type=\"section\" data-e-type=\"section\">\n\t\t\t\t\t\t<div class=\"elementor-container elementor-column-gap-default\">\n\t\t\t\t\t<div class=\"elementor-column elementor-col-100 elementor-top-column elementor-element elementor-element-a6e35cf\" data-id=\"a6e35cf\" data-element_type=\"column\" data-e-type=\"column\">\n\t\t\t<div class=\"elementor-widget-wrap elementor-element-populated\">\n\t\t\t\t\t\t<div class=\"elementor-element elementor-element-e84fdb9 elementor-widget elementor-widget-text-editor\" data-id=\"e84fdb9\" data-element_type=\"widget\" data-e-type=\"widget\" data-widget_type=\"text-editor.default\">\n\t\t\t\t<div class=\"elementor-widget-container\">\n\t\t\t\t\t\t\t\t\t<div class=\"xdj266r x11i5rnm xat24cr x1mh8g0r x1vvkbs x126k92a\"><div dir=\"auto\">Retour sur la premi\u00e8re comp\u00e9tition seniors de la saison avec de beaux r\u00e9sultats !<\/div><div dir=\"auto\">\u00a0<\/div><\/div><div class=\"x11i5rnm xat24cr x1mh8g0r x1vvkbs xtlvy1s x126k92a\"><div dir=\"auto\">&#8211; Bryan en -100kg monte sur la 3\u00e8me marche du podium de sa cat\u00e9gorie en gagnant 2 combats dans sa poule.<\/div><div dir=\"auto\">&#8211; David quant \u00e0 lui gagne son premier combat par ippon et s\u2019incline ensuite en quart de finale. Il remonte jusqu\u2019en finale de rep\u00eachage apr\u00e8s avoir gagner un combat puis perd avant la place de 3. Un tr\u00e8s beau parcours avec de beaux combats !<\/div><div dir=\"auto\">&#8211; Loevan monte en quart de finale apr\u00e8s avoir gagn\u00e9 un combat et perd face au futur 1er de la cat\u00e9gorie. Il remonte ensuite jusqu\u2019en place de 3 en gagnant deux gros combats. Une place de 3\u00e8me qui \u00e9tait accessible mais un tr\u00e8s beau parcours avec de beaux ippons !<\/div><div dir=\"auto\">\u00a0<\/div><\/div><div class=\"x11i5rnm xat24cr x1mh8g0r x1vvkbs xtlvy1s x126k92a\"><div dir=\"auto\">Une belle journ\u00e9e motivante pour la suite ! Demain, nous serons \u00e0 Caudebec-les-Elbeuf pour le Championnat de Normandie kata.<\/div><\/div>\t\t\t\t\t\t\t\t<\/div>\n\t\t\t\t<\/div>\n\t\t\t\t\t<\/div>\n\t\t<\/div>\n\t\t\t\t\t<\/div>\n\t\t<\/section>\n\t\t\t\t<section class=\"elementor-section elementor-top-section elementor-element elementor-element-4363145 elementor-section-boxed elementor-section-height-default elementor-section-height-default\" data-id=\"4363145\" data-element_type=\"section\" data-e-type=\"section\">\n\t\t\t\t\t\t<div class=\"elementor-container elementor-column-gap-default\">\n\t\t\t\t\t<div class=\"elementor-column elementor-col-100 elementor-top-column elementor-element elementor-element-2b044b8\" data-id=\"2b044b8\" data-element_type=\"column\" data-e-type=\"column\">\n\t\t\t<div class=\"elementor-widget-wrap elementor-element-populated\">\n\t\t\t\t\t\t<div class=\"elementor-element elementor-element-a382a92 elementor-arrows-position-inside elementor-pagination-position-outside elementor-widget elementor-widget-image-carousel\" data-id=\"a382a92\" data-element_type=\"widget\" data-e-type=\"widget\" data-settings=\"{&quot;navigation&quot;:&quot;both&quot;,&quot;autoplay&quot;:&quot;yes&quot;,&quot;pause_on_hover&quot;:&quot;yes&quot;,&quot;pause_on_interaction&quot;:&quot;yes&quot;,&quot;autoplay_speed&quot;:5000,&quot;infinite&quot;:&quot;yes&quot;,&quot;speed&quot;:500,&quot;image_spacing_custom&quot;:{&quot;unit&quot;:&quot;px&quot;,&quot;size&quot;:20,&quot;sizes&quot;:[]},&quot;image_spacing_custom_tablet&quot;:{&quot;unit&quot;:&quot;px&quot;,&quot;size&quot;:&quot;&quot;,&quot;sizes&quot;:[]},&quot;image_spacing_custom_mobile&quot;:{&quot;unit&quot;:&quot;px&quot;,&quot;size&quot;:&quot;&quot;,&quot;sizes&quot;:[]}}\" data-widget_type=\"image-carousel.default\">\n\t\t\t\t<div class=\"elementor-widget-container\">\n\t\t\t\t\t\t\t<div class=\"elementor-image-carousel-wrapper swiper\" role=\"region\" aria-roledescription=\"carousel\" aria-label=\"Carrousel d\u2019images\" dir=\"ltr\">\n\t\t\t<div class=\"elementor-image-carousel swiper-wrapper\" aria-live=\"off\">\n\t\t\t\t\t\t\t\t<div class=\"swiper-slide\" role=\"group\" aria-roledescription=\"slide\" aria-label=\"1 sur 6\"><figure class=\"swiper-slide-inner\"><img decoding=\"async\" class=\"swiper-slide-image\" src=\"https:\/\/judobernanos.com\/wordpressloevan\/wp-content\/uploads\/2024\/02\/Interdepartemental-Seniors-Normandie-Judo-Bernanos-Judo-Le-Havre-768x768.jpeg\" alt=\"Interde\u0301partemental Seniors - Normandie Judo - Bernanos Judo Le Havre\" \/><\/figure><\/div><div class=\"swiper-slide\" role=\"group\" aria-roledescription=\"slide\" aria-label=\"2 sur 6\"><figure class=\"swiper-slide-inner\"><img decoding=\"async\" class=\"swiper-slide-image\" src=\"https:\/\/judobernanos.com\/wordpressloevan\/wp-content\/uploads\/2024\/02\/Interdepartemental-Seniors-Normandie-Judo-Bernanos-Judo-Le-Havre-1-768x432.jpeg\" alt=\"Interde\u0301partemental Seniors - Normandie Judo - Bernanos Judo Le Havre 1\" \/><\/figure><\/div><div class=\"swiper-slide\" role=\"group\" aria-roledescription=\"slide\" aria-label=\"3 sur 6\"><figure class=\"swiper-slide-inner\"><img decoding=\"async\" class=\"swiper-slide-image\" src=\"https:\/\/judobernanos.com\/wordpressloevan\/wp-content\/uploads\/2024\/02\/Interdepartemental-Seniors-Normandie-Judo-Bernanos-Judo-Le-Havre-Loevan-Le-Coadou-2LC-Production-768x542.jpeg\" alt=\"Interde\u0301partemental Seniors - Normandie Judo - Bernanos Judo Le Havre - Loevan Le Coadou - 2LC Production\" \/><\/figure><\/div><div class=\"swiper-slide\" role=\"group\" aria-roledescription=\"slide\" aria-label=\"4 sur 6\"><figure class=\"swiper-slide-inner\"><img decoding=\"async\" class=\"swiper-slide-image\" src=\"https:\/\/judobernanos.com\/wordpressloevan\/wp-content\/uploads\/2024\/02\/Interdepartemental-Seniors-Normandie-Judo-Bernanos-Judo-Le-Havre-3-768x432.jpeg\" alt=\"Interde\u0301partemental Seniors - Normandie Judo - Bernanos Judo Le Havre 3\" \/><\/figure><\/div><div class=\"swiper-slide\" role=\"group\" aria-roledescription=\"slide\" aria-label=\"5 sur 6\"><figure class=\"swiper-slide-inner\"><img decoding=\"async\" class=\"swiper-slide-image\" src=\"https:\/\/judobernanos.com\/wordpressloevan\/wp-content\/uploads\/2024\/02\/Interdepartemental-Seniors-Normandie-Judo-Bernanos-Judo-Le-Havre-4-768x432.jpeg\" alt=\"Interde\u0301partemental Seniors - Normandie Judo - Bernanos Judo Le Havre 4\" \/><\/figure><\/div><div class=\"swiper-slide\" role=\"group\" aria-roledescription=\"slide\" aria-label=\"6 sur 6\"><figure class=\"swiper-slide-inner\"><img decoding=\"async\" class=\"swiper-slide-image\" src=\"https:\/\/judobernanos.com\/wordpressloevan\/wp-content\/uploads\/2024\/02\/Interdepartemental-Seniors-Normandie-Judo-Bernanos-Judo-Le-Havre-5-768x1365.jpeg\" alt=\"Interde\u0301partemental Seniors - Normandie Judo - Bernanos Judo Le Havre 5\" \/><\/figure><\/div>\t\t\t<\/div>\n\t\t\t\t\t\t\t\t\t\t\t\t<div class=\"elementor-swiper-button elementor-swiper-button-prev\" role=\"button\" tabindex=\"0\">\n\t\t\t\t\t\t<svg aria-hidden=\"true\" class=\"e-font-icon-svg e-eicon-chevron-left\" viewBox=\"0 0 1000 1000\" xmlns=\"http:\/\/www.w3.org\/2000\/svg\"><path d=\"M646 125C629 125 613 133 604 142L308 442C296 454 292 471 292 487 292 504 296 521 308 533L604 854C617 867 629 875 646 875 663 875 679 871 692 858 704 846 713 829 713 812 713 796 708 779 692 767L438 487 692 225C700 217 708 204 708 187 708 171 704 154 692 142 675 129 663 125 646 125Z\"><\/path><\/svg>\t\t\t\t\t<\/div>\n\t\t\t\t\t<div class=\"elementor-swiper-button elementor-swiper-button-next\" role=\"button\" tabindex=\"0\">\n\t\t\t\t\t\t<svg aria-hidden=\"true\" class=\"e-font-icon-svg e-eicon-chevron-right\" viewBox=\"0 0 1000 1000\" xmlns=\"http:\/\/www.w3.org\/2000\/svg\"><path d=\"M696 533C708 521 713 504 713 487 713 471 708 454 696 446L400 146C388 133 375 125 354 125 338 125 325 129 313 142 300 154 292 171 292 187 292 204 296 221 308 233L563 492 304 771C292 783 288 800 288 817 288 833 296 850 308 863 321 871 338 875 354 875 371 875 388 867 400 854L696 533Z\"><\/path><\/svg>\t\t\t\t\t<\/div>\n\t\t\t\t\n\t\t\t\t\t\t\t\t\t<div class=\"swiper-pagination\"><\/div>\n\t\t\t\t\t\t\t\t\t<\/div>\n\t\t\t\t\t\t<\/div>\n\t\t\t\t<\/div>\n\t\t\t\t\t<\/div>\n\t\t<\/div>\n\t\t\t\t\t<\/div>\n\t\t<\/section>\n\t\t\t\t<\/div>\n\t\t","protected":false},"excerpt":{"rendered":"<p>1er Interd\u00e9partemental Seniors Retour sur la premi\u00e8re comp\u00e9tition seniors de la saison avec de beaux r\u00e9sultats !\u00a0&#8211; Bryan en -100kg monte sur la 3\u00e8me marche du podium de sa cat\u00e9gorie en gagnant 2 combats dans sa poule.- David quant \u00e0 lui gagne son premier combat par ippon et s\u2019incline ensuite en quart de finale. Il&hellip;&nbsp;<a href=\"https:\/\/judobernanos.com\/wordpressloevan\/judo-normandie\/\" rel=\"bookmark\"><span class=\"screen-reader-text\">1ER INTERD\u00c9PARTEMENTAL SENIORS 2024<\/span><\/a><\/p>\n","protected":false},"author":120,"featured_media":8140,"comment_status":"closed","ping_status":"closed","sticky":false,"template":"","format":"standard","meta":{"_monsterinsights_skip_tracking":false,"_monsterinsights_sitenote_active":false,"_monsterinsights_sitenote_note":"","_monsterinsights_sitenote_category":0,"neve_meta_sidebar":"","neve_meta_container":"","neve_meta_enable_content_width":"","neve_meta_content_width":0,"neve_meta_title_alignment":"","neve_meta_author_avatar":"","neve_post_elements_order":"","neve_meta_disable_header":"","neve_meta_disable_footer":"","neve_meta_disable_title":"","footnotes":""},"categories":[1],"tags":[],"class_list":["post-8139","post","type-post","status-publish","format-standard","has-post-thumbnail","hentry","category-non-classe"],"yoast_head":"<!-- This site is optimized with the Yoast SEO plugin v27.5 - https:\/\/yoast.com\/product\/yoast-seo-wordpress\/ -->\n<title>1ER INTERD\u00c9PARTEMENTAL SENIORS 2024 - JUDO BERNANOS<\/title>\n<meta name=\"description\" content=\"Judo Normandie : 1ER INTERD\u00c9PARTEMENTAL SENIORS 2024 - Retour sur la premi\u00e8re comp\u00e9tition seniors de la saison avec de beaux r\u00e9sultats !\" \/>\n<meta name=\"robots\" content=\"index, follow, max-snippet:-1, max-image-preview:large, max-video-preview:-1\" \/>\n<link rel=\"canonical\" href=\"https:\/\/judobernanos.com\/wordpressloevan\/judo-normandie\/\" \/>\n<meta property=\"og:locale\" content=\"fr_FR\" \/>\n<meta property=\"og:type\" content=\"article\" \/>\n<meta property=\"og:title\" content=\"1ER INTERD\u00c9PARTEMENTAL SENIORS 2024 - JUDO BERNANOS\" \/>\n<meta property=\"og:description\" content=\"Judo Normandie : 1ER INTERD\u00c9PARTEMENTAL SENIORS 2024 - Retour sur la premi\u00e8re comp\u00e9tition seniors de la saison avec de beaux r\u00e9sultats !\" \/>\n<meta property=\"og:url\" content=\"https:\/\/judobernanos.com\/wordpressloevan\/judo-normandie\/\" \/>\n<meta property=\"og:site_name\" content=\"JUDO BERNANOS\" \/>\n<meta property=\"article:publisher\" content=\"https:\/\/www.facebook.com\/judobernanos\" \/>\n<meta property=\"article:published_time\" content=\"2024-02-17T19:27:07+00:00\" \/>\n<meta property=\"article:modified_time\" content=\"2024-02-19T19:30:01+00:00\" \/>\n<meta property=\"og:image\" content=\"https:\/\/judobernanos.com\/wordpressloevan\/wp-content\/uploads\/2024\/02\/Interdepartemental-Seniors-Normandie-Judo-Bernanos-Judo-Le-Havre.jpeg\" \/>\n\t<meta property=\"og:image:width\" content=\"1080\" \/>\n\t<meta property=\"og:image:height\" content=\"1080\" \/>\n\t<meta property=\"og:image:type\" content=\"image\/jpeg\" \/>\n<meta name=\"author\" content=\"bernanos.judo\" \/>\n<meta name=\"twitter:card\" content=\"summary_large_image\" \/>\n<meta name=\"twitter:label1\" content=\"\u00c9crit par\" \/>\n\t<meta name=\"twitter:data1\" content=\"bernanos.judo\" \/>\n\t<meta name=\"twitter:label2\" content=\"Dur\u00e9e de lecture estim\u00e9e\" \/>\n\t<meta name=\"twitter:data2\" content=\"4 minutes\" \/>\n<script type=\"application\/ld+json\" class=\"yoast-schema-graph\">{\"@context\":\"https:\\\/\\\/schema.org\",\"@graph\":[{\"@type\":\"NewsArticle\",\"@id\":\"https:\\\/\\\/judobernanos.com\\\/wordpressloevan\\\/judo-normandie\\\/#article\",\"isPartOf\":{\"@id\":\"https:\\\/\\\/judobernanos.com\\\/wordpressloevan\\\/judo-normandie\\\/\"},\"author\":{\"name\":\"bernanos.judo\",\"@id\":\"https:\\\/\\\/judobernanos.com\\\/wordpressloevan\\\/#\\\/schema\\\/person\\\/64056b852d10cccde427fc555f4abe2d\"},\"headline\":\"1ER INTERD\u00c9PARTEMENTAL SENIORS 2024\",\"datePublished\":\"2024-02-17T19:27:07+00:00\",\"dateModified\":\"2024-02-19T19:30:01+00:00\",\"mainEntityOfPage\":{\"@id\":\"https:\\\/\\\/judobernanos.com\\\/wordpressloevan\\\/judo-normandie\\\/\"},\"wordCount\":163,\"publisher\":{\"@id\":\"https:\\\/\\\/judobernanos.com\\\/wordpressloevan\\\/#organization\"},\"image\":{\"@id\":\"https:\\\/\\\/judobernanos.com\\\/wordpressloevan\\\/judo-normandie\\\/#primaryimage\"},\"thumbnailUrl\":\"https:\\\/\\\/judobernanos.com\\\/wordpressloevan\\\/wp-content\\\/uploads\\\/2024\\\/02\\\/Interdepartemental-Seniors-Normandie-Judo-Bernanos-Judo-Le-Havre.jpeg\",\"inLanguage\":\"fr-FR\"},{\"@type\":\"WebPage\",\"@id\":\"https:\\\/\\\/judobernanos.com\\\/wordpressloevan\\\/judo-normandie\\\/\",\"url\":\"https:\\\/\\\/judobernanos.com\\\/wordpressloevan\\\/judo-normandie\\\/\",\"name\":\"1ER INTERD\u00c9PARTEMENTAL SENIORS 2024 - JUDO BERNANOS\",\"isPartOf\":{\"@id\":\"https:\\\/\\\/judobernanos.com\\\/wordpressloevan\\\/#website\"},\"primaryImageOfPage\":{\"@id\":\"https:\\\/\\\/judobernanos.com\\\/wordpressloevan\\\/judo-normandie\\\/#primaryimage\"},\"image\":{\"@id\":\"https:\\\/\\\/judobernanos.com\\\/wordpressloevan\\\/judo-normandie\\\/#primaryimage\"},\"thumbnailUrl\":\"https:\\\/\\\/judobernanos.com\\\/wordpressloevan\\\/wp-content\\\/uploads\\\/2024\\\/02\\\/Interdepartemental-Seniors-Normandie-Judo-Bernanos-Judo-Le-Havre.jpeg\",\"datePublished\":\"2024-02-17T19:27:07+00:00\",\"dateModified\":\"2024-02-19T19:30:01+00:00\",\"description\":\"Judo Normandie : 1ER INTERD\u00c9PARTEMENTAL SENIORS 2024 - Retour sur la premi\u00e8re comp\u00e9tition seniors de la saison avec de beaux r\u00e9sultats !\",\"breadcrumb\":{\"@id\":\"https:\\\/\\\/judobernanos.com\\\/wordpressloevan\\\/judo-normandie\\\/#breadcrumb\"},\"inLanguage\":\"fr-FR\",\"potentialAction\":[{\"@type\":\"ReadAction\",\"target\":[\"https:\\\/\\\/judobernanos.com\\\/wordpressloevan\\\/judo-normandie\\\/\"]}]},{\"@type\":\"ImageObject\",\"inLanguage\":\"fr-FR\",\"@id\":\"https:\\\/\\\/judobernanos.com\\\/wordpressloevan\\\/judo-normandie\\\/#primaryimage\",\"url\":\"https:\\\/\\\/judobernanos.com\\\/wordpressloevan\\\/wp-content\\\/uploads\\\/2024\\\/02\\\/Interdepartemental-Seniors-Normandie-Judo-Bernanos-Judo-Le-Havre.jpeg\",\"contentUrl\":\"https:\\\/\\\/judobernanos.com\\\/wordpressloevan\\\/wp-content\\\/uploads\\\/2024\\\/02\\\/Interdepartemental-Seniors-Normandie-Judo-Bernanos-Judo-Le-Havre.jpeg\",\"width\":1080,\"height\":1080,\"caption\":\"Interde\u0301partemental Seniors - Normandie Judo - Bernanos Judo Le Havre\"},{\"@type\":\"BreadcrumbList\",\"@id\":\"https:\\\/\\\/judobernanos.com\\\/wordpressloevan\\\/judo-normandie\\\/#breadcrumb\",\"itemListElement\":[{\"@type\":\"ListItem\",\"position\":1,\"name\":\"Accueil\",\"item\":\"https:\\\/\\\/judobernanos.com\\\/wordpressloevan\\\/\"},{\"@type\":\"ListItem\",\"position\":2,\"name\":\"1ER INTERD\u00c9PARTEMENTAL SENIORS 2024\"}]},{\"@type\":\"WebSite\",\"@id\":\"https:\\\/\\\/judobernanos.com\\\/wordpressloevan\\\/#website\",\"url\":\"https:\\\/\\\/judobernanos.com\\\/wordpressloevan\\\/\",\"name\":\"JUDO BERNANOS\",\"description\":\"Le plus ancien club de judo havrais encore en activit\u00e9 .. Depuis 1968\",\"publisher\":{\"@id\":\"https:\\\/\\\/judobernanos.com\\\/wordpressloevan\\\/#organization\"},\"potentialAction\":[{\"@type\":\"SearchAction\",\"target\":{\"@type\":\"EntryPoint\",\"urlTemplate\":\"https:\\\/\\\/judobernanos.com\\\/wordpressloevan\\\/?s={search_term_string}\"},\"query-input\":{\"@type\":\"PropertyValueSpecification\",\"valueRequired\":true,\"valueName\":\"search_term_string\"}}],\"inLanguage\":\"fr-FR\"},{\"@type\":\"Organization\",\"@id\":\"https:\\\/\\\/judobernanos.com\\\/wordpressloevan\\\/#organization\",\"name\":\"Foyer G. Bernanos - Le Havre\",\"alternateName\":\"Judo Bernanos\",\"url\":\"https:\\\/\\\/judobernanos.com\\\/wordpressloevan\\\/\",\"logo\":{\"@type\":\"ImageObject\",\"inLanguage\":\"fr-FR\",\"@id\":\"https:\\\/\\\/judobernanos.com\\\/wordpressloevan\\\/#\\\/schema\\\/logo\\\/image\\\/\",\"url\":\"https:\\\/\\\/judobernanos.com\\\/wordpressloevan\\\/wp-content\\\/uploads\\\/2022\\\/01\\\/cropped-cropped-cropped-IMG_7125.png\",\"contentUrl\":\"https:\\\/\\\/judobernanos.com\\\/wordpressloevan\\\/wp-content\\\/uploads\\\/2022\\\/01\\\/cropped-cropped-cropped-IMG_7125.png\",\"width\":240,\"height\":240,\"caption\":\"Foyer G. Bernanos - Le Havre\"},\"image\":{\"@id\":\"https:\\\/\\\/judobernanos.com\\\/wordpressloevan\\\/#\\\/schema\\\/logo\\\/image\\\/\"},\"sameAs\":[\"https:\\\/\\\/www.facebook.com\\\/judobernanos\",\"https:\\\/\\\/www.instagram.com\\\/bernanos.judo\\\/\",\"https:\\\/\\\/www.youtube.com\\\/channel\\\/UC0ZX9zVT2ICb4Hi63_B9Vfg\"]},{\"@type\":\"Person\",\"@id\":\"https:\\\/\\\/judobernanos.com\\\/wordpressloevan\\\/#\\\/schema\\\/person\\\/64056b852d10cccde427fc555f4abe2d\",\"name\":\"bernanos.judo\",\"image\":{\"@type\":\"ImageObject\",\"inLanguage\":\"fr-FR\",\"@id\":\"https:\\\/\\\/secure.gravatar.com\\\/avatar\\\/2690c5a5885dd2762e74ba20cc34b03ecfa94873704af62313bca5e6a49f9290?s=96&d=blank&r=g\",\"url\":\"https:\\\/\\\/secure.gravatar.com\\\/avatar\\\/2690c5a5885dd2762e74ba20cc34b03ecfa94873704af62313bca5e6a49f9290?s=96&d=blank&r=g\",\"contentUrl\":\"https:\\\/\\\/secure.gravatar.com\\\/avatar\\\/2690c5a5885dd2762e74ba20cc34b03ecfa94873704af62313bca5e6a49f9290?s=96&d=blank&r=g\",\"caption\":\"bernanos.judo\"},\"url\":\"https:\\\/\\\/judobernanos.com\\\/wordpressloevan\\\/author\\\/bernanos-judo\\\/\"}]}<\/script>\n<!-- \/ Yoast SEO plugin. -->","yoast_head_json":{"title":"1ER INTERD\u00c9PARTEMENTAL SENIORS 2024 - JUDO BERNANOS","description":"Judo Normandie : 1ER INTERD\u00c9PARTEMENTAL SENIORS 2024 - Retour sur la premi\u00e8re comp\u00e9tition seniors de la saison avec de beaux r\u00e9sultats !","robots":{"index":"index","follow":"follow","max-snippet":"max-snippet:-1","max-image-preview":"max-image-preview:large","max-video-preview":"max-video-preview:-1"},"canonical":"https:\/\/judobernanos.com\/wordpressloevan\/judo-normandie\/","og_locale":"fr_FR","og_type":"article","og_title":"1ER INTERD\u00c9PARTEMENTAL SENIORS 2024 - JUDO BERNANOS","og_description":"Judo Normandie : 1ER INTERD\u00c9PARTEMENTAL SENIORS 2024 - Retour sur la premi\u00e8re comp\u00e9tition seniors de la saison avec de beaux r\u00e9sultats !","og_url":"https:\/\/judobernanos.com\/wordpressloevan\/judo-normandie\/","og_site_name":"JUDO BERNANOS","article_publisher":"https:\/\/www.facebook.com\/judobernanos","article_published_time":"2024-02-17T19:27:07+00:00","article_modified_time":"2024-02-19T19:30:01+00:00","og_image":[{"width":1080,"height":1080,"url":"https:\/\/judobernanos.com\/wordpressloevan\/wp-content\/uploads\/2024\/02\/Interdepartemental-Seniors-Normandie-Judo-Bernanos-Judo-Le-Havre.jpeg","type":"image\/jpeg"}],"author":"bernanos.judo","twitter_card":"summary_large_image","twitter_misc":{"\u00c9crit par":"bernanos.judo","Dur\u00e9e de lecture estim\u00e9e":"4 minutes"},"schema":{"@context":"https:\/\/schema.org","@graph":[{"@type":"NewsArticle","@id":"https:\/\/judobernanos.com\/wordpressloevan\/judo-normandie\/#article","isPartOf":{"@id":"https:\/\/judobernanos.com\/wordpressloevan\/judo-normandie\/"},"author":{"name":"bernanos.judo","@id":"https:\/\/judobernanos.com\/wordpressloevan\/#\/schema\/person\/64056b852d10cccde427fc555f4abe2d"},"headline":"1ER INTERD\u00c9PARTEMENTAL SENIORS 2024","datePublished":"2024-02-17T19:27:07+00:00","dateModified":"2024-02-19T19:30:01+00:00","mainEntityOfPage":{"@id":"https:\/\/judobernanos.com\/wordpressloevan\/judo-normandie\/"},"wordCount":163,"publisher":{"@id":"https:\/\/judobernanos.com\/wordpressloevan\/#organization"},"image":{"@id":"https:\/\/judobernanos.com\/wordpressloevan\/judo-normandie\/#primaryimage"},"thumbnailUrl":"https:\/\/judobernanos.com\/wordpressloevan\/wp-content\/uploads\/2024\/02\/Interdepartemental-Seniors-Normandie-Judo-Bernanos-Judo-Le-Havre.jpeg","inLanguage":"fr-FR"},{"@type":"WebPage","@id":"https:\/\/judobernanos.com\/wordpressloevan\/judo-normandie\/","url":"https:\/\/judobernanos.com\/wordpressloevan\/judo-normandie\/","name":"1ER INTERD\u00c9PARTEMENTAL SENIORS 2024 - JUDO BERNANOS","isPartOf":{"@id":"https:\/\/judobernanos.com\/wordpressloevan\/#website"},"primaryImageOfPage":{"@id":"https:\/\/judobernanos.com\/wordpressloevan\/judo-normandie\/#primaryimage"},"image":{"@id":"https:\/\/judobernanos.com\/wordpressloevan\/judo-normandie\/#primaryimage"},"thumbnailUrl":"https:\/\/judobernanos.com\/wordpressloevan\/wp-content\/uploads\/2024\/02\/Interdepartemental-Seniors-Normandie-Judo-Bernanos-Judo-Le-Havre.jpeg","datePublished":"2024-02-17T19:27:07+00:00","dateModified":"2024-02-19T19:30:01+00:00","description":"Judo Normandie : 1ER INTERD\u00c9PARTEMENTAL SENIORS 2024 - Retour sur la premi\u00e8re comp\u00e9tition seniors de la saison avec de beaux r\u00e9sultats !","breadcrumb":{"@id":"https:\/\/judobernanos.com\/wordpressloevan\/judo-normandie\/#breadcrumb"},"inLanguage":"fr-FR","potentialAction":[{"@type":"ReadAction","target":["https:\/\/judobernanos.com\/wordpressloevan\/judo-normandie\/"]}]},{"@type":"ImageObject","inLanguage":"fr-FR","@id":"https:\/\/judobernanos.com\/wordpressloevan\/judo-normandie\/#primaryimage","url":"https:\/\/judobernanos.com\/wordpressloevan\/wp-content\/uploads\/2024\/02\/Interdepartemental-Seniors-Normandie-Judo-Bernanos-Judo-Le-Havre.jpeg","contentUrl":"https:\/\/judobernanos.com\/wordpressloevan\/wp-content\/uploads\/2024\/02\/Interdepartemental-Seniors-Normandie-Judo-Bernanos-Judo-Le-Havre.jpeg","width":1080,"height":1080,"caption":"Interde\u0301partemental Seniors - Normandie Judo - Bernanos Judo Le Havre"},{"@type":"BreadcrumbList","@id":"https:\/\/judobernanos.com\/wordpressloevan\/judo-normandie\/#breadcrumb","itemListElement":[{"@type":"ListItem","position":1,"name":"Accueil","item":"https:\/\/judobernanos.com\/wordpressloevan\/"},{"@type":"ListItem","position":2,"name":"1ER INTERD\u00c9PARTEMENTAL SENIORS 2024"}]},{"@type":"WebSite","@id":"https:\/\/judobernanos.com\/wordpressloevan\/#website","url":"https:\/\/judobernanos.com\/wordpressloevan\/","name":"JUDO BERNANOS","description":"Le plus ancien club de judo havrais encore en activit\u00e9 .. Depuis 1968","publisher":{"@id":"https:\/\/judobernanos.com\/wordpressloevan\/#organization"},"potentialAction":[{"@type":"SearchAction","target":{"@type":"EntryPoint","urlTemplate":"https:\/\/judobernanos.com\/wordpressloevan\/?s={search_term_string}"},"query-input":{"@type":"PropertyValueSpecification","valueRequired":true,"valueName":"search_term_string"}}],"inLanguage":"fr-FR"},{"@type":"Organization","@id":"https:\/\/judobernanos.com\/wordpressloevan\/#organization","name":"Foyer G. Bernanos - Le Havre","alternateName":"Judo Bernanos","url":"https:\/\/judobernanos.com\/wordpressloevan\/","logo":{"@type":"ImageObject","inLanguage":"fr-FR","@id":"https:\/\/judobernanos.com\/wordpressloevan\/#\/schema\/logo\/image\/","url":"https:\/\/judobernanos.com\/wordpressloevan\/wp-content\/uploads\/2022\/01\/cropped-cropped-cropped-IMG_7125.png","contentUrl":"https:\/\/judobernanos.com\/wordpressloevan\/wp-content\/uploads\/2022\/01\/cropped-cropped-cropped-IMG_7125.png","width":240,"height":240,"caption":"Foyer G. Bernanos - Le Havre"},"image":{"@id":"https:\/\/judobernanos.com\/wordpressloevan\/#\/schema\/logo\/image\/"},"sameAs":["https:\/\/www.facebook.com\/judobernanos","https:\/\/www.instagram.com\/bernanos.judo\/","https:\/\/www.youtube.com\/channel\/UC0ZX9zVT2ICb4Hi63_B9Vfg"]},{"@type":"Person","@id":"https:\/\/judobernanos.com\/wordpressloevan\/#\/schema\/person\/64056b852d10cccde427fc555f4abe2d","name":"bernanos.judo","image":{"@type":"ImageObject","inLanguage":"fr-FR","@id":"https:\/\/secure.gravatar.com\/avatar\/2690c5a5885dd2762e74ba20cc34b03ecfa94873704af62313bca5e6a49f9290?s=96&d=blank&r=g","url":"https:\/\/secure.gravatar.com\/avatar\/2690c5a5885dd2762e74ba20cc34b03ecfa94873704af62313bca5e6a49f9290?s=96&d=blank&r=g","contentUrl":"https:\/\/secure.gravatar.com\/avatar\/2690c5a5885dd2762e74ba20cc34b03ecfa94873704af62313bca5e6a49f9290?s=96&d=blank&r=g","caption":"bernanos.judo"},"url":"https:\/\/judobernanos.com\/wordpressloevan\/author\/bernanos-judo\/"}]}},"jetpack_featured_media_url":"https:\/\/judobernanos.com\/wordpressloevan\/wp-content\/uploads\/2024\/02\/Interdepartemental-Seniors-Normandie-Judo-Bernanos-Judo-Le-Havre.jpeg","_links":{"self":[{"href":"https:\/\/judobernanos.com\/wordpressloevan\/wp-json\/wp\/v2\/posts\/8139","targetHints":{"allow":["GET"]}}],"collection":[{"href":"https:\/\/judobernanos.com\/wordpressloevan\/wp-json\/wp\/v2\/posts"}],"about":[{"href":"https:\/\/judobernanos.com\/wordpressloevan\/wp-json\/wp\/v2\/types\/post"}],"author":[{"embeddable":true,"href":"https:\/\/judobernanos.com\/wordpressloevan\/wp-json\/wp\/v2\/users\/120"}],"replies":[{"embeddable":true,"href":"https:\/\/judobernanos.com\/wordpressloevan\/wp-json\/wp\/v2\/comments?post=8139"}],"version-history":[{"count":4,"href":"https:\/\/judobernanos.com\/wordpressloevan\/wp-json\/wp\/v2\/posts\/8139\/revisions"}],"predecessor-version":[{"id":8149,"href":"https:\/\/judobernanos.com\/wordpressloevan\/wp-json\/wp\/v2\/posts\/8139\/revisions\/8149"}],"wp:featuredmedia":[{"embeddable":true,"href":"https:\/\/judobernanos.com\/wordpressloevan\/wp-json\/wp\/v2\/media\/8140"}],"wp:attachment":[{"href":"https:\/\/judobernanos.com\/wordpressloevan\/wp-json\/wp\/v2\/media?parent=8139"}],"wp:term":[{"taxonomy":"category","embeddable":true,"href":"https:\/\/judobernanos.com\/wordpressloevan\/wp-json\/wp\/v2\/categories?post=8139"},{"taxonomy":"post_tag","embeddable":true,"href":"https:\/\/judobernanos.com\/wordpressloevan\/wp-json\/wp\/v2\/tags?post=8139"}],"curies":[{"name":"wp","href":"https:\/\/api.w.org\/{rel}","templated":true}]}}