{"id":3432,"date":"2021-11-21T11:57:31","date_gmt":"2021-11-21T10:57:31","guid":{"rendered":"http:\/\/judobernanos.com\/wordpressloevan\/?p=3432"},"modified":"2021-11-21T12:14:33","modified_gmt":"2021-11-21T11:14:33","slug":"reprise-des-competitions-avec-le-championnat-de-normandie-senior","status":"publish","type":"post","link":"https:\/\/judobernanos.com\/wordpressloevan\/reprise-des-competitions-avec-le-championnat-de-normandie-senior\/","title":{"rendered":"Reprise des comp\u00e9titions avec le Championnat de Normandie Senior"},"content":{"rendered":"\t\t<div data-elementor-type=\"wp-post\" data-elementor-id=\"3432\" class=\"elementor elementor-3432\">\n\t\t\t\t\t\t<section class=\"elementor-section elementor-top-section elementor-element elementor-element-a59584f elementor-section-boxed elementor-section-height-default elementor-section-height-default\" data-id=\"a59584f\" data-element_type=\"section\" data-e-type=\"section\">\n\t\t\t\t\t\t<div class=\"elementor-container elementor-column-gap-default\">\n\t\t\t\t\t<div class=\"elementor-column elementor-col-100 elementor-top-column elementor-element elementor-element-bd57f29\" data-id=\"bd57f29\" data-element_type=\"column\" data-e-type=\"column\">\n\t\t\t<div class=\"elementor-widget-wrap elementor-element-populated\">\n\t\t\t\t\t\t<div class=\"elementor-element elementor-element-97f94d9 elementor-widget elementor-widget-text-editor\" data-id=\"97f94d9\" data-element_type=\"widget\" data-e-type=\"widget\" data-widget_type=\"text-editor.default\">\n\t\t\t\t<div class=\"elementor-widget-container\">\n\t\t\t\t\t\t\t\t\t<div class=\"kvgmc6g5 cxmmr5t8 oygrvhab hcukyx3x c1et5uql ii04i59q\"><div dir=\"auto\"><span style=\"color: #000000;\">\u00c7a faisait longtemps.. et \u00e7a fait du bien !<\/span><\/div><div dir=\"auto\">\u00a0<\/div><\/div><div class=\"o9v6fnle cxmmr5t8 oygrvhab hcukyx3x c1et5uql ii04i59q\"><div dir=\"auto\"><span style=\"color: #000000;\">R\u00e9sultats du Championnat de Normandie Seniors qui a eu lieu \u00e0 Pont-Audemer :<\/span><\/div><div dir=\"auto\">\u00a0<\/div><\/div><div class=\"o9v6fnle cxmmr5t8 oygrvhab hcukyx3x c1et5uql ii04i59q\"><div dir=\"auto\"><span style=\"color: #000000;\">Maell Montheard et Loevan Le Coadou terminent 7\u00e8mes. Maell perd en huiti\u00e8me de finale apr\u00e8s avoir gagn\u00e9 son premier combat, gagne ensuite son premier combat de rep\u00eachage et perd celui d\u2019apr\u00e8s. Quant \u00e0 Loevan qui faisait l\u00e0 sa premi\u00e8re comp\u00e9tition en -81kg, il perd en quart de finale apr\u00e8s avoir saut\u00e9 un tour et remport\u00e9 son premier combat, gagne \u00e9galement son premier combat de rep\u00eachage et perd ensuite.<\/span><\/div><div dir=\"auto\">\u00a0<\/div><\/div><div class=\"o9v6fnle cxmmr5t8 oygrvhab hcukyx3x c1et5uql ii04i59q\"><div dir=\"auto\"><span style=\"color: #000000;\">Deux beaux parcours et une reprise qui permet de reprendre de bonnes habitudes mais \u00e9galement voir ce qu\u2019il reste \u00e0 am\u00e9liorer pour le reste de la saison.<\/span><\/div><div dir=\"auto\">\u00a0<\/div><\/div><div class=\"o9v6fnle cxmmr5t8 oygrvhab hcukyx3x c1et5uql ii04i59q\"><div dir=\"auto\"><span style=\"color: #000000;\">Dimanche prochain.. place au circuit r\u00e9gional cadet !<\/span><\/div><\/div>\t\t\t\t\t\t\t\t<\/div>\n\t\t\t\t<\/div>\n\t\t\t\t\t<\/div>\n\t\t<\/div>\n\t\t\t\t\t<\/div>\n\t\t<\/section>\n\t\t\t\t<section class=\"elementor-section elementor-top-section elementor-element elementor-element-216258b elementor-section-boxed elementor-section-height-default elementor-section-height-default\" data-id=\"216258b\" data-element_type=\"section\" data-e-type=\"section\">\n\t\t\t\t\t\t<div class=\"elementor-container elementor-column-gap-default\">\n\t\t\t\t\t<div class=\"elementor-column elementor-col-50 elementor-top-column elementor-element elementor-element-1d60026\" data-id=\"1d60026\" data-element_type=\"column\" data-e-type=\"column\">\n\t\t\t<div class=\"elementor-widget-wrap elementor-element-populated\">\n\t\t\t\t\t\t<div class=\"elementor-element elementor-element-f714d83 elementor-widget__width-inherit elementor-widget elementor-widget-video\" data-id=\"f714d83\" data-element_type=\"widget\" data-e-type=\"widget\" data-settings=\"{&quot;video_type&quot;:&quot;hosted&quot;,&quot;autoplay&quot;:&quot;yes&quot;,&quot;play_on_mobile&quot;:&quot;yes&quot;,&quot;controls&quot;:&quot;yes&quot;}\" data-widget_type=\"video.default\">\n\t\t\t\t<div class=\"elementor-widget-container\">\n\t\t\t\t\t\t\t<div class=\"e-hosted-video elementor-wrapper elementor-open-inline\">\n\t\t\t\t\t<video class=\"elementor-video\" src=\"http:\/\/judobernanos.com\/wordpressloevan\/wp-content\/uploads\/2021\/11\/joined_video_b06748320a7d47eca0208f815326ec28-1.mp4\" autoplay=\"\" controls=\"\" playsinline=\"\" controlsList=\"nodownload\"><\/video>\n\t\t\t\t<\/div>\n\t\t\t\t\t\t<\/div>\n\t\t\t\t<\/div>\n\t\t\t\t\t<\/div>\n\t\t<\/div>\n\t\t\t\t<div class=\"elementor-column elementor-col-50 elementor-top-column elementor-element elementor-element-a766499\" data-id=\"a766499\" data-element_type=\"column\" data-e-type=\"column\">\n\t\t\t<div class=\"elementor-widget-wrap elementor-element-populated\">\n\t\t\t\t\t\t<div class=\"elementor-element elementor-element-6b9f2cc elementor-widget elementor-widget-video\" data-id=\"6b9f2cc\" data-element_type=\"widget\" data-e-type=\"widget\" data-settings=\"{&quot;video_type&quot;:&quot;hosted&quot;,&quot;autoplay&quot;:&quot;yes&quot;,&quot;play_on_mobile&quot;:&quot;yes&quot;,&quot;controls&quot;:&quot;yes&quot;}\" data-widget_type=\"video.default\">\n\t\t\t\t<div class=\"elementor-widget-container\">\n\t\t\t\t\t\t\t<div class=\"e-hosted-video elementor-wrapper elementor-open-inline\">\n\t\t\t\t\t<video class=\"elementor-video\" src=\"http:\/\/judobernanos.com\/wordpressloevan\/wp-content\/uploads\/2021\/11\/IMG_2262.mov\" autoplay=\"\" controls=\"\" playsinline=\"\" controlsList=\"nodownload\"><\/video>\n\t\t\t\t<\/div>\n\t\t\t\t\t\t<\/div>\n\t\t\t\t<\/div>\n\t\t\t\t\t<\/div>\n\t\t<\/div>\n\t\t\t\t\t<\/div>\n\t\t<\/section>\n\t\t\t\t<section class=\"elementor-section elementor-top-section elementor-element elementor-element-06c8607 elementor-section-boxed elementor-section-height-default elementor-section-height-default\" data-id=\"06c8607\" data-element_type=\"section\" data-e-type=\"section\">\n\t\t\t\t\t\t<div class=\"elementor-container elementor-column-gap-default\">\n\t\t\t\t\t<div class=\"elementor-column elementor-col-100 elementor-top-column elementor-element elementor-element-9e1d833\" data-id=\"9e1d833\" data-element_type=\"column\" data-e-type=\"column\">\n\t\t\t<div class=\"elementor-widget-wrap elementor-element-populated\">\n\t\t\t\t\t\t<div class=\"elementor-element elementor-element-ce2c5fc elementor-widget-divider--view-line elementor-widget elementor-widget-divider\" data-id=\"ce2c5fc\" data-element_type=\"widget\" data-e-type=\"widget\" data-widget_type=\"divider.default\">\n\t\t\t\t<div class=\"elementor-widget-container\">\n\t\t\t\t\t\t\t<div class=\"elementor-divider\">\n\t\t\t<span class=\"elementor-divider-separator\">\n\t\t\t\t\t\t<\/span>\n\t\t<\/div>\n\t\t\t\t\t\t<\/div>\n\t\t\t\t<\/div>\n\t\t\t\t\t<\/div>\n\t\t<\/div>\n\t\t\t\t\t<\/div>\n\t\t<\/section>\n\t\t\t\t<\/div>\n\t\t","protected":false},"excerpt":{"rendered":"<p>\u00c7a faisait longtemps.. et \u00e7a fait du bien !\u00a0R\u00e9sultats du Championnat de Normandie Seniors qui a eu lieu \u00e0 Pont-Audemer :\u00a0Maell Montheard et Loevan Le Coadou terminent 7\u00e8mes. Maell perd en huiti\u00e8me de finale apr\u00e8s avoir gagn\u00e9 son premier combat, gagne ensuite son premier combat de rep\u00eachage et perd celui d\u2019apr\u00e8s. Quant \u00e0 Loevan qui&hellip;&nbsp;<a href=\"https:\/\/judobernanos.com\/wordpressloevan\/reprise-des-competitions-avec-le-championnat-de-normandie-senior\/\" rel=\"bookmark\"><span class=\"screen-reader-text\">Reprise des comp\u00e9titions avec le Championnat de Normandie Senior<\/span><\/a><\/p>\n","protected":false},"author":1,"featured_media":3433,"comment_status":"closed","ping_status":"closed","sticky":false,"template":"","format":"standard","meta":{"_monsterinsights_skip_tracking":false,"_monsterinsights_sitenote_active":false,"_monsterinsights_sitenote_note":"","_monsterinsights_sitenote_category":0,"neve_meta_sidebar":"","neve_meta_container":"","neve_meta_enable_content_width":"","neve_meta_content_width":0,"neve_meta_title_alignment":"","neve_meta_author_avatar":"","neve_post_elements_order":"","neve_meta_disable_header":"","neve_meta_disable_footer":"","neve_meta_disable_title":"","footnotes":""},"categories":[1],"tags":[],"class_list":["post-3432","post","type-post","status-publish","format-standard","has-post-thumbnail","hentry","category-non-classe"],"yoast_head":"<!-- This site is optimized with the Yoast SEO plugin v27.5 - https:\/\/yoast.com\/product\/yoast-seo-wordpress\/ -->\n<title>Reprise des comp\u00e9titions avec le Championnat de Normandie Senior - JUDO BERNANOS<\/title>\n<meta name=\"description\" content=\"Reprise des comp\u00e9titions avec le Championnat de Normandie Senior\" \/>\n<meta name=\"robots\" content=\"index, follow, max-snippet:-1, max-image-preview:large, max-video-preview:-1\" \/>\n<link rel=\"canonical\" href=\"https:\/\/judobernanos.com\/wordpressloevan\/reprise-des-competitions-avec-le-championnat-de-normandie-senior\/\" \/>\n<meta property=\"og:locale\" content=\"fr_FR\" \/>\n<meta property=\"og:type\" content=\"article\" \/>\n<meta property=\"og:title\" content=\"Reprise des comp\u00e9titions avec le Championnat de Normandie Senior - JUDO BERNANOS\" \/>\n<meta property=\"og:description\" content=\"Reprise des comp\u00e9titions avec le Championnat de Normandie Senior\" \/>\n<meta property=\"og:url\" content=\"https:\/\/judobernanos.com\/wordpressloevan\/reprise-des-competitions-avec-le-championnat-de-normandie-senior\/\" \/>\n<meta property=\"og:site_name\" content=\"JUDO BERNANOS\" \/>\n<meta property=\"article:publisher\" content=\"https:\/\/www.facebook.com\/judobernanos\" \/>\n<meta property=\"article:published_time\" content=\"2021-11-21T10:57:31+00:00\" \/>\n<meta property=\"article:modified_time\" content=\"2021-11-21T11:14:33+00:00\" \/>\n<meta property=\"og:image\" content=\"https:\/\/judobernanos.com\/wordpressloevan\/wp-content\/uploads\/2021\/11\/IMG_6662.jpg\" \/>\n\t<meta property=\"og:image:width\" content=\"1104\" \/>\n\t<meta property=\"og:image:height\" content=\"828\" \/>\n\t<meta property=\"og:image:type\" content=\"image\/jpeg\" \/>\n<meta name=\"author\" content=\"2LC PRODUCTION\" \/>\n<meta name=\"twitter:card\" content=\"summary_large_image\" \/>\n<meta name=\"twitter:label1\" content=\"\u00c9crit par\" \/>\n\t<meta name=\"twitter:data1\" content=\"2LC PRODUCTION\" \/>\n\t<meta name=\"twitter:label2\" content=\"Dur\u00e9e de lecture estim\u00e9e\" \/>\n\t<meta name=\"twitter:data2\" content=\"1 minute\" \/>\n<script type=\"application\/ld+json\" class=\"yoast-schema-graph\">{\"@context\":\"https:\\\/\\\/schema.org\",\"@graph\":[{\"@type\":\"NewsArticle\",\"@id\":\"https:\\\/\\\/judobernanos.com\\\/wordpressloevan\\\/reprise-des-competitions-avec-le-championnat-de-normandie-senior\\\/#article\",\"isPartOf\":{\"@id\":\"https:\\\/\\\/judobernanos.com\\\/wordpressloevan\\\/reprise-des-competitions-avec-le-championnat-de-normandie-senior\\\/\"},\"author\":{\"name\":\"2LC PRODUCTION\",\"@id\":\"https:\\\/\\\/judobernanos.com\\\/wordpressloevan\\\/#\\\/schema\\\/person\\\/f86d6ca3df5a00fc051374fbaefe9c4b\"},\"headline\":\"Reprise des comp\u00e9titions avec le Championnat de Normandie Senior\",\"datePublished\":\"2021-11-21T10:57:31+00:00\",\"dateModified\":\"2021-11-21T11:14:33+00:00\",\"mainEntityOfPage\":{\"@id\":\"https:\\\/\\\/judobernanos.com\\\/wordpressloevan\\\/reprise-des-competitions-avec-le-championnat-de-normandie-senior\\\/\"},\"wordCount\":167,\"publisher\":{\"@id\":\"https:\\\/\\\/judobernanos.com\\\/wordpressloevan\\\/#organization\"},\"image\":{\"@id\":\"https:\\\/\\\/judobernanos.com\\\/wordpressloevan\\\/reprise-des-competitions-avec-le-championnat-de-normandie-senior\\\/#primaryimage\"},\"thumbnailUrl\":\"https:\\\/\\\/judobernanos.com\\\/wordpressloevan\\\/wp-content\\\/uploads\\\/2021\\\/11\\\/IMG_6662.jpg\",\"inLanguage\":\"fr-FR\"},{\"@type\":\"WebPage\",\"@id\":\"https:\\\/\\\/judobernanos.com\\\/wordpressloevan\\\/reprise-des-competitions-avec-le-championnat-de-normandie-senior\\\/\",\"url\":\"https:\\\/\\\/judobernanos.com\\\/wordpressloevan\\\/reprise-des-competitions-avec-le-championnat-de-normandie-senior\\\/\",\"name\":\"Reprise des comp\u00e9titions avec le Championnat de Normandie Senior - JUDO BERNANOS\",\"isPartOf\":{\"@id\":\"https:\\\/\\\/judobernanos.com\\\/wordpressloevan\\\/#website\"},\"primaryImageOfPage\":{\"@id\":\"https:\\\/\\\/judobernanos.com\\\/wordpressloevan\\\/reprise-des-competitions-avec-le-championnat-de-normandie-senior\\\/#primaryimage\"},\"image\":{\"@id\":\"https:\\\/\\\/judobernanos.com\\\/wordpressloevan\\\/reprise-des-competitions-avec-le-championnat-de-normandie-senior\\\/#primaryimage\"},\"thumbnailUrl\":\"https:\\\/\\\/judobernanos.com\\\/wordpressloevan\\\/wp-content\\\/uploads\\\/2021\\\/11\\\/IMG_6662.jpg\",\"datePublished\":\"2021-11-21T10:57:31+00:00\",\"dateModified\":\"2021-11-21T11:14:33+00:00\",\"description\":\"Reprise des comp\u00e9titions avec le Championnat de Normandie Senior\",\"breadcrumb\":{\"@id\":\"https:\\\/\\\/judobernanos.com\\\/wordpressloevan\\\/reprise-des-competitions-avec-le-championnat-de-normandie-senior\\\/#breadcrumb\"},\"inLanguage\":\"fr-FR\",\"potentialAction\":[{\"@type\":\"ReadAction\",\"target\":[\"https:\\\/\\\/judobernanos.com\\\/wordpressloevan\\\/reprise-des-competitions-avec-le-championnat-de-normandie-senior\\\/\"]}]},{\"@type\":\"ImageObject\",\"inLanguage\":\"fr-FR\",\"@id\":\"https:\\\/\\\/judobernanos.com\\\/wordpressloevan\\\/reprise-des-competitions-avec-le-championnat-de-normandie-senior\\\/#primaryimage\",\"url\":\"https:\\\/\\\/judobernanos.com\\\/wordpressloevan\\\/wp-content\\\/uploads\\\/2021\\\/11\\\/IMG_6662.jpg\",\"contentUrl\":\"https:\\\/\\\/judobernanos.com\\\/wordpressloevan\\\/wp-content\\\/uploads\\\/2021\\\/11\\\/IMG_6662.jpg\",\"width\":1104,\"height\":828},{\"@type\":\"BreadcrumbList\",\"@id\":\"https:\\\/\\\/judobernanos.com\\\/wordpressloevan\\\/reprise-des-competitions-avec-le-championnat-de-normandie-senior\\\/#breadcrumb\",\"itemListElement\":[{\"@type\":\"ListItem\",\"position\":1,\"name\":\"Accueil\",\"item\":\"https:\\\/\\\/judobernanos.com\\\/wordpressloevan\\\/\"},{\"@type\":\"ListItem\",\"position\":2,\"name\":\"Reprise des comp\u00e9titions avec le Championnat de Normandie Senior\"}]},{\"@type\":\"WebSite\",\"@id\":\"https:\\\/\\\/judobernanos.com\\\/wordpressloevan\\\/#website\",\"url\":\"https:\\\/\\\/judobernanos.com\\\/wordpressloevan\\\/\",\"name\":\"JUDO BERNANOS\",\"description\":\"Le plus ancien club de judo havrais encore en activit\u00e9 .. Depuis 1968\",\"publisher\":{\"@id\":\"https:\\\/\\\/judobernanos.com\\\/wordpressloevan\\\/#organization\"},\"potentialAction\":[{\"@type\":\"SearchAction\",\"target\":{\"@type\":\"EntryPoint\",\"urlTemplate\":\"https:\\\/\\\/judobernanos.com\\\/wordpressloevan\\\/?s={search_term_string}\"},\"query-input\":{\"@type\":\"PropertyValueSpecification\",\"valueRequired\":true,\"valueName\":\"search_term_string\"}}],\"inLanguage\":\"fr-FR\"},{\"@type\":\"Organization\",\"@id\":\"https:\\\/\\\/judobernanos.com\\\/wordpressloevan\\\/#organization\",\"name\":\"Foyer G. Bernanos - Le Havre\",\"alternateName\":\"Judo Bernanos\",\"url\":\"https:\\\/\\\/judobernanos.com\\\/wordpressloevan\\\/\",\"logo\":{\"@type\":\"ImageObject\",\"inLanguage\":\"fr-FR\",\"@id\":\"https:\\\/\\\/judobernanos.com\\\/wordpressloevan\\\/#\\\/schema\\\/logo\\\/image\\\/\",\"url\":\"https:\\\/\\\/judobernanos.com\\\/wordpressloevan\\\/wp-content\\\/uploads\\\/2022\\\/01\\\/cropped-cropped-cropped-IMG_7125.png\",\"contentUrl\":\"https:\\\/\\\/judobernanos.com\\\/wordpressloevan\\\/wp-content\\\/uploads\\\/2022\\\/01\\\/cropped-cropped-cropped-IMG_7125.png\",\"width\":240,\"height\":240,\"caption\":\"Foyer G. Bernanos - Le Havre\"},\"image\":{\"@id\":\"https:\\\/\\\/judobernanos.com\\\/wordpressloevan\\\/#\\\/schema\\\/logo\\\/image\\\/\"},\"sameAs\":[\"https:\\\/\\\/www.facebook.com\\\/judobernanos\",\"https:\\\/\\\/www.instagram.com\\\/bernanos.judo\\\/\",\"https:\\\/\\\/www.youtube.com\\\/channel\\\/UC0ZX9zVT2ICb4Hi63_B9Vfg\"]},{\"@type\":\"Person\",\"@id\":\"https:\\\/\\\/judobernanos.com\\\/wordpressloevan\\\/#\\\/schema\\\/person\\\/f86d6ca3df5a00fc051374fbaefe9c4b\",\"name\":\"2LC PRODUCTION\",\"image\":{\"@type\":\"ImageObject\",\"inLanguage\":\"fr-FR\",\"@id\":\"https:\\\/\\\/secure.gravatar.com\\\/avatar\\\/1fef15fe76895241c9a181c7f4695d8d8150598584cecf50ff7ec35da070b3f3?s=96&d=blank&r=g\",\"url\":\"https:\\\/\\\/secure.gravatar.com\\\/avatar\\\/1fef15fe76895241c9a181c7f4695d8d8150598584cecf50ff7ec35da070b3f3?s=96&d=blank&r=g\",\"contentUrl\":\"https:\\\/\\\/secure.gravatar.com\\\/avatar\\\/1fef15fe76895241c9a181c7f4695d8d8150598584cecf50ff7ec35da070b3f3?s=96&d=blank&r=g\",\"caption\":\"2LC PRODUCTION\"},\"sameAs\":[\"http:\\\/\\\/judobernanos.com\\\/wordpressloevan\"],\"url\":\"https:\\\/\\\/judobernanos.com\\\/wordpressloevan\\\/author\\\/lolo_lcd\\\/\"}]}<\/script>\n<!-- \/ Yoast SEO plugin. -->","yoast_head_json":{"title":"Reprise des comp\u00e9titions avec le Championnat de Normandie Senior - JUDO BERNANOS","description":"Reprise des comp\u00e9titions avec le Championnat de Normandie Senior","robots":{"index":"index","follow":"follow","max-snippet":"max-snippet:-1","max-image-preview":"max-image-preview:large","max-video-preview":"max-video-preview:-1"},"canonical":"https:\/\/judobernanos.com\/wordpressloevan\/reprise-des-competitions-avec-le-championnat-de-normandie-senior\/","og_locale":"fr_FR","og_type":"article","og_title":"Reprise des comp\u00e9titions avec le Championnat de Normandie Senior - JUDO BERNANOS","og_description":"Reprise des comp\u00e9titions avec le Championnat de Normandie Senior","og_url":"https:\/\/judobernanos.com\/wordpressloevan\/reprise-des-competitions-avec-le-championnat-de-normandie-senior\/","og_site_name":"JUDO BERNANOS","article_publisher":"https:\/\/www.facebook.com\/judobernanos","article_published_time":"2021-11-21T10:57:31+00:00","article_modified_time":"2021-11-21T11:14:33+00:00","og_image":[{"width":1104,"height":828,"url":"https:\/\/judobernanos.com\/wordpressloevan\/wp-content\/uploads\/2021\/11\/IMG_6662.jpg","type":"image\/jpeg"}],"author":"2LC PRODUCTION","twitter_card":"summary_large_image","twitter_misc":{"\u00c9crit par":"2LC PRODUCTION","Dur\u00e9e de lecture estim\u00e9e":"1 minute"},"schema":{"@context":"https:\/\/schema.org","@graph":[{"@type":"NewsArticle","@id":"https:\/\/judobernanos.com\/wordpressloevan\/reprise-des-competitions-avec-le-championnat-de-normandie-senior\/#article","isPartOf":{"@id":"https:\/\/judobernanos.com\/wordpressloevan\/reprise-des-competitions-avec-le-championnat-de-normandie-senior\/"},"author":{"name":"2LC PRODUCTION","@id":"https:\/\/judobernanos.com\/wordpressloevan\/#\/schema\/person\/f86d6ca3df5a00fc051374fbaefe9c4b"},"headline":"Reprise des comp\u00e9titions avec le Championnat de Normandie Senior","datePublished":"2021-11-21T10:57:31+00:00","dateModified":"2021-11-21T11:14:33+00:00","mainEntityOfPage":{"@id":"https:\/\/judobernanos.com\/wordpressloevan\/reprise-des-competitions-avec-le-championnat-de-normandie-senior\/"},"wordCount":167,"publisher":{"@id":"https:\/\/judobernanos.com\/wordpressloevan\/#organization"},"image":{"@id":"https:\/\/judobernanos.com\/wordpressloevan\/reprise-des-competitions-avec-le-championnat-de-normandie-senior\/#primaryimage"},"thumbnailUrl":"https:\/\/judobernanos.com\/wordpressloevan\/wp-content\/uploads\/2021\/11\/IMG_6662.jpg","inLanguage":"fr-FR"},{"@type":"WebPage","@id":"https:\/\/judobernanos.com\/wordpressloevan\/reprise-des-competitions-avec-le-championnat-de-normandie-senior\/","url":"https:\/\/judobernanos.com\/wordpressloevan\/reprise-des-competitions-avec-le-championnat-de-normandie-senior\/","name":"Reprise des comp\u00e9titions avec le Championnat de Normandie Senior - JUDO BERNANOS","isPartOf":{"@id":"https:\/\/judobernanos.com\/wordpressloevan\/#website"},"primaryImageOfPage":{"@id":"https:\/\/judobernanos.com\/wordpressloevan\/reprise-des-competitions-avec-le-championnat-de-normandie-senior\/#primaryimage"},"image":{"@id":"https:\/\/judobernanos.com\/wordpressloevan\/reprise-des-competitions-avec-le-championnat-de-normandie-senior\/#primaryimage"},"thumbnailUrl":"https:\/\/judobernanos.com\/wordpressloevan\/wp-content\/uploads\/2021\/11\/IMG_6662.jpg","datePublished":"2021-11-21T10:57:31+00:00","dateModified":"2021-11-21T11:14:33+00:00","description":"Reprise des comp\u00e9titions avec le Championnat de Normandie Senior","breadcrumb":{"@id":"https:\/\/judobernanos.com\/wordpressloevan\/reprise-des-competitions-avec-le-championnat-de-normandie-senior\/#breadcrumb"},"inLanguage":"fr-FR","potentialAction":[{"@type":"ReadAction","target":["https:\/\/judobernanos.com\/wordpressloevan\/reprise-des-competitions-avec-le-championnat-de-normandie-senior\/"]}]},{"@type":"ImageObject","inLanguage":"fr-FR","@id":"https:\/\/judobernanos.com\/wordpressloevan\/reprise-des-competitions-avec-le-championnat-de-normandie-senior\/#primaryimage","url":"https:\/\/judobernanos.com\/wordpressloevan\/wp-content\/uploads\/2021\/11\/IMG_6662.jpg","contentUrl":"https:\/\/judobernanos.com\/wordpressloevan\/wp-content\/uploads\/2021\/11\/IMG_6662.jpg","width":1104,"height":828},{"@type":"BreadcrumbList","@id":"https:\/\/judobernanos.com\/wordpressloevan\/reprise-des-competitions-avec-le-championnat-de-normandie-senior\/#breadcrumb","itemListElement":[{"@type":"ListItem","position":1,"name":"Accueil","item":"https:\/\/judobernanos.com\/wordpressloevan\/"},{"@type":"ListItem","position":2,"name":"Reprise des comp\u00e9titions avec le Championnat de Normandie Senior"}]},{"@type":"WebSite","@id":"https:\/\/judobernanos.com\/wordpressloevan\/#website","url":"https:\/\/judobernanos.com\/wordpressloevan\/","name":"JUDO BERNANOS","description":"Le plus ancien club de judo havrais encore en activit\u00e9 .. Depuis 1968","publisher":{"@id":"https:\/\/judobernanos.com\/wordpressloevan\/#organization"},"potentialAction":[{"@type":"SearchAction","target":{"@type":"EntryPoint","urlTemplate":"https:\/\/judobernanos.com\/wordpressloevan\/?s={search_term_string}"},"query-input":{"@type":"PropertyValueSpecification","valueRequired":true,"valueName":"search_term_string"}}],"inLanguage":"fr-FR"},{"@type":"Organization","@id":"https:\/\/judobernanos.com\/wordpressloevan\/#organization","name":"Foyer G. Bernanos - Le Havre","alternateName":"Judo Bernanos","url":"https:\/\/judobernanos.com\/wordpressloevan\/","logo":{"@type":"ImageObject","inLanguage":"fr-FR","@id":"https:\/\/judobernanos.com\/wordpressloevan\/#\/schema\/logo\/image\/","url":"https:\/\/judobernanos.com\/wordpressloevan\/wp-content\/uploads\/2022\/01\/cropped-cropped-cropped-IMG_7125.png","contentUrl":"https:\/\/judobernanos.com\/wordpressloevan\/wp-content\/uploads\/2022\/01\/cropped-cropped-cropped-IMG_7125.png","width":240,"height":240,"caption":"Foyer G. Bernanos - Le Havre"},"image":{"@id":"https:\/\/judobernanos.com\/wordpressloevan\/#\/schema\/logo\/image\/"},"sameAs":["https:\/\/www.facebook.com\/judobernanos","https:\/\/www.instagram.com\/bernanos.judo\/","https:\/\/www.youtube.com\/channel\/UC0ZX9zVT2ICb4Hi63_B9Vfg"]},{"@type":"Person","@id":"https:\/\/judobernanos.com\/wordpressloevan\/#\/schema\/person\/f86d6ca3df5a00fc051374fbaefe9c4b","name":"2LC PRODUCTION","image":{"@type":"ImageObject","inLanguage":"fr-FR","@id":"https:\/\/secure.gravatar.com\/avatar\/1fef15fe76895241c9a181c7f4695d8d8150598584cecf50ff7ec35da070b3f3?s=96&d=blank&r=g","url":"https:\/\/secure.gravatar.com\/avatar\/1fef15fe76895241c9a181c7f4695d8d8150598584cecf50ff7ec35da070b3f3?s=96&d=blank&r=g","contentUrl":"https:\/\/secure.gravatar.com\/avatar\/1fef15fe76895241c9a181c7f4695d8d8150598584cecf50ff7ec35da070b3f3?s=96&d=blank&r=g","caption":"2LC PRODUCTION"},"sameAs":["http:\/\/judobernanos.com\/wordpressloevan"],"url":"https:\/\/judobernanos.com\/wordpressloevan\/author\/lolo_lcd\/"}]}},"jetpack_featured_media_url":"https:\/\/judobernanos.com\/wordpressloevan\/wp-content\/uploads\/2021\/11\/IMG_6662.jpg","_links":{"self":[{"href":"https:\/\/judobernanos.com\/wordpressloevan\/wp-json\/wp\/v2\/posts\/3432","targetHints":{"allow":["GET"]}}],"collection":[{"href":"https:\/\/judobernanos.com\/wordpressloevan\/wp-json\/wp\/v2\/posts"}],"about":[{"href":"https:\/\/judobernanos.com\/wordpressloevan\/wp-json\/wp\/v2\/types\/post"}],"author":[{"embeddable":true,"href":"https:\/\/judobernanos.com\/wordpressloevan\/wp-json\/wp\/v2\/users\/1"}],"replies":[{"embeddable":true,"href":"https:\/\/judobernanos.com\/wordpressloevan\/wp-json\/wp\/v2\/comments?post=3432"}],"version-history":[{"count":4,"href":"https:\/\/judobernanos.com\/wordpressloevan\/wp-json\/wp\/v2\/posts\/3432\/revisions"}],"predecessor-version":[{"id":3462,"href":"https:\/\/judobernanos.com\/wordpressloevan\/wp-json\/wp\/v2\/posts\/3432\/revisions\/3462"}],"wp:featuredmedia":[{"embeddable":true,"href":"https:\/\/judobernanos.com\/wordpressloevan\/wp-json\/wp\/v2\/media\/3433"}],"wp:attachment":[{"href":"https:\/\/judobernanos.com\/wordpressloevan\/wp-json\/wp\/v2\/media?parent=3432"}],"wp:term":[{"taxonomy":"category","embeddable":true,"href":"https:\/\/judobernanos.com\/wordpressloevan\/wp-json\/wp\/v2\/categories?post=3432"},{"taxonomy":"post_tag","embeddable":true,"href":"https:\/\/judobernanos.com\/wordpressloevan\/wp-json\/wp\/v2\/tags?post=3432"}],"curies":[{"name":"wp","href":"https:\/\/api.w.org\/{rel}","templated":true}]}}