{"id":3424,"date":"2021-11-21T11:44:18","date_gmt":"2021-11-21T10:44:18","guid":{"rendered":"http:\/\/judobernanos.com\/wordpressloevan\/?p=3424"},"modified":"2021-11-21T11:49:39","modified_gmt":"2021-11-21T10:49:39","slug":"les-competitions-reprennent-pour-nos-cadets","status":"publish","type":"post","link":"https:\/\/judobernanos.com\/wordpressloevan\/les-competitions-reprennent-pour-nos-cadets\/","title":{"rendered":"Les comp\u00e9titions reprennent pour nos cadets"},"content":{"rendered":"\t\t<div data-elementor-type=\"wp-post\" data-elementor-id=\"3424\" class=\"elementor elementor-3424\">\n\t\t\t\t\t\t<section class=\"elementor-section elementor-top-section elementor-element elementor-element-11edcbb elementor-section-boxed elementor-section-height-default elementor-section-height-default\" data-id=\"11edcbb\" data-element_type=\"section\" data-e-type=\"section\">\n\t\t\t\t\t\t<div class=\"elementor-container elementor-column-gap-default\">\n\t\t\t\t\t<div class=\"elementor-column elementor-col-100 elementor-top-column elementor-element elementor-element-24ce149\" data-id=\"24ce149\" data-element_type=\"column\" data-e-type=\"column\">\n\t\t\t<div class=\"elementor-widget-wrap elementor-element-populated\">\n\t\t\t\t\t\t<div class=\"elementor-element elementor-element-c6e0c3f elementor-widget-divider--view-line elementor-widget elementor-widget-divider\" data-id=\"c6e0c3f\" data-element_type=\"widget\" data-e-type=\"widget\" data-widget_type=\"divider.default\">\n\t\t\t\t<div class=\"elementor-widget-container\">\n\t\t\t\t\t\t\t<div class=\"elementor-divider\">\n\t\t\t<span class=\"elementor-divider-separator\">\n\t\t\t\t\t\t<\/span>\n\t\t<\/div>\n\t\t\t\t\t\t<\/div>\n\t\t\t\t<\/div>\n\t\t\t\t\t<\/div>\n\t\t<\/div>\n\t\t\t\t\t<\/div>\n\t\t<\/section>\n\t\t\t\t<section class=\"elementor-section elementor-top-section elementor-element elementor-element-d1f4a09 elementor-section-boxed elementor-section-height-default elementor-section-height-default\" data-id=\"d1f4a09\" data-element_type=\"section\" data-e-type=\"section\">\n\t\t\t\t\t\t<div class=\"elementor-container elementor-column-gap-default\">\n\t\t\t\t\t<div class=\"elementor-column elementor-col-33 elementor-top-column elementor-element elementor-element-44c7176\" data-id=\"44c7176\" data-element_type=\"column\" data-e-type=\"column\">\n\t\t\t<div class=\"elementor-widget-wrap elementor-element-populated\">\n\t\t\t\t\t\t<div class=\"elementor-element elementor-element-f031c0e elementor-widget__width-inherit elementor-widget elementor-widget-video\" data-id=\"f031c0e\" data-element_type=\"widget\" data-e-type=\"widget\" data-settings=\"{&quot;video_type&quot;:&quot;hosted&quot;,&quot;autoplay&quot;:&quot;yes&quot;,&quot;play_on_mobile&quot;:&quot;yes&quot;,&quot;controls&quot;:&quot;yes&quot;}\" data-widget_type=\"video.default\">\n\t\t\t\t<div class=\"elementor-widget-container\">\n\t\t\t\t\t\t\t<div class=\"e-hosted-video elementor-wrapper elementor-open-inline\">\n\t\t\t\t\t<video class=\"elementor-video\" src=\"http:\/\/judobernanos.com\/wordpressloevan\/wp-content\/uploads\/2021\/11\/cb8d7a2861f34fdeb5d6209838573da2.mov\" autoplay=\"\" controls=\"\" playsinline=\"\" controlsList=\"nodownload\"><\/video>\n\t\t\t\t<\/div>\n\t\t\t\t\t\t<\/div>\n\t\t\t\t<\/div>\n\t\t\t\t\t<\/div>\n\t\t<\/div>\n\t\t\t\t<div class=\"elementor-column elementor-col-33 elementor-top-column elementor-element elementor-element-41568bd\" data-id=\"41568bd\" data-element_type=\"column\" data-e-type=\"column\">\n\t\t\t<div class=\"elementor-widget-wrap elementor-element-populated\">\n\t\t\t\t\t\t<div class=\"elementor-element elementor-element-eddfff7 elementor-widget elementor-widget-text-editor\" data-id=\"eddfff7\" data-element_type=\"widget\" data-e-type=\"widget\" data-widget_type=\"text-editor.default\">\n\t\t\t\t<div class=\"elementor-widget-container\">\n\t\t\t\t\t\t\t\t\t<p><span style=\"color: #000000;\">Bilan du premier tournoi du circuit r\u00e9gional cadets : sur les trois cadets pr\u00e9sents, deux sortent des poules qualificatives pour aller en tableau.<\/span><\/p><p><span style=\"color: #000000;\"> Bixente par manque de confiance ou de rep\u00e8res n\u2019y arrive pas mais cela servira de base de travail et de motivation pour la suite. Enzo et Sacha n\u2019arrivent pas \u00e0 se hisser dans le carr\u00e9 final et \u00e9chouent en rep\u00eachage. L\u00e0 aussi des rep\u00e8res pour la suite. <\/span><\/p><p><span style=\"color: #000000;\">Il y a du travail\u2026 comme toujours et c\u2019est cela qui est int\u00e9ressant. <\/span><\/p><p><span style=\"color: #000000;\">Merci au groupe de supporters venus voir leur camarades d\u2019entra\u00eenement.<\/span><\/p>\t\t\t\t\t\t\t\t<\/div>\n\t\t\t\t<\/div>\n\t\t\t\t\t<\/div>\n\t\t<\/div>\n\t\t\t\t<div class=\"elementor-column elementor-col-33 elementor-top-column elementor-element elementor-element-3b227a4\" data-id=\"3b227a4\" data-element_type=\"column\" data-e-type=\"column\">\n\t\t\t<div class=\"elementor-widget-wrap elementor-element-populated\">\n\t\t\t\t\t\t<div class=\"elementor-element elementor-element-62de4b0 elementor-widget__width-inherit elementor-widget elementor-widget-video\" data-id=\"62de4b0\" data-element_type=\"widget\" data-e-type=\"widget\" data-settings=\"{&quot;video_type&quot;:&quot;hosted&quot;,&quot;autoplay&quot;:&quot;yes&quot;,&quot;play_on_mobile&quot;:&quot;yes&quot;,&quot;controls&quot;:&quot;yes&quot;}\" data-widget_type=\"video.default\">\n\t\t\t\t<div class=\"elementor-widget-container\">\n\t\t\t\t\t\t\t<div class=\"e-hosted-video elementor-wrapper elementor-open-inline\">\n\t\t\t\t\t<video class=\"elementor-video\" src=\"http:\/\/judobernanos.com\/wordpressloevan\/wp-content\/uploads\/2021\/11\/1644484d736b43c681ccd086492a61a6.mov\" autoplay=\"\" controls=\"\" playsinline=\"\" controlsList=\"nodownload\"><\/video>\n\t\t\t\t<\/div>\n\t\t\t\t\t\t<\/div>\n\t\t\t\t<\/div>\n\t\t\t\t\t<\/div>\n\t\t<\/div>\n\t\t\t\t\t<\/div>\n\t\t<\/section>\n\t\t\t\t<section class=\"elementor-section elementor-top-section elementor-element elementor-element-1e6fb2d elementor-section-boxed elementor-section-height-default elementor-section-height-default\" data-id=\"1e6fb2d\" data-element_type=\"section\" data-e-type=\"section\">\n\t\t\t\t\t\t<div class=\"elementor-container elementor-column-gap-default\">\n\t\t\t\t\t<div class=\"elementor-column elementor-col-100 elementor-top-column elementor-element elementor-element-4924dc5\" data-id=\"4924dc5\" data-element_type=\"column\" data-e-type=\"column\">\n\t\t\t<div class=\"elementor-widget-wrap elementor-element-populated\">\n\t\t\t\t\t\t<div class=\"elementor-element elementor-element-b2173ce elementor-widget-divider--view-line elementor-widget elementor-widget-divider\" data-id=\"b2173ce\" data-element_type=\"widget\" data-e-type=\"widget\" data-widget_type=\"divider.default\">\n\t\t\t\t<div class=\"elementor-widget-container\">\n\t\t\t\t\t\t\t<div class=\"elementor-divider\">\n\t\t\t<span class=\"elementor-divider-separator\">\n\t\t\t\t\t\t<\/span>\n\t\t<\/div>\n\t\t\t\t\t\t<\/div>\n\t\t\t\t<\/div>\n\t\t\t\t\t<\/div>\n\t\t<\/div>\n\t\t\t\t\t<\/div>\n\t\t<\/section>\n\t\t\t\t<\/div>\n\t\t","protected":false},"excerpt":{"rendered":"<p>http:\/\/judobernanos.com\/wordpressloevan\/wp-content\/uploads\/2021\/11\/cb8d7a2861f34fdeb5d6209838573da2.mov Bilan du premier tournoi du circuit r\u00e9gional cadets : sur les trois cadets pr\u00e9sents, deux sortent des poules qualificatives pour aller en tableau. Bixente par manque de confiance ou de rep\u00e8res n\u2019y arrive pas mais cela servira de base de travail et de motivation pour la suite. Enzo et Sacha n\u2019arrivent pas \u00e0 se&hellip;&nbsp;<a href=\"https:\/\/judobernanos.com\/wordpressloevan\/les-competitions-reprennent-pour-nos-cadets\/\" rel=\"bookmark\"><span class=\"screen-reader-text\">Les comp\u00e9titions reprennent pour nos cadets<\/span><\/a><\/p>\n","protected":false},"author":1,"featured_media":0,"comment_status":"closed","ping_status":"","sticky":false,"template":"","format":"standard","meta":{"_monsterinsights_skip_tracking":false,"_monsterinsights_sitenote_active":false,"_monsterinsights_sitenote_note":"","_monsterinsights_sitenote_category":0,"neve_meta_sidebar":"","neve_meta_container":"","neve_meta_enable_content_width":"","neve_meta_content_width":0,"neve_meta_title_alignment":"","neve_meta_author_avatar":"","neve_post_elements_order":"","neve_meta_disable_header":"","neve_meta_disable_footer":"","neve_meta_disable_title":"","footnotes":""},"categories":[1],"tags":[],"class_list":["post-3424","post","type-post","status-publish","format-standard","hentry","category-non-classe"],"yoast_head":"<!-- This site is optimized with the Yoast SEO plugin v27.5 - https:\/\/yoast.com\/product\/yoast-seo-wordpress\/ -->\n<title>Les comp\u00e9titions reprennent pour nos cadets - JUDO BERNANOS<\/title>\n<meta name=\"description\" content=\"Les comp\u00e9titions reprennent pour nos cadets\" \/>\n<meta name=\"robots\" content=\"index, follow, max-snippet:-1, max-image-preview:large, max-video-preview:-1\" \/>\n<link rel=\"canonical\" href=\"https:\/\/judobernanos.com\/wordpressloevan\/les-competitions-reprennent-pour-nos-cadets\/\" \/>\n<meta property=\"og:locale\" content=\"fr_FR\" \/>\n<meta property=\"og:type\" content=\"article\" \/>\n<meta property=\"og:title\" content=\"Les comp\u00e9titions reprennent pour nos cadets - JUDO BERNANOS\" \/>\n<meta property=\"og:description\" content=\"Les comp\u00e9titions reprennent pour nos cadets\" \/>\n<meta property=\"og:url\" content=\"https:\/\/judobernanos.com\/wordpressloevan\/les-competitions-reprennent-pour-nos-cadets\/\" \/>\n<meta property=\"og:site_name\" content=\"JUDO BERNANOS\" \/>\n<meta property=\"article:publisher\" content=\"https:\/\/www.facebook.com\/judobernanos\" \/>\n<meta property=\"article:published_time\" content=\"2021-11-21T10:44:18+00:00\" \/>\n<meta property=\"article:modified_time\" content=\"2021-11-21T10:49:39+00:00\" \/>\n<meta property=\"og:image\" content=\"https:\/\/judobernanos.com\/wordpressloevan\/wp-content\/uploads\/2023\/03\/2db09dc8-1e39-4d08-9f9f-96fdd1a2b336-2.jpg\" \/>\n\t<meta property=\"og:image:width\" content=\"1595\" \/>\n\t<meta property=\"og:image:height\" content=\"671\" \/>\n\t<meta property=\"og:image:type\" content=\"image\/jpeg\" \/>\n<meta name=\"author\" content=\"2LC PRODUCTION\" \/>\n<meta name=\"twitter:card\" content=\"summary_large_image\" \/>\n<meta name=\"twitter:label1\" content=\"\u00c9crit par\" \/>\n\t<meta name=\"twitter:data1\" content=\"2LC PRODUCTION\" \/>\n\t<meta name=\"twitter:label2\" content=\"Dur\u00e9e de lecture estim\u00e9e\" \/>\n\t<meta name=\"twitter:data2\" content=\"1 minute\" \/>\n<script type=\"application\/ld+json\" class=\"yoast-schema-graph\">{\"@context\":\"https:\\\/\\\/schema.org\",\"@graph\":[{\"@type\":\"NewsArticle\",\"@id\":\"https:\\\/\\\/judobernanos.com\\\/wordpressloevan\\\/les-competitions-reprennent-pour-nos-cadets\\\/#article\",\"isPartOf\":{\"@id\":\"https:\\\/\\\/judobernanos.com\\\/wordpressloevan\\\/les-competitions-reprennent-pour-nos-cadets\\\/\"},\"author\":{\"name\":\"2LC PRODUCTION\",\"@id\":\"https:\\\/\\\/judobernanos.com\\\/wordpressloevan\\\/#\\\/schema\\\/person\\\/f86d6ca3df5a00fc051374fbaefe9c4b\"},\"headline\":\"Les comp\u00e9titions reprennent pour nos cadets\",\"datePublished\":\"2021-11-21T10:44:18+00:00\",\"dateModified\":\"2021-11-21T10:49:39+00:00\",\"mainEntityOfPage\":{\"@id\":\"https:\\\/\\\/judobernanos.com\\\/wordpressloevan\\\/les-competitions-reprennent-pour-nos-cadets\\\/\"},\"wordCount\":135,\"publisher\":{\"@id\":\"https:\\\/\\\/judobernanos.com\\\/wordpressloevan\\\/#organization\"},\"inLanguage\":\"fr-FR\"},{\"@type\":\"WebPage\",\"@id\":\"https:\\\/\\\/judobernanos.com\\\/wordpressloevan\\\/les-competitions-reprennent-pour-nos-cadets\\\/\",\"url\":\"https:\\\/\\\/judobernanos.com\\\/wordpressloevan\\\/les-competitions-reprennent-pour-nos-cadets\\\/\",\"name\":\"Les comp\u00e9titions reprennent pour nos cadets - JUDO BERNANOS\",\"isPartOf\":{\"@id\":\"https:\\\/\\\/judobernanos.com\\\/wordpressloevan\\\/#website\"},\"datePublished\":\"2021-11-21T10:44:18+00:00\",\"dateModified\":\"2021-11-21T10:49:39+00:00\",\"description\":\"Les comp\u00e9titions reprennent pour nos cadets\",\"breadcrumb\":{\"@id\":\"https:\\\/\\\/judobernanos.com\\\/wordpressloevan\\\/les-competitions-reprennent-pour-nos-cadets\\\/#breadcrumb\"},\"inLanguage\":\"fr-FR\",\"potentialAction\":[{\"@type\":\"ReadAction\",\"target\":[\"https:\\\/\\\/judobernanos.com\\\/wordpressloevan\\\/les-competitions-reprennent-pour-nos-cadets\\\/\"]}]},{\"@type\":\"BreadcrumbList\",\"@id\":\"https:\\\/\\\/judobernanos.com\\\/wordpressloevan\\\/les-competitions-reprennent-pour-nos-cadets\\\/#breadcrumb\",\"itemListElement\":[{\"@type\":\"ListItem\",\"position\":1,\"name\":\"Accueil\",\"item\":\"https:\\\/\\\/judobernanos.com\\\/wordpressloevan\\\/\"},{\"@type\":\"ListItem\",\"position\":2,\"name\":\"Les comp\u00e9titions reprennent pour nos cadets\"}]},{\"@type\":\"WebSite\",\"@id\":\"https:\\\/\\\/judobernanos.com\\\/wordpressloevan\\\/#website\",\"url\":\"https:\\\/\\\/judobernanos.com\\\/wordpressloevan\\\/\",\"name\":\"JUDO BERNANOS\",\"description\":\"Le plus ancien club de judo havrais encore en activit\u00e9 .. Depuis 1968\",\"publisher\":{\"@id\":\"https:\\\/\\\/judobernanos.com\\\/wordpressloevan\\\/#organization\"},\"potentialAction\":[{\"@type\":\"SearchAction\",\"target\":{\"@type\":\"EntryPoint\",\"urlTemplate\":\"https:\\\/\\\/judobernanos.com\\\/wordpressloevan\\\/?s={search_term_string}\"},\"query-input\":{\"@type\":\"PropertyValueSpecification\",\"valueRequired\":true,\"valueName\":\"search_term_string\"}}],\"inLanguage\":\"fr-FR\"},{\"@type\":\"Organization\",\"@id\":\"https:\\\/\\\/judobernanos.com\\\/wordpressloevan\\\/#organization\",\"name\":\"Foyer G. Bernanos - Le Havre\",\"alternateName\":\"Judo Bernanos\",\"url\":\"https:\\\/\\\/judobernanos.com\\\/wordpressloevan\\\/\",\"logo\":{\"@type\":\"ImageObject\",\"inLanguage\":\"fr-FR\",\"@id\":\"https:\\\/\\\/judobernanos.com\\\/wordpressloevan\\\/#\\\/schema\\\/logo\\\/image\\\/\",\"url\":\"https:\\\/\\\/judobernanos.com\\\/wordpressloevan\\\/wp-content\\\/uploads\\\/2022\\\/01\\\/cropped-cropped-cropped-IMG_7125.png\",\"contentUrl\":\"https:\\\/\\\/judobernanos.com\\\/wordpressloevan\\\/wp-content\\\/uploads\\\/2022\\\/01\\\/cropped-cropped-cropped-IMG_7125.png\",\"width\":240,\"height\":240,\"caption\":\"Foyer G. Bernanos - Le Havre\"},\"image\":{\"@id\":\"https:\\\/\\\/judobernanos.com\\\/wordpressloevan\\\/#\\\/schema\\\/logo\\\/image\\\/\"},\"sameAs\":[\"https:\\\/\\\/www.facebook.com\\\/judobernanos\",\"https:\\\/\\\/www.instagram.com\\\/bernanos.judo\\\/\",\"https:\\\/\\\/www.youtube.com\\\/channel\\\/UC0ZX9zVT2ICb4Hi63_B9Vfg\"]},{\"@type\":\"Person\",\"@id\":\"https:\\\/\\\/judobernanos.com\\\/wordpressloevan\\\/#\\\/schema\\\/person\\\/f86d6ca3df5a00fc051374fbaefe9c4b\",\"name\":\"2LC PRODUCTION\",\"image\":{\"@type\":\"ImageObject\",\"inLanguage\":\"fr-FR\",\"@id\":\"https:\\\/\\\/secure.gravatar.com\\\/avatar\\\/1fef15fe76895241c9a181c7f4695d8d8150598584cecf50ff7ec35da070b3f3?s=96&d=blank&r=g\",\"url\":\"https:\\\/\\\/secure.gravatar.com\\\/avatar\\\/1fef15fe76895241c9a181c7f4695d8d8150598584cecf50ff7ec35da070b3f3?s=96&d=blank&r=g\",\"contentUrl\":\"https:\\\/\\\/secure.gravatar.com\\\/avatar\\\/1fef15fe76895241c9a181c7f4695d8d8150598584cecf50ff7ec35da070b3f3?s=96&d=blank&r=g\",\"caption\":\"2LC PRODUCTION\"},\"sameAs\":[\"http:\\\/\\\/judobernanos.com\\\/wordpressloevan\"],\"url\":\"https:\\\/\\\/judobernanos.com\\\/wordpressloevan\\\/author\\\/lolo_lcd\\\/\"}]}<\/script>\n<!-- \/ Yoast SEO plugin. -->","yoast_head_json":{"title":"Les comp\u00e9titions reprennent pour nos cadets - JUDO BERNANOS","description":"Les comp\u00e9titions reprennent pour nos cadets","robots":{"index":"index","follow":"follow","max-snippet":"max-snippet:-1","max-image-preview":"max-image-preview:large","max-video-preview":"max-video-preview:-1"},"canonical":"https:\/\/judobernanos.com\/wordpressloevan\/les-competitions-reprennent-pour-nos-cadets\/","og_locale":"fr_FR","og_type":"article","og_title":"Les comp\u00e9titions reprennent pour nos cadets - JUDO BERNANOS","og_description":"Les comp\u00e9titions reprennent pour nos cadets","og_url":"https:\/\/judobernanos.com\/wordpressloevan\/les-competitions-reprennent-pour-nos-cadets\/","og_site_name":"JUDO BERNANOS","article_publisher":"https:\/\/www.facebook.com\/judobernanos","article_published_time":"2021-11-21T10:44:18+00:00","article_modified_time":"2021-11-21T10:49:39+00:00","og_image":[{"width":1595,"height":671,"url":"https:\/\/judobernanos.com\/wordpressloevan\/wp-content\/uploads\/2023\/03\/2db09dc8-1e39-4d08-9f9f-96fdd1a2b336-2.jpg","type":"image\/jpeg"}],"author":"2LC PRODUCTION","twitter_card":"summary_large_image","twitter_misc":{"\u00c9crit par":"2LC PRODUCTION","Dur\u00e9e de lecture estim\u00e9e":"1 minute"},"schema":{"@context":"https:\/\/schema.org","@graph":[{"@type":"NewsArticle","@id":"https:\/\/judobernanos.com\/wordpressloevan\/les-competitions-reprennent-pour-nos-cadets\/#article","isPartOf":{"@id":"https:\/\/judobernanos.com\/wordpressloevan\/les-competitions-reprennent-pour-nos-cadets\/"},"author":{"name":"2LC PRODUCTION","@id":"https:\/\/judobernanos.com\/wordpressloevan\/#\/schema\/person\/f86d6ca3df5a00fc051374fbaefe9c4b"},"headline":"Les comp\u00e9titions reprennent pour nos cadets","datePublished":"2021-11-21T10:44:18+00:00","dateModified":"2021-11-21T10:49:39+00:00","mainEntityOfPage":{"@id":"https:\/\/judobernanos.com\/wordpressloevan\/les-competitions-reprennent-pour-nos-cadets\/"},"wordCount":135,"publisher":{"@id":"https:\/\/judobernanos.com\/wordpressloevan\/#organization"},"inLanguage":"fr-FR"},{"@type":"WebPage","@id":"https:\/\/judobernanos.com\/wordpressloevan\/les-competitions-reprennent-pour-nos-cadets\/","url":"https:\/\/judobernanos.com\/wordpressloevan\/les-competitions-reprennent-pour-nos-cadets\/","name":"Les comp\u00e9titions reprennent pour nos cadets - JUDO BERNANOS","isPartOf":{"@id":"https:\/\/judobernanos.com\/wordpressloevan\/#website"},"datePublished":"2021-11-21T10:44:18+00:00","dateModified":"2021-11-21T10:49:39+00:00","description":"Les comp\u00e9titions reprennent pour nos cadets","breadcrumb":{"@id":"https:\/\/judobernanos.com\/wordpressloevan\/les-competitions-reprennent-pour-nos-cadets\/#breadcrumb"},"inLanguage":"fr-FR","potentialAction":[{"@type":"ReadAction","target":["https:\/\/judobernanos.com\/wordpressloevan\/les-competitions-reprennent-pour-nos-cadets\/"]}]},{"@type":"BreadcrumbList","@id":"https:\/\/judobernanos.com\/wordpressloevan\/les-competitions-reprennent-pour-nos-cadets\/#breadcrumb","itemListElement":[{"@type":"ListItem","position":1,"name":"Accueil","item":"https:\/\/judobernanos.com\/wordpressloevan\/"},{"@type":"ListItem","position":2,"name":"Les comp\u00e9titions reprennent pour nos cadets"}]},{"@type":"WebSite","@id":"https:\/\/judobernanos.com\/wordpressloevan\/#website","url":"https:\/\/judobernanos.com\/wordpressloevan\/","name":"JUDO BERNANOS","description":"Le plus ancien club de judo havrais encore en activit\u00e9 .. Depuis 1968","publisher":{"@id":"https:\/\/judobernanos.com\/wordpressloevan\/#organization"},"potentialAction":[{"@type":"SearchAction","target":{"@type":"EntryPoint","urlTemplate":"https:\/\/judobernanos.com\/wordpressloevan\/?s={search_term_string}"},"query-input":{"@type":"PropertyValueSpecification","valueRequired":true,"valueName":"search_term_string"}}],"inLanguage":"fr-FR"},{"@type":"Organization","@id":"https:\/\/judobernanos.com\/wordpressloevan\/#organization","name":"Foyer G. Bernanos - Le Havre","alternateName":"Judo Bernanos","url":"https:\/\/judobernanos.com\/wordpressloevan\/","logo":{"@type":"ImageObject","inLanguage":"fr-FR","@id":"https:\/\/judobernanos.com\/wordpressloevan\/#\/schema\/logo\/image\/","url":"https:\/\/judobernanos.com\/wordpressloevan\/wp-content\/uploads\/2022\/01\/cropped-cropped-cropped-IMG_7125.png","contentUrl":"https:\/\/judobernanos.com\/wordpressloevan\/wp-content\/uploads\/2022\/01\/cropped-cropped-cropped-IMG_7125.png","width":240,"height":240,"caption":"Foyer G. Bernanos - Le Havre"},"image":{"@id":"https:\/\/judobernanos.com\/wordpressloevan\/#\/schema\/logo\/image\/"},"sameAs":["https:\/\/www.facebook.com\/judobernanos","https:\/\/www.instagram.com\/bernanos.judo\/","https:\/\/www.youtube.com\/channel\/UC0ZX9zVT2ICb4Hi63_B9Vfg"]},{"@type":"Person","@id":"https:\/\/judobernanos.com\/wordpressloevan\/#\/schema\/person\/f86d6ca3df5a00fc051374fbaefe9c4b","name":"2LC PRODUCTION","image":{"@type":"ImageObject","inLanguage":"fr-FR","@id":"https:\/\/secure.gravatar.com\/avatar\/1fef15fe76895241c9a181c7f4695d8d8150598584cecf50ff7ec35da070b3f3?s=96&d=blank&r=g","url":"https:\/\/secure.gravatar.com\/avatar\/1fef15fe76895241c9a181c7f4695d8d8150598584cecf50ff7ec35da070b3f3?s=96&d=blank&r=g","contentUrl":"https:\/\/secure.gravatar.com\/avatar\/1fef15fe76895241c9a181c7f4695d8d8150598584cecf50ff7ec35da070b3f3?s=96&d=blank&r=g","caption":"2LC PRODUCTION"},"sameAs":["http:\/\/judobernanos.com\/wordpressloevan"],"url":"https:\/\/judobernanos.com\/wordpressloevan\/author\/lolo_lcd\/"}]}},"jetpack_featured_media_url":"","_links":{"self":[{"href":"https:\/\/judobernanos.com\/wordpressloevan\/wp-json\/wp\/v2\/posts\/3424","targetHints":{"allow":["GET"]}}],"collection":[{"href":"https:\/\/judobernanos.com\/wordpressloevan\/wp-json\/wp\/v2\/posts"}],"about":[{"href":"https:\/\/judobernanos.com\/wordpressloevan\/wp-json\/wp\/v2\/types\/post"}],"author":[{"embeddable":true,"href":"https:\/\/judobernanos.com\/wordpressloevan\/wp-json\/wp\/v2\/users\/1"}],"replies":[{"embeddable":true,"href":"https:\/\/judobernanos.com\/wordpressloevan\/wp-json\/wp\/v2\/comments?post=3424"}],"version-history":[{"count":3,"href":"https:\/\/judobernanos.com\/wordpressloevan\/wp-json\/wp\/v2\/posts\/3424\/revisions"}],"predecessor-version":[{"id":3431,"href":"https:\/\/judobernanos.com\/wordpressloevan\/wp-json\/wp\/v2\/posts\/3424\/revisions\/3431"}],"wp:attachment":[{"href":"https:\/\/judobernanos.com\/wordpressloevan\/wp-json\/wp\/v2\/media?parent=3424"}],"wp:term":[{"taxonomy":"category","embeddable":true,"href":"https:\/\/judobernanos.com\/wordpressloevan\/wp-json\/wp\/v2\/categories?post=3424"},{"taxonomy":"post_tag","embeddable":true,"href":"https:\/\/judobernanos.com\/wordpressloevan\/wp-json\/wp\/v2\/tags?post=3424"}],"curies":[{"name":"wp","href":"https:\/\/api.w.org\/{rel}","templated":true}]}}